{"id":21429,"date":"2022-11-14T12:43:25","date_gmt":"2022-11-14T11:43:25","guid":{"rendered":"https:\/\/slaskipegaz.bs.katowice.pl\/?p=21429"},"modified":"2022-11-14T12:43:25","modified_gmt":"2022-11-14T11:43:25","slug":"relacja-ksiaznica-beskidzka-w-bielsku-bialej-152","status":"publish","type":"post","link":"https:\/\/slaskipegaz.bs.katowice.pl\/?p=21429","title":{"rendered":"[Relacja] KSIA\u017bNICA BESKIDZKA W BIELSKU-BIA\u0141EJ"},"content":{"rendered":"\n<div class=\"wp-block-media-text alignwide is-stacked-on-mobile\" style=\"grid-template-columns:18% auto\"><figure class=\"wp-block-media-text__media\"><img loading=\"lazy\" decoding=\"async\" width=\"719\" height=\"1024\" src=\"https:\/\/slaskipegaz.bs.katowice.pl\/wp-content\/uploads\/2022\/11\/20220527_090227-719x1024.jpg\" alt=\"\" class=\"wp-image-21437\" srcset=\"https:\/\/slaskipegaz.bs.katowice.pl\/wp-content\/uploads\/2022\/11\/20220527_090227-719x1024.jpg 719w, https:\/\/slaskipegaz.bs.katowice.pl\/wp-content\/uploads\/2022\/11\/20220527_090227-211x300.jpg 211w, https:\/\/slaskipegaz.bs.katowice.pl\/wp-content\/uploads\/2022\/11\/20220527_090227-768x1093.jpg 768w, https:\/\/slaskipegaz.bs.katowice.pl\/wp-content\/uploads\/2022\/11\/20220527_090227-1079x1536.jpg 1079w, https:\/\/slaskipegaz.bs.katowice.pl\/wp-content\/uploads\/2022\/11\/20220527_090227-1439x2048.jpg 1439w, https:\/\/slaskipegaz.bs.katowice.pl\/wp-content\/uploads\/2022\/11\/20220527_090227-scaled.jpg 1799w\" sizes=\"auto, (max-width: 719px) 100vw, 719px\" \/><\/figure><div class=\"wp-block-media-text__content\">\n<p class=\"has-medium-font-size\">27 maja 2022 roku w Ksi\u0105\u017cnicy Beskidzkiej odby\u0142o si\u0119 kolejne szkolenie<br>w ramach projektu <em>Bo jak nie bibliotekarz, to kto?<\/em>, kt\u00f3ry biblioteka realizuje w 2022 roku<br>w ramach programu \u201ePartnerstwo dla ksi\u0105\u017cki 2022\u201d dofinansowanego ze \u015brodk\u00f3w Ministra Kultury i Dziedzictwa Narodowego pochodz\u0105cych z Funduszu Promocji Kultury. Tym razem \u00a0bibliotekarze pracuj\u0105cy w Ksi\u0105\u017cnicy Beskidzkiej oraz gminnych bibliotekach publicznych powiatu bielskiego byli uczestnikami warsztat\u00f3w <em>Biblioteka na Instagramie \u2013 jakie zdj\u0119cia wrzuca\u0107, kiedy publikowa\u0107, zdobywanie followers\u00f3w, budowanie relacji z m\u0142odym czytelnikiem.<\/em><\/p>\n\n\n\n<!--more-->\n<\/div><\/div>\n\n\n\n<p><\/p>\n\n\n\n<p>Szkolenie poprowadzi\u0142 \u0141ukasz Braun, specjalista z zakresu marketingu cyfrowego<br>i promocji wdra\u017cania nowych technologii oraz narz\u0119dzi komunikacji w instytucjach kultury. Absolwent etnologii i antropologii kulturowej oraz Doktoranckich Studi\u00f3w Nauk o Kulturze na Uniwersytecie Wroc\u0142awskim. Do\u015bwiadczenie w sferze marketingu cyfrowego zdoby\u0142 jako wieloletni szef dzia\u0142u PR i marketingu we wroc\u0142awskiej Hali Stulecia. Obecnie stuprocentowo zaanga\u017cowany w prac\u0119 na rzecz Good Books.<\/p>\n\n\n\n<p>Podczas warsztat\u00f3w uczestnikom pokazano w jaki spos\u00f3b najefektywniej korzysta\u0107<br>z Instagrama, prowadz\u0105c profil instytucji kultury. W pierwszej kolejno\u015bci zosta\u0142 przedstawiony Instagram na tle innych, popularnych medi\u00f3w spo\u0142eczno\u015bciowych &#8211; kr\u00f3tkie zestawienie danych statystycznych i rosn\u0105ca popularno\u015b\u0107 IG w kontrze do pozosta\u0142ych <em>social media<\/em>. <\/p>\n\n\n\n<p>Szkol\u0105cy si\u0119 bibliotekarze zostali poprowadzeni przez wszystkie podstawowe etapy: pocz\u0105wszy od za\u0142o\u017cenia profilu na IG (z po\u0142o\u017ceniem akcent\u00f3w na odpowiednie ustawienia profilowe) po umieszczanie post\u00f3w, relacji oraz tworzenie rolek. W trakcie nauki praktycznej, opr\u00f3cz podstawowych i najpopularniejszych narz\u0119dzi do obs\u0142ugi Instagrama, zosta\u0142y r\u00f3wnie\u017c pokazane bezp\u0142atne aplikacje przydatne do tworzenia atrakcyjnych tre\u015bci na profil (Canva, VN Video Editor Maker, Grid Maker). Podczas szkolenia prowadz\u0105cy na bie\u017c\u0105co analizowa\u0142 przyk\u0142ady dobrych i z\u0142ych praktyk stosowanych przez biblioteki aktywne w mediach spo\u0142eczno\u015bciowych. Dzi\u0119ki warsztatom bibliotekarze nauczyli si\u0119 podstaw prowadzenia konta na Instagramie, jakie tre\u015bci (i w jakiej formie) umieszcza\u0107 na profilu, by by\u0142y atrakcyjne dla potencjalnych <em>followers\u00f3w<\/em> oraz wjaki spos\u00f3b zbudowa\u0107 trwa\u0142e relacje z u\u017cytkownikami prowadzonego profilu.\u00a0 Poznali r\u00f3wnie\u017c najnowsze trendy obowi\u0105zuj\u0105ce aktualnie w mediach spo\u0142eczno\u015bciowych.<\/p>\n\n\n\n<figure class=\"wp-block-image size-large\"><img loading=\"lazy\" decoding=\"async\" width=\"1024\" height=\"724\" src=\"https:\/\/slaskipegaz.bs.katowice.pl\/wp-content\/uploads\/2022\/11\/PLAKAT-INSTAGRAM-1024x724.png\" alt=\"\" class=\"wp-image-21440\" srcset=\"https:\/\/slaskipegaz.bs.katowice.pl\/wp-content\/uploads\/2022\/11\/PLAKAT-INSTAGRAM-1024x724.png 1024w, https:\/\/slaskipegaz.bs.katowice.pl\/wp-content\/uploads\/2022\/11\/PLAKAT-INSTAGRAM-300x212.png 300w, https:\/\/slaskipegaz.bs.katowice.pl\/wp-content\/uploads\/2022\/11\/PLAKAT-INSTAGRAM-768x543.png 768w, https:\/\/slaskipegaz.bs.katowice.pl\/wp-content\/uploads\/2022\/11\/PLAKAT-INSTAGRAM-1536x1086.png 1536w, https:\/\/slaskipegaz.bs.katowice.pl\/wp-content\/uploads\/2022\/11\/PLAKAT-INSTAGRAM-2048x1448.png 2048w\" sizes=\"auto, (max-width: 1024px) 100vw, 1024px\" \/><\/figure>\n\n\n\n<p><\/p>\n\n\n\n<p>Nades\u0142a\u0142a: Ksi\u0105\u017cnica Beskidzka<\/p>\n","protected":false},"excerpt":{"rendered":"<p>27 maja 2022 roku w Ksi\u0105\u017cnicy Beskidzkiej odby\u0142o si\u0119 kolejne szkoleniew ramach projektu Bo jak nie bibliotekarz, to kto?, kt\u00f3ry biblioteka realizuje w 2022 rokuw ramach programu \u201ePartnerstwo dla ksi\u0105\u017cki 2022\u201d dofinansowanego ze \u015brodk\u00f3w Ministra Kultury i Dziedzictwa Narodowego pochodz\u0105cych z Funduszu Promocji Kultury. Tym razem \u00a0bibliotekarze pracuj\u0105cy w Ksi\u0105\u017cnicy Beskidzkiej oraz gminnych bibliotekach publicznych &hellip; <a href=\"https:\/\/slaskipegaz.bs.katowice.pl\/?p=21429\" class=\"more-link\">Czytaj dalej <span class=\"screen-reader-text\">[Relacja] KSIA\u017bNICA BESKIDZKA W BIELSKU-BIA\u0141EJ<\/span> <span class=\"meta-nav\">&rarr;<\/span><\/a><\/p>\n","protected":false},"author":3,"featured_media":0,"comment_status":"closed","ping_status":"closed","sticky":false,"template":"","format":"standard","meta":{"_acf_changed":false,"_exactmetrics_skip_tracking":false,"_exactmetrics_sitenote_active":false,"_exactmetrics_sitenote_note":"","_exactmetrics_sitenote_category":0,"footnotes":""},"categories":[6],"tags":[83,1687],"class_list":["post-21429","post","type-post","status-publish","format-standard","hentry","category-aktualnosci","tag-ksiaznica-beskidzka","tag-szkolenia-dla-bibliotekarzy"],"acf":[],"jetpack_featured_media_url":"","_links":{"self":[{"href":"https:\/\/slaskipegaz.bs.katowice.pl\/index.php?rest_route=\/wp\/v2\/posts\/21429","targetHints":{"allow":["GET"]}}],"collection":[{"href":"https:\/\/slaskipegaz.bs.katowice.pl\/index.php?rest_route=\/wp\/v2\/posts"}],"about":[{"href":"https:\/\/slaskipegaz.bs.katowice.pl\/index.php?rest_route=\/wp\/v2\/types\/post"}],"author":[{"embeddable":true,"href":"https:\/\/slaskipegaz.bs.katowice.pl\/index.php?rest_route=\/wp\/v2\/users\/3"}],"replies":[{"embeddable":true,"href":"https:\/\/slaskipegaz.bs.katowice.pl\/index.php?rest_route=%2Fwp%2Fv2%2Fcomments&post=21429"}],"version-history":[{"count":1,"href":"https:\/\/slaskipegaz.bs.katowice.pl\/index.php?rest_route=\/wp\/v2\/posts\/21429\/revisions"}],"predecessor-version":[{"id":21441,"href":"https:\/\/slaskipegaz.bs.katowice.pl\/index.php?rest_route=\/wp\/v2\/posts\/21429\/revisions\/21441"}],"wp:attachment":[{"href":"https:\/\/slaskipegaz.bs.katowice.pl\/index.php?rest_route=%2Fwp%2Fv2%2Fmedia&parent=21429"}],"wp:term":[{"taxonomy":"category","embeddable":true,"href":"https:\/\/slaskipegaz.bs.katowice.pl\/index.php?rest_route=%2Fwp%2Fv2%2Fcategories&post=21429"},{"taxonomy":"post_tag","embeddable":true,"href":"https:\/\/slaskipegaz.bs.katowice.pl\/index.php?rest_route=%2Fwp%2Fv2%2Ftags&post=21429"}],"curies":[{"name":"wp","href":"https:\/\/api.w.org\/{rel}","templated":true}]}}