{"id":21496,"date":"2023-03-02T08:44:41","date_gmt":"2023-03-02T07:44:41","guid":{"rendered":"https:\/\/slaskipegaz.bs.katowice.pl\/?p=21496"},"modified":"2023-03-02T08:56:01","modified_gmt":"2023-03-02T07:56:01","slug":"zapowiedz-miejska-biblioteka-publiczna-w-czechowicach-dziedzicach-9","status":"publish","type":"post","link":"https:\/\/slaskipegaz.bs.katowice.pl\/?p=21496","title":{"rendered":"[Zapowied\u017a] MIEJSKA BIBLIOTEKA PUBLICZNA W CZECHOWICACH-DZIEDZICACH"},"content":{"rendered":"\n<div class=\"wp-block-media-text alignwide is-stacked-on-mobile\" style=\"grid-template-columns:33% auto\"><figure class=\"wp-block-media-text__media\"><img loading=\"lazy\" decoding=\"async\" width=\"717\" height=\"1024\" src=\"https:\/\/slaskipegaz.bs.katowice.pl\/wp-content\/uploads\/2023\/03\/Plakat-konferencja-717x1024.jpg\" alt=\"\" class=\"wp-image-21497\" srcset=\"https:\/\/slaskipegaz.bs.katowice.pl\/wp-content\/uploads\/2023\/03\/Plakat-konferencja-717x1024.jpg 717w, https:\/\/slaskipegaz.bs.katowice.pl\/wp-content\/uploads\/2023\/03\/Plakat-konferencja-210x300.jpg 210w, https:\/\/slaskipegaz.bs.katowice.pl\/wp-content\/uploads\/2023\/03\/Plakat-konferencja-768x1097.jpg 768w, https:\/\/slaskipegaz.bs.katowice.pl\/wp-content\/uploads\/2023\/03\/Plakat-konferencja-1075x1536.jpg 1075w, https:\/\/slaskipegaz.bs.katowice.pl\/wp-content\/uploads\/2023\/03\/Plakat-konferencja-1434x2048.jpg 1434w, https:\/\/slaskipegaz.bs.katowice.pl\/wp-content\/uploads\/2023\/03\/Plakat-konferencja-scaled.jpg 1792w\" sizes=\"auto, (max-width: 717px) 100vw, 717px\" \/><\/figure><div class=\"wp-block-media-text__content\">\n<p><strong>Konferencja \u201eNasz kobiecy \u015bwiat\u201d<\/strong><\/p>\n\n\n\n<p class=\"has-text-align-left\">W dniach 10-11 marca 2023 r. czechowicka biblioteka zaprasza serdecznie do wsp\u00f3lnego \u015bwi\u0119towania Dnia Kobiet. Ju\u017c po raz si\u00f3dmy organizujemy wydarzenia w ramach konferencji \u201eNasz kobiecy \u015bwiat\u201d. Motywem przewodnim tegorocznej edycji b\u0119dzie moda na zdrowie.<\/p>\n\n\n\n<p class=\"has-text-align-left\">10 marca w godz. 15.30-19.00 w sali spotka\u0144 MBP przy ulicy Paderewskiego 3 zorganizowana zostanie STREFA KOBIET, w kt\u00f3rej opr\u00f3cz kawy i ma\u0142ego, s\u0142odkiego co \u201enieco\u201d na wszystkie Panie czeka\u0107 b\u0119dzie\u2026  Agnieszka \u0141yko \u2013 projektantka mody i stylistka. Opr\u00f3cz u\u015bmiech\u00f3w, nasz go\u015b\u0107 zaserwuje porady modowe oraz analiz\u0119 kolorystyczn\u0105 i sylwetki. Ka\u017cda z Pa\u0144 mo\u017ce liczy\u0107 na indywidualne konsultacje. Taka okazja nie zdarza si\u0119 cz\u0119sto, tym bardziej zach\u0119camy do udzia\u0142u!<\/p>\n\n\n\n<p class=\"has-text-align-left\">Z kolei 11 marca o godz. 17.00 zapraszamy do Centrum Handlowego Stara Kablownia (poziom 0),&nbsp;na wyk\u0142ad pn. \u201eZmiana nawyk\u00f3w \u017cywieniowych kluczem do zdrowia i sylwetki\u201d. Prelekcj\u0119 poprowadzi Dawid Lizak \u2013 Tw\u00f3j Trener i Dietetyk. Serdecznie polecamy Waszej uwadze to spotkanie pe\u0142ne \u017cywieniowych i treningowych inspiracji.<\/p>\n\n\n\n<p class=\"has-text-align-left\">Udzia\u0142 w wydarzeniach w ramach konferencji jest bezp\u0142atny. Na sobotni wyk\u0142ad obowi\u0105zuj\u0105 zapisy&nbsp;w Dziale Promocji Biblioteki \u2013 telefonicznie: 32&nbsp;215 30 34 lub mailowo: <a href=\"mailto:m.wygoda@mbp.czechowice-dziedzice.pl\">m.wygoda@mbp.czechowice-dziedzice.pl<\/a>. Liczba miejsc ograniczona. Nie czekaj i zg\u0142o\u015b sw\u00f3j udzia\u0142 ju\u017c dzi\u015b!<\/p>\n<\/div><\/div>\n","protected":false},"excerpt":{"rendered":"<p>Konferencja \u201eNasz kobiecy \u015bwiat\u201d W dniach 10-11 marca 2023 r. czechowicka biblioteka zaprasza serdecznie do wsp\u00f3lnego \u015bwi\u0119towania Dnia Kobiet. Ju\u017c po raz si\u00f3dmy organizujemy wydarzenia w ramach konferencji \u201eNasz kobiecy \u015bwiat\u201d. Motywem przewodnim tegorocznej edycji b\u0119dzie moda na zdrowie. 10 marca w godz. 15.30-19.00 w sali spotka\u0144 MBP przy ulicy Paderewskiego 3 zorganizowana zostanie STREFA &hellip; <a href=\"https:\/\/slaskipegaz.bs.katowice.pl\/?p=21496\" class=\"more-link\">Czytaj dalej <span class=\"screen-reader-text\">[Zapowied\u017a] MIEJSKA BIBLIOTEKA PUBLICZNA W CZECHOWICACH-DZIEDZICACH<\/span> <span class=\"meta-nav\">&rarr;<\/span><\/a><\/p>\n","protected":false},"author":2,"featured_media":0,"comment_status":"closed","ping_status":"closed","sticky":false,"template":"","format":"standard","meta":{"_acf_changed":false,"_exactmetrics_skip_tracking":false,"_exactmetrics_sitenote_active":false,"_exactmetrics_sitenote_note":"","_exactmetrics_sitenote_category":0,"footnotes":""},"categories":[6],"tags":[108],"class_list":["post-21496","post","type-post","status-publish","format-standard","hentry","category-aktualnosci","tag-miejska-biblioteka-publiczna-w-czechowicach-dziedzicach"],"acf":[],"jetpack_featured_media_url":"","_links":{"self":[{"href":"https:\/\/slaskipegaz.bs.katowice.pl\/index.php?rest_route=\/wp\/v2\/posts\/21496","targetHints":{"allow":["GET"]}}],"collection":[{"href":"https:\/\/slaskipegaz.bs.katowice.pl\/index.php?rest_route=\/wp\/v2\/posts"}],"about":[{"href":"https:\/\/slaskipegaz.bs.katowice.pl\/index.php?rest_route=\/wp\/v2\/types\/post"}],"author":[{"embeddable":true,"href":"https:\/\/slaskipegaz.bs.katowice.pl\/index.php?rest_route=\/wp\/v2\/users\/2"}],"replies":[{"embeddable":true,"href":"https:\/\/slaskipegaz.bs.katowice.pl\/index.php?rest_route=%2Fwp%2Fv2%2Fcomments&post=21496"}],"version-history":[{"count":3,"href":"https:\/\/slaskipegaz.bs.katowice.pl\/index.php?rest_route=\/wp\/v2\/posts\/21496\/revisions"}],"predecessor-version":[{"id":21503,"href":"https:\/\/slaskipegaz.bs.katowice.pl\/index.php?rest_route=\/wp\/v2\/posts\/21496\/revisions\/21503"}],"wp:attachment":[{"href":"https:\/\/slaskipegaz.bs.katowice.pl\/index.php?rest_route=%2Fwp%2Fv2%2Fmedia&parent=21496"}],"wp:term":[{"taxonomy":"category","embeddable":true,"href":"https:\/\/slaskipegaz.bs.katowice.pl\/index.php?rest_route=%2Fwp%2Fv2%2Fcategories&post=21496"},{"taxonomy":"post_tag","embeddable":true,"href":"https:\/\/slaskipegaz.bs.katowice.pl\/index.php?rest_route=%2Fwp%2Fv2%2Ftags&post=21496"}],"curies":[{"name":"wp","href":"https:\/\/api.w.org\/{rel}","templated":true}]}}