{"id":21606,"date":"2023-11-17T12:45:43","date_gmt":"2023-11-17T11:45:43","guid":{"rendered":"https:\/\/slaskipegaz.bs.katowice.pl\/?p=21606"},"modified":"2023-11-17T12:45:43","modified_gmt":"2023-11-17T11:45:43","slug":"zapowiedz-miejska-biblioteka-publiczna-w-zorach-im-ottona-sterna","status":"publish","type":"post","link":"https:\/\/slaskipegaz.bs.katowice.pl\/?p=21606","title":{"rendered":"[Zapowied\u017a] MIEJSKA BIBLIOTEKA PUBLICZNA W \u017bORACH IM. OTTONA STERNA"},"content":{"rendered":"\n<p><br><\/p>\n\n\n\n<div class=\"wp-block-media-text alignwide is-stacked-on-mobile\"><figure class=\"wp-block-media-text__media\"><img loading=\"lazy\" decoding=\"async\" width=\"1024\" height=\"368\" src=\"https:\/\/slaskipegaz.bs.katowice.pl\/wp-content\/uploads\/2023\/11\/fredronadeskachslider-1024x368.png\" alt=\"\" class=\"wp-image-21609\" srcset=\"https:\/\/slaskipegaz.bs.katowice.pl\/wp-content\/uploads\/2023\/11\/fredronadeskachslider-1024x368.png 1024w, https:\/\/slaskipegaz.bs.katowice.pl\/wp-content\/uploads\/2023\/11\/fredronadeskachslider-300x108.png 300w, https:\/\/slaskipegaz.bs.katowice.pl\/wp-content\/uploads\/2023\/11\/fredronadeskachslider-768x276.png 768w, https:\/\/slaskipegaz.bs.katowice.pl\/wp-content\/uploads\/2023\/11\/fredronadeskachslider.png 1170w\" sizes=\"auto, (max-width: 1024px) 100vw, 1024px\" \/><\/figure><div class=\"wp-block-media-text__content\">\n<p class=\"has-medium-font-size\">Zapraszamy do udzia\u0142u w panelu dyskusyjnym &#8222;Fredro na deskach&#8221;, podczas kt\u00f3rego przybli\u017cony zostanie fenomen tw\u00f3rczo\u015bci Aleksandra Fredry, kt\u00f3rego sztuki grane s\u0105 na teatralnych deskach nieustannie od lat. W panelu dyskusyjnym udzia\u0142 wezm\u0105: Maria Spiss, Grzegorz Krawczyk i Mi\u0142osz Markiewicz, a poprowadzi je Ewa Niewiadomska. Spotkanie odb\u0119dzie si\u0119 w \u015brod\u0119 22 listopada 2023 r. o godzinie 18:00 w Miejskiej Bibliotece Publicznej w \u017borach.<\/p>\n<\/div><\/div>\n\n\n\n<!--more-->\n\n\n\n<p>Udzia\u0142 bezp\u0142atny &#8211; obowi\u0105zuj\u0105 zapisy: <a href=\"mailto:informacja@mbpzory.pl\">informacja@mbpzory.pl<\/a> \/ tel. 32 43 43 197, 32 43 44 584 lub w Informacji &#8211; Recepcji.<br><\/p>\n\n\n\n<div class=\"wp-block-media-text alignwide is-stacked-on-mobile\" style=\"grid-template-columns:31% auto\"><figure class=\"wp-block-media-text__media\"><img loading=\"lazy\" decoding=\"async\" width=\"1024\" height=\"288\" src=\"https:\/\/slaskipegaz.bs.katowice.pl\/wp-content\/uploads\/2023\/10\/Logo-MKiDN-1024x288.png\" alt=\"\" class=\"wp-image-21578\" srcset=\"https:\/\/slaskipegaz.bs.katowice.pl\/wp-content\/uploads\/2023\/10\/Logo-MKiDN-1024x288.png 1024w, https:\/\/slaskipegaz.bs.katowice.pl\/wp-content\/uploads\/2023\/10\/Logo-MKiDN-300x84.png 300w, https:\/\/slaskipegaz.bs.katowice.pl\/wp-content\/uploads\/2023\/10\/Logo-MKiDN-768x216.png 768w, https:\/\/slaskipegaz.bs.katowice.pl\/wp-content\/uploads\/2023\/10\/Logo-MKiDN-1536x432.png 1536w, https:\/\/slaskipegaz.bs.katowice.pl\/wp-content\/uploads\/2023\/10\/Logo-MKiDN.png 1600w\" sizes=\"auto, (max-width: 1024px) 100vw, 1024px\" \/><\/figure><div class=\"wp-block-media-text__content\">\n<p class=\"has-medium-font-size\">Wydarzenie organizowane w ramach projektu &#8222;ALE Fredro&#8221;. Projekt dofinansowano ze \u015brodk\u00f3w Ministra Kultury i Dziedzictwa Narodowego pochodz\u0105cych z Funduszu Promocji Kultury.<\/p>\n<\/div><\/div>\n","protected":false},"excerpt":{"rendered":"<p>Zapraszamy do udzia\u0142u w panelu dyskusyjnym &#8222;Fredro na deskach&#8221;, podczas kt\u00f3rego przybli\u017cony zostanie fenomen tw\u00f3rczo\u015bci Aleksandra Fredry, kt\u00f3rego sztuki grane s\u0105 na teatralnych deskach nieustannie od lat. W panelu dyskusyjnym udzia\u0142 wezm\u0105: Maria Spiss, Grzegorz Krawczyk i Mi\u0142osz Markiewicz, a poprowadzi je Ewa Niewiadomska. Spotkanie odb\u0119dzie si\u0119 w \u015brod\u0119 22 listopada 2023 r. o godzinie &hellip; <a href=\"https:\/\/slaskipegaz.bs.katowice.pl\/?p=21606\" class=\"more-link\">Czytaj dalej <span class=\"screen-reader-text\">[Zapowied\u017a] MIEJSKA BIBLIOTEKA PUBLICZNA W \u017bORACH IM. OTTONA STERNA<\/span> <span class=\"meta-nav\">&rarr;<\/span><\/a><\/p>\n","protected":false},"author":3,"featured_media":0,"comment_status":"closed","ping_status":"closed","sticky":false,"template":"","format":"standard","meta":{"_acf_changed":false,"_exactmetrics_skip_tracking":false,"_exactmetrics_sitenote_active":false,"_exactmetrics_sitenote_note":"","_exactmetrics_sitenote_category":0,"footnotes":""},"categories":[6],"tags":[28,796],"class_list":["post-21606","post","type-post","status-publish","format-standard","hentry","category-aktualnosci","tag-miejska-biblioteka-publiczna-w-zorach","tag-zemsta-aleksander-fredro"],"acf":[],"jetpack_featured_media_url":"","_links":{"self":[{"href":"https:\/\/slaskipegaz.bs.katowice.pl\/index.php?rest_route=\/wp\/v2\/posts\/21606","targetHints":{"allow":["GET"]}}],"collection":[{"href":"https:\/\/slaskipegaz.bs.katowice.pl\/index.php?rest_route=\/wp\/v2\/posts"}],"about":[{"href":"https:\/\/slaskipegaz.bs.katowice.pl\/index.php?rest_route=\/wp\/v2\/types\/post"}],"author":[{"embeddable":true,"href":"https:\/\/slaskipegaz.bs.katowice.pl\/index.php?rest_route=\/wp\/v2\/users\/3"}],"replies":[{"embeddable":true,"href":"https:\/\/slaskipegaz.bs.katowice.pl\/index.php?rest_route=%2Fwp%2Fv2%2Fcomments&post=21606"}],"version-history":[{"count":1,"href":"https:\/\/slaskipegaz.bs.katowice.pl\/index.php?rest_route=\/wp\/v2\/posts\/21606\/revisions"}],"predecessor-version":[{"id":21610,"href":"https:\/\/slaskipegaz.bs.katowice.pl\/index.php?rest_route=\/wp\/v2\/posts\/21606\/revisions\/21610"}],"wp:attachment":[{"href":"https:\/\/slaskipegaz.bs.katowice.pl\/index.php?rest_route=%2Fwp%2Fv2%2Fmedia&parent=21606"}],"wp:term":[{"taxonomy":"category","embeddable":true,"href":"https:\/\/slaskipegaz.bs.katowice.pl\/index.php?rest_route=%2Fwp%2Fv2%2Fcategories&post=21606"},{"taxonomy":"post_tag","embeddable":true,"href":"https:\/\/slaskipegaz.bs.katowice.pl\/index.php?rest_route=%2Fwp%2Fv2%2Ftags&post=21606"}],"curies":[{"name":"wp","href":"https:\/\/api.w.org\/{rel}","templated":true}]}}