{"id":21819,"date":"2024-08-27T11:02:43","date_gmt":"2024-08-27T09:02:43","guid":{"rendered":"https:\/\/slaskipegaz.bs.katowice.pl\/?p=21819"},"modified":"2024-08-27T11:02:43","modified_gmt":"2024-08-27T09:02:43","slug":"zapowiedz-miejska-biblioteka-publiczna-w-gliwicach-14","status":"publish","type":"post","link":"https:\/\/slaskipegaz.bs.katowice.pl\/?p=21819","title":{"rendered":"[Zapowied\u017a] MIEJSKA BIBLIOTEKA PUBLICZNA W GLIWICACH"},"content":{"rendered":"\n<div class=\"wp-block-media-text alignwide is-stacked-on-mobile\"><figure class=\"wp-block-media-text__media\"><img loading=\"lazy\" decoding=\"async\" width=\"1024\" height=\"321\" src=\"https:\/\/slaskipegaz.bs.katowice.pl\/wp-content\/uploads\/2024\/08\/HACZYK_2024_baner_ogolny_1600x500-1024x321.jpg\" alt=\"\" class=\"wp-image-21820\" srcset=\"https:\/\/slaskipegaz.bs.katowice.pl\/wp-content\/uploads\/2024\/08\/HACZYK_2024_baner_ogolny_1600x500-1024x321.jpg 1024w, https:\/\/slaskipegaz.bs.katowice.pl\/wp-content\/uploads\/2024\/08\/HACZYK_2024_baner_ogolny_1600x500-300x94.jpg 300w, https:\/\/slaskipegaz.bs.katowice.pl\/wp-content\/uploads\/2024\/08\/HACZYK_2024_baner_ogolny_1600x500-768x240.jpg 768w, https:\/\/slaskipegaz.bs.katowice.pl\/wp-content\/uploads\/2024\/08\/HACZYK_2024_baner_ogolny_1600x500-1536x481.jpg 1536w, https:\/\/slaskipegaz.bs.katowice.pl\/wp-content\/uploads\/2024\/08\/HACZYK_2024_baner_ogolny_1600x500.jpg 1600w\" sizes=\"auto, (max-width: 1024px) 100vw, 1024px\" \/><\/figure><div class=\"wp-block-media-text__content\">\n<p><strong>\u0141apiemy histori\u0119 na Haczyk!<\/strong><\/p>\n\n\n\n<p>VII edycja \u201eHaczyka \u2013 gliwickich spotka\u0144 literackich\u201d to to wielowymiarowe spojrzenie w przesz\u0142o\u015b\u0107. Podczas tegorocznej jesieni czeka na czytelnik\u00f3w kilkana\u015bcie warto\u015bciowych wydarze\u0144, s\u0105 w\u015br\u00f3d nich: spotkania autorskie, spacery, konkurs i cykl warsztat\u00f3w.<\/p>\n<\/div><\/div>\n\n\n\n<!--more-->\n\n\n\n<p>Na tegoroczn\u0105 realizacj\u0119 wydarze\u0144 gliwicka ksi\u0105\u017cnica otrzyma\u0142a 30 tys. z\u0142 dofinansowania z&nbsp;Ministerstwa Kultury i Dziedzictwa Narodowego pochodz\u0105cych z Funduszu Promocji Kultury. Celem projektu jest pokazanie jak powstaje historia, jak j\u0105 rekonstruowa\u0107 i bada\u0107. Chcemy sprowokowa\u0107 do stawiania pyta\u0144 i szukania odpowiedzi, bo przecie\u017c \u201eprzesz\u0142o\u015b\u0107 to dzi\u015b\u201d.<\/p>\n\n\n\n<p>Projekt otworzy\u0142o spotkanie z pisarzem i dziennikarzem Leszkiem Jodli\u0144skim. A pretekstem do rozmowy by\u0142a najnowsza ksi\u0105\u017cka autora po\u015bwi\u0119cona historii Soko\u0142owska.<\/p>\n\n\n\n<p>&#8211; Wychodzimy z za\u0142o\u017cenia, \u017ce przesz\u0142o\u015b\u0107 to nie tylko daty i fakty, ale tak\u017ce opowie\u015b\u0107 o tym, jak cz\u0142owiek radzi\u0142 sobie z otaczaj\u0105c\u0105 rzeczywisto\u015bci\u0105. Historia to nauka cz\u0142owieka o nim samym \u2013 zaznaczaj\u0105 bibliotekarze.<\/p>\n\n\n\n<p>O tym, \u017ce\u00a0 mo\u017ce to by\u0107 podr\u00f3\u017c fascynuj\u0105ca i pe\u0142na nowych odkry\u0107 przekonaj\u0105 nas z pewno\u015bci\u0105 zaproszeni go\u015bcie, autorki i autorzy ksi\u0105\u017cek z histori\u0105 w tle. W ich gronie znale\u017ali si\u0119: wybitny znawca Kres\u00f3w <em>prof. Stanis\u0142aw Nicieja<\/em> (10 wrze\u015bnia), powie\u015bciopisarka i felietonistka <em>Maria Paszy\u0144ska<\/em> (17.09), reporta\u017cystka <em>Agata Tuszy\u0144ska<\/em> (26.09), laureat Nagrody Nike &#8211; <em>Radek Rak<\/em> (11.10) oraz pisarz i mi\u0142o\u015bnik Dolnego \u015al\u0105ska <em>Hannibal Smoke<\/em> (18.10). Wszystkie spotkania odb\u0119d\u0105 si\u0119 w Bibliotece Centralnej o godz. 18.00, wst\u0119p wolny.<\/p>\n\n\n\n<p>W programie \u201eHaczyka\u201d nie mog\u0142o zabrakn\u0105\u0107 propozycji dla najm\u0142odszych odkrywc\u00f3w. Z my\u015bl\u0105 o nich odby\u0142 si\u0119 czerwcowy piknik historyczny z udzia\u0142em grupy rekonstrukcyjnej Utgart. Jesieni\u0105 zaplanowali\u015bmy te\u017c dwa spotkania z ulubionymi autorkami pisz\u0105cymi dla najm\u0142odszych: Gra\u017cyn\u0105 B\u0105k&nbsp; i&nbsp;z Zuzann\u0105 Orli\u0144sk\u0105. Niezapomnian\u0105 przygod\u0105 historyczn\u0105 b\u0119d\u0105 zaj\u0119cia archeologiczne dla dzieci do 12. roku \u017cycia. Najm\u0142odsi odkrywcy poszukaj\u0105 zakopanych w piasku bezcennych \u201ezabytk\u00f3w\u201d. Z kolei uczniowie naucz\u0105 si\u0119 pos\u0142ugiwania sprz\u0119tem do mierzenia i wa\u017cenia wykopanych artefakt\u00f3w, sprawdz\u0105 swoj\u0105 wiedz\u0119 na temat \u015bredniowiecza i po\u0107wicz\u0105 pisanie g\u0119sim pi\u00f3rem. R\u00f3wnie ciekawie zapowiadaj\u0105 si\u0119 zaj\u0119cia \u201eJaba daba duuu!\u201d. M\u0142odzi odkrywcy sprawdz\u0105 jak kiedy\u015b wykonywano bro\u0144 krzemienn\u0105, jak dzia\u0142a\u0142y prehistoryczne wiertarki, rozpal\u0105 pradziejowy ogie\u0144 a na koniec w\u0142asnor\u0119cznie przygotuj\u0105 bi\u017cuteri\u0119.<\/p>\n\n\n\n<p>W tym roku w programie Haczyka znalaz\u0142y si\u0119 tak\u017ce dwa spacery historyczne. 14 wrze\u015bnia nieznane oblicze Gliwic odkryje przed nami Leszek Jodli\u0144ski. Tydzie\u0144 p\u00f3\u017aniej nasz\u0105 przewodniczk\u0105 po mie\u015bcie b\u0119dzie Ma\u0142gorzata Makowska, kulturoznawczyni zwi\u0105zana z gliwickim Domem Wsp\u00f3\u0142pracy Polsko-Niemieckiej.<\/p>\n\n\n\n<p>Warsztaty genealogiczne prowadzone przez <em>Stowarzyszenie Twoje Korzenie w Polsce<\/em> (zaplanowane na 19 wrze\u015bnia) to propozycja nauczenia si\u0119 jak szuka\u0107 informacji w Internecie i archiwach, by nast\u0119pnie na ich podstawie ju\u017c samodzielnie tworzy\u0107 drzewo genealogiczne.<\/p>\n\n\n\n<p>&#8211; Liczne warsztaty i spotkania autorskie \u00a0to zaproszenie do pog\u0142\u0119biania wiedzy i pasji historycznej. Dzi\u0119ki temu lepiej zrozumiemy tera\u017aniejszo\u015b\u0107 \u2013 m\u00f3wi\u0105 autorki projektu.<\/p>\n\n\n\n<p>Haczyk ju\u017c na sta\u0142e wpisa\u0142 si\u0119 w kalendarz literackich wydarze\u0144 miasta. Warto wi\u0119c zarezerwowa\u0107 czas i skorzysta\u0107 z propozycji gliwickiej biblioteki. Zapraszamy!<\/p>\n\n\n\n<p>Szczeg\u00f3\u0142y na stronie internetowej: <a href=\"http:\/\/www.biblioteka.gliwice.pl\">www.biblioteka.gliwice.pl<\/a>. \u00a0<\/p>\n\n\n\n<figure class=\"wp-block-gallery columns-1 is-cropped wp-block-gallery-1 is-layout-flex wp-block-gallery-is-layout-flex\"><ul class=\"blocks-gallery-grid\"><li class=\"blocks-gallery-item\"><figure><img loading=\"lazy\" decoding=\"async\" width=\"724\" height=\"1024\" src=\"https:\/\/slaskipegaz.bs.katowice.pl\/wp-content\/uploads\/2024\/08\/HACZYK_2024_plakat_ogolny_A4-724x1024.jpg\" alt=\"\" data-id=\"21821\" data-full-url=\"https:\/\/slaskipegaz.bs.katowice.pl\/wp-content\/uploads\/2024\/08\/HACZYK_2024_plakat_ogolny_A4-scaled.jpg\" data-link=\"https:\/\/slaskipegaz.bs.katowice.pl\/?attachment_id=21821\" class=\"wp-image-21821\" srcset=\"https:\/\/slaskipegaz.bs.katowice.pl\/wp-content\/uploads\/2024\/08\/HACZYK_2024_plakat_ogolny_A4-724x1024.jpg 724w, https:\/\/slaskipegaz.bs.katowice.pl\/wp-content\/uploads\/2024\/08\/HACZYK_2024_plakat_ogolny_A4-212x300.jpg 212w, https:\/\/slaskipegaz.bs.katowice.pl\/wp-content\/uploads\/2024\/08\/HACZYK_2024_plakat_ogolny_A4-768x1086.jpg 768w, https:\/\/slaskipegaz.bs.katowice.pl\/wp-content\/uploads\/2024\/08\/HACZYK_2024_plakat_ogolny_A4-1086x1536.jpg 1086w, https:\/\/slaskipegaz.bs.katowice.pl\/wp-content\/uploads\/2024\/08\/HACZYK_2024_plakat_ogolny_A4-1448x2048.jpg 1448w, https:\/\/slaskipegaz.bs.katowice.pl\/wp-content\/uploads\/2024\/08\/HACZYK_2024_plakat_ogolny_A4-scaled.jpg 1810w\" sizes=\"auto, (max-width: 724px) 100vw, 724px\" \/><\/figure><\/li><\/ul><\/figure>\n\n\n\n<p>Nades\u0142a\u0142a: Miejska Biblioteka Publiczna w Gliwicach<\/p>\n","protected":false},"excerpt":{"rendered":"<p>\u0141apiemy histori\u0119 na Haczyk! VII edycja \u201eHaczyka \u2013 gliwickich spotka\u0144 literackich\u201d to to wielowymiarowe spojrzenie w przesz\u0142o\u015b\u0107. Podczas tegorocznej jesieni czeka na czytelnik\u00f3w kilkana\u015bcie warto\u015bciowych wydarze\u0144, s\u0105 w\u015br\u00f3d nich: spotkania autorskie, spacery, konkurs i cykl warsztat\u00f3w.<\/p>\n","protected":false},"author":3,"featured_media":0,"comment_status":"closed","ping_status":"closed","sticky":false,"template":"","format":"standard","meta":{"_acf_changed":false,"_exactmetrics_skip_tracking":false,"_exactmetrics_sitenote_active":false,"_exactmetrics_sitenote_note":"","_exactmetrics_sitenote_category":0,"footnotes":""},"categories":[6],"tags":[1595,33],"class_list":["post-21819","post","type-post","status-publish","format-standard","hentry","category-aktualnosci","tag-haczyk","tag-miejska-biblitoeka-publiczna-w-gliwicach"],"acf":[],"jetpack_featured_media_url":"","_links":{"self":[{"href":"https:\/\/slaskipegaz.bs.katowice.pl\/index.php?rest_route=\/wp\/v2\/posts\/21819","targetHints":{"allow":["GET"]}}],"collection":[{"href":"https:\/\/slaskipegaz.bs.katowice.pl\/index.php?rest_route=\/wp\/v2\/posts"}],"about":[{"href":"https:\/\/slaskipegaz.bs.katowice.pl\/index.php?rest_route=\/wp\/v2\/types\/post"}],"author":[{"embeddable":true,"href":"https:\/\/slaskipegaz.bs.katowice.pl\/index.php?rest_route=\/wp\/v2\/users\/3"}],"replies":[{"embeddable":true,"href":"https:\/\/slaskipegaz.bs.katowice.pl\/index.php?rest_route=%2Fwp%2Fv2%2Fcomments&post=21819"}],"version-history":[{"count":1,"href":"https:\/\/slaskipegaz.bs.katowice.pl\/index.php?rest_route=\/wp\/v2\/posts\/21819\/revisions"}],"predecessor-version":[{"id":21822,"href":"https:\/\/slaskipegaz.bs.katowice.pl\/index.php?rest_route=\/wp\/v2\/posts\/21819\/revisions\/21822"}],"wp:attachment":[{"href":"https:\/\/slaskipegaz.bs.katowice.pl\/index.php?rest_route=%2Fwp%2Fv2%2Fmedia&parent=21819"}],"wp:term":[{"taxonomy":"category","embeddable":true,"href":"https:\/\/slaskipegaz.bs.katowice.pl\/index.php?rest_route=%2Fwp%2Fv2%2Fcategories&post=21819"},{"taxonomy":"post_tag","embeddable":true,"href":"https:\/\/slaskipegaz.bs.katowice.pl\/index.php?rest_route=%2Fwp%2Fv2%2Ftags&post=21819"}],"curies":[{"name":"wp","href":"https:\/\/api.w.org\/{rel}","templated":true}]}}