{"id":21973,"date":"2024-12-23T10:11:54","date_gmt":"2024-12-23T09:11:54","guid":{"rendered":"https:\/\/slaskipegaz.bs.katowice.pl\/?p=21973"},"modified":"2024-12-23T10:11:54","modified_gmt":"2024-12-23T09:11:54","slug":"relacja-biblioteka-publiczna-miasta-i-gminy-w-lazach-164","status":"publish","type":"post","link":"https:\/\/slaskipegaz.bs.katowice.pl\/?p=21973","title":{"rendered":"[Relacja] BIBLIOTEKA PUBLICZNA MIASTA I GMINY W \u0141AZACH"},"content":{"rendered":"\n<div class=\"wp-block-media-text alignwide is-stacked-on-mobile\"><figure class=\"wp-block-media-text__media\"><img loading=\"lazy\" decoding=\"async\" width=\"1024\" height=\"680\" src=\"https:\/\/slaskipegaz.bs.katowice.pl\/wp-content\/uploads\/2024\/12\/Klimat-w-Sieci-\u2013-spotkanie-z-Dawidem-Mysliwcem-2-1024x680.jpg\" alt=\"\" class=\"wp-image-21974\" srcset=\"https:\/\/slaskipegaz.bs.katowice.pl\/wp-content\/uploads\/2024\/12\/Klimat-w-Sieci-\u2013-spotkanie-z-Dawidem-Mysliwcem-2-1024x680.jpg 1024w, https:\/\/slaskipegaz.bs.katowice.pl\/wp-content\/uploads\/2024\/12\/Klimat-w-Sieci-\u2013-spotkanie-z-Dawidem-Mysliwcem-2-300x199.jpg 300w, https:\/\/slaskipegaz.bs.katowice.pl\/wp-content\/uploads\/2024\/12\/Klimat-w-Sieci-\u2013-spotkanie-z-Dawidem-Mysliwcem-2-768x510.jpg 768w, https:\/\/slaskipegaz.bs.katowice.pl\/wp-content\/uploads\/2024\/12\/Klimat-w-Sieci-\u2013-spotkanie-z-Dawidem-Mysliwcem-2-1536x1021.jpg 1536w, https:\/\/slaskipegaz.bs.katowice.pl\/wp-content\/uploads\/2024\/12\/Klimat-w-Sieci-\u2013-spotkanie-z-Dawidem-Mysliwcem-2-2048x1361.jpg 2048w\" sizes=\"auto, (max-width: 1024px) 100vw, 1024px\" \/><\/figure><div class=\"wp-block-media-text__content\">\n<p><strong>Klimat w Sieci \u2013 spotkanie z Dawidem My\u015bliwcem<\/strong><\/p>\n\n\n\n<p>W dobie rosn\u0105cej \u015bwiadomo\u015bci ekologicznej i wyzwa\u0144 zwi\u0105zanych z ochron\u0105 \u015brodowiska coraz wi\u0119cej os\u00f3b poszukuje rzetelnych informacji na temat zmian klimatycznych i aktualnej sytuacji klimatycznej na \u015bwiecie. Jak si\u0119 jednak odnale\u017a\u0107 w g\u0105szczu informacji publikowanych w \u015bwiecie wirtualnym, kt\u00f3re niejednokrotnie wzajemnie sobie przecz\u0105?<\/p>\n<\/div><\/div>\n\n\n\n<!--more-->\n\n\n\n<p>14 listopada w budynku KTS odby\u0142o si\u0119 kolejne spotkanie i kolejna ods\u0142ona projektu \u201eKryzys klimatyczny \u2013 oblicza\u201d. Tym razem Biblioteka Publiczna w \u0141azach zaprosi\u0142a uczestnik\u00f3w do zg\u0142\u0119biania tematu zmian klimatycznych z perspektywy tre\u015bci rozpowszechnianych w przestrzeni Internetu. \u201eKlimat w Sieci\u201d \u2013 pod takim tytu\u0142em odby\u0142o si\u0119 spotkanie edukacyjne, kt\u00f3re przeprowadzi\u0107 m\u00f3g\u0142 tylko on \u2013 jeden z g\u0142\u00f3wnych popularyzator\u00f3w wiedzy, tw\u00f3rca edukacyjnych kana\u0142\u00f3w na YouTubie, pogromca fake news\u00f3w, kt\u00f3ry niemal ka\u017cd\u0105 wypowied\u017a popiera solidnym materia\u0142em \u017ar\u00f3d\u0142owym. Spotkanie zrealizowano dzi\u0119ki dofinansowaniu ze \u015brodk\u00f3w Krajowego Planu Odbudowy i Zwi\u0119kszania Odporno\u015bci. Inwestycja A2.5.1: Program wspierania dzia\u0142alno\u015bci podmiot\u00f3w sektora kultury i przemys\u0142\u00f3w kreatywnych na rzecz stymulowania ich rozwoju.<\/p>\n\n\n\n<p>Dawid My\u015bliwiec &#8211; charyzmatyczny popularyzator nauki, autor dw\u00f3ch ksi\u0105\u017cek: \u201ePrzepis na cz\u0142owieka, czyli kr\u00f3tki wst\u0119p do odpowiedzi na pytanie: dlaczego jeste\u015bmy, jacy jeste\u015bmy\u201d oraz \u201e7 cz\u0105steczek, czyli historie o tym jak chemia kszta\u0142towa\u0142a, kszta\u0142tuje i b\u0119dzie kszta\u0142towa\u0107 \u015bwiat wok\u00f3\u0142 nas\u201d, tw\u00f3rca niezwykle popularnych kana\u0142\u00f3w \u201eUwaga! Naukowy Be\u0142kot\u201d i \u201eWy\u0142\u0105cznie Naukowy Be\u0142kot\u201d na YouTubie \u2013 doktor chemii, absolwent Uniwersytetu Marii Curie-Sk\u0142odowskiej. Jak sam o sobie m\u00f3wi: \u201estaram si\u0119 opowiada\u0107 o nauce i bra\u0107 udzia\u0142 w dyskusjach na kontrowersyjne tematy \u2013 a mam ju\u017c w tym 10-letnie do\u015bwiadczenie\u201d. <\/p>\n\n\n\n<p>Podczas spotkania szkoleniowego z Dawidem My\u015bliwcem wsp\u00f3lnie pr\u00f3bowali\u015bmy odpowiedzie\u0107 na pytanie: jak dzi\u015b rozmawia\u0107 o klimacie, i jak robi\u0107 to dobrze? Zw\u0142aszcza w \u015brodowisku Internetu, gdzie ka\u017cdy ma swoje zdanie i mo\u017ce nazwa\u0107 siebie ekspertem, b\u0119d\u0105c zar\u00f3wno tw\u00f3rc\u0105, jak i odbiorc\u0105 wypowiedzi. \u201eKlimat w Sieci\u201d sta\u0142 si\u0119 wyj\u0105tkow\u0105 okazj\u0105 do rozmowy o wp\u0142ywie Internetu na percepcj\u0119 kryzysu klimatycznego oraz roli edukacji w walce z dezinformacj\u0105. W erze social medi\u00f3w wa\u017cne jest, aby wyposa\u017cy\u0107 ludzi w narz\u0119dzia do krytycznego my\u015blenia, nie ocenia\u0107, ale te\u017c mie\u0107 na uwadze i pami\u0119ta\u0107, \u017ce nie ka\u017cdy z kim prowadzimy dyskusj\u0119 posiada ten sam zas\u00f3b wiedzy, co my. \u201eZnajd\u017amy przestrze\u0144 do dyskusji i oszcz\u0119d\u017amy negatywne emocje\u201d \u2013 przekonywa\u0142 Dawid My\u015bliwiec.<\/p>\n\n\n\n<p>Kolejny wa\u017cny problem, na kt\u00f3ry prowadz\u0105cy zwr\u00f3ci\u0142 uwag\u0119, to zjawisko polaryzacji. Jednak tym razem nie chodzi o fizyczn\u0105 definicj\u0119 tego zjawiska, a spo\u0142eczn\u0105 w\u0142a\u015bnie. To post\u0119puj\u0105cy proces spo\u0142eczny, w trakcie kt\u00f3rego r\u00f3\u017cnice reprezentowanych pogl\u0105d\u00f3w, warto\u015bci i interes\u00f3w mi\u0119dzy grupami spo\u0142ecznymi powoduj\u0105 podzia\u0142 spo\u0142ecze\u0144stwa na (najcz\u0119\u015bciej) dwa obozy, kt\u00f3re rzadko znajduj\u0105 wsp\u00f3lny j\u0119zyk. W rezultacie zwolennicy jednej strony przyjmuj\u0105 ca\u0142kowicie bezkrytycznie teorie i tre\u015bci akceptowane przez dan\u0105 grup\u0119 spo\u0142eczn\u0105. W efekcie dochodzi do syndromu obl\u0119\u017conej twierdzy, w kt\u00f3rej \u201eten co nie jest z nami, jest przeciwko nam\u201d, a w najtrudniejszej sytuacji znajduj\u0105 si\u0119 ci, kt\u00f3rzy spolaryzowani (jeszcze?) nie s\u0105. Przeciwdzia\u0142anie polaryzacji wymaga promowania otwartego dialogu, edukacji medialnej i budowania przestrzeni do porozumienia pomimo r\u00f3\u017cnic.<\/p>\n\n\n\n<p>I tak w\u0142a\u015bnie by\u0142o w to czwartkowe popo\u0142udnie. Pomimo odmiennych pogl\u0105d\u00f3w, r\u00f3\u017cnych stanowisk uda\u0142o si\u0119 nam stworzy\u0107 p\u0142aszczyzn\u0119 porozumienia, w kt\u00f3rej nauka i rzetelne fakty zagra\u0142y pierwsze skrzypce. Na zako\u0144czenie ka\u017cdy z uczestnik\u00f3w spotkania mia\u0142 mo\u017cliwo\u015b\u0107 otrzymania pami\u0105tkowego wpisu do ksi\u0105\u017cki, zadania pytania i wykonania fotografii ze znanym prelegentem.<\/p>\n\n\n\n<figure class=\"wp-block-image size-large\"><img loading=\"lazy\" decoding=\"async\" width=\"1024\" height=\"683\" src=\"https:\/\/slaskipegaz.bs.katowice.pl\/wp-content\/uploads\/2024\/12\/Klimat-w-Sieci-\u2013-spotkanie-z-Dawidem-Mysliwcem-1-1024x683.jpg\" alt=\"\" class=\"wp-image-21976\" srcset=\"https:\/\/slaskipegaz.bs.katowice.pl\/wp-content\/uploads\/2024\/12\/Klimat-w-Sieci-\u2013-spotkanie-z-Dawidem-Mysliwcem-1-1024x683.jpg 1024w, https:\/\/slaskipegaz.bs.katowice.pl\/wp-content\/uploads\/2024\/12\/Klimat-w-Sieci-\u2013-spotkanie-z-Dawidem-Mysliwcem-1-300x200.jpg 300w, https:\/\/slaskipegaz.bs.katowice.pl\/wp-content\/uploads\/2024\/12\/Klimat-w-Sieci-\u2013-spotkanie-z-Dawidem-Mysliwcem-1-768x512.jpg 768w, https:\/\/slaskipegaz.bs.katowice.pl\/wp-content\/uploads\/2024\/12\/Klimat-w-Sieci-\u2013-spotkanie-z-Dawidem-Mysliwcem-1-1536x1024.jpg 1536w, https:\/\/slaskipegaz.bs.katowice.pl\/wp-content\/uploads\/2024\/12\/Klimat-w-Sieci-\u2013-spotkanie-z-Dawidem-Mysliwcem-1-2048x1365.jpg 2048w\" sizes=\"auto, (max-width: 1024px) 100vw, 1024px\" \/><\/figure>\n\n\n\n<p>Przedsi\u0119wzi\u0119cie \u201eKryzys klimatyczny \u2013 oblicza\u201d dofinansowane ze \u015brodk\u00f3w Krajowego Planu Odbudowy i Zwi\u0119kszania Odporno\u015bci. Inwestycja A2.5.1: Program wspierania dzia\u0142alno\u015bci podmiot\u00f3w sektora kultury i przemys\u0142\u00f3w kreatywnych na rzecz stymulowania ich rozwoju.<\/p>\n\n\n\n<p>Nades\u0142a\u0142a: Anna Wilk, Biblioteka Publiczna Miasta i Gminy w \u0141azach<\/p>\n\n\n\n<h1 class=\"wp-block-heading\">&nbsp;<\/h1>\n\n\n\n<figure class=\"wp-block-image size-large\"><img loading=\"lazy\" decoding=\"async\" width=\"1024\" height=\"724\" src=\"https:\/\/slaskipegaz.bs.katowice.pl\/wp-content\/uploads\/2024\/12\/Biblioteka-z-klimatem-1024x724.png\" alt=\"\" class=\"wp-image-21975\" srcset=\"https:\/\/slaskipegaz.bs.katowice.pl\/wp-content\/uploads\/2024\/12\/Biblioteka-z-klimatem-1024x724.png 1024w, https:\/\/slaskipegaz.bs.katowice.pl\/wp-content\/uploads\/2024\/12\/Biblioteka-z-klimatem-300x212.png 300w, https:\/\/slaskipegaz.bs.katowice.pl\/wp-content\/uploads\/2024\/12\/Biblioteka-z-klimatem-768x543.png 768w, https:\/\/slaskipegaz.bs.katowice.pl\/wp-content\/uploads\/2024\/12\/Biblioteka-z-klimatem-1536x1086.png 1536w, https:\/\/slaskipegaz.bs.katowice.pl\/wp-content\/uploads\/2024\/12\/Biblioteka-z-klimatem.png 2000w\" sizes=\"auto, (max-width: 1024px) 100vw, 1024px\" \/><\/figure>\n\n\n\n<h1 class=\"wp-block-heading\">&nbsp;<\/h1>\n\n\n\n<p><\/p>\n","protected":false},"excerpt":{"rendered":"<p>Klimat w Sieci \u2013 spotkanie z Dawidem My\u015bliwcem W dobie rosn\u0105cej \u015bwiadomo\u015bci ekologicznej i wyzwa\u0144 zwi\u0105zanych z ochron\u0105 \u015brodowiska coraz wi\u0119cej os\u00f3b poszukuje rzetelnych informacji na temat zmian klimatycznych i aktualnej sytuacji klimatycznej na \u015bwiecie. Jak si\u0119 jednak odnale\u017a\u0107 w g\u0105szczu informacji publikowanych w \u015bwiecie wirtualnym, kt\u00f3re niejednokrotnie wzajemnie sobie przecz\u0105?<\/p>\n","protected":false},"author":3,"featured_media":0,"comment_status":"closed","ping_status":"closed","sticky":false,"template":"","format":"standard","meta":{"_acf_changed":false,"_exactmetrics_skip_tracking":false,"_exactmetrics_sitenote_active":false,"_exactmetrics_sitenote_note":"","_exactmetrics_sitenote_category":0,"footnotes":""},"categories":[6,1399],"tags":[40,2254,2250],"class_list":["post-21973","post","type-post","status-publish","format-standard","hentry","category-aktualnosci","category-sdg","tag-biblioteka-publiczna-miasta-i-gminy-w-lazach","tag-dawid-mysliwiec","tag-kryzys-klimatyczny"],"acf":[],"jetpack_featured_media_url":"","_links":{"self":[{"href":"https:\/\/slaskipegaz.bs.katowice.pl\/index.php?rest_route=\/wp\/v2\/posts\/21973","targetHints":{"allow":["GET"]}}],"collection":[{"href":"https:\/\/slaskipegaz.bs.katowice.pl\/index.php?rest_route=\/wp\/v2\/posts"}],"about":[{"href":"https:\/\/slaskipegaz.bs.katowice.pl\/index.php?rest_route=\/wp\/v2\/types\/post"}],"author":[{"embeddable":true,"href":"https:\/\/slaskipegaz.bs.katowice.pl\/index.php?rest_route=\/wp\/v2\/users\/3"}],"replies":[{"embeddable":true,"href":"https:\/\/slaskipegaz.bs.katowice.pl\/index.php?rest_route=%2Fwp%2Fv2%2Fcomments&post=21973"}],"version-history":[{"count":1,"href":"https:\/\/slaskipegaz.bs.katowice.pl\/index.php?rest_route=\/wp\/v2\/posts\/21973\/revisions"}],"predecessor-version":[{"id":21977,"href":"https:\/\/slaskipegaz.bs.katowice.pl\/index.php?rest_route=\/wp\/v2\/posts\/21973\/revisions\/21977"}],"wp:attachment":[{"href":"https:\/\/slaskipegaz.bs.katowice.pl\/index.php?rest_route=%2Fwp%2Fv2%2Fmedia&parent=21973"}],"wp:term":[{"taxonomy":"category","embeddable":true,"href":"https:\/\/slaskipegaz.bs.katowice.pl\/index.php?rest_route=%2Fwp%2Fv2%2Fcategories&post=21973"},{"taxonomy":"post_tag","embeddable":true,"href":"https:\/\/slaskipegaz.bs.katowice.pl\/index.php?rest_route=%2Fwp%2Fv2%2Ftags&post=21973"}],"curies":[{"name":"wp","href":"https:\/\/api.w.org\/{rel}","templated":true}]}}