{"id":22457,"date":"2025-07-10T10:52:17","date_gmt":"2025-07-10T08:52:17","guid":{"rendered":"https:\/\/slaskipegaz.bs.katowice.pl\/?p=22457"},"modified":"2025-07-10T11:10:55","modified_gmt":"2025-07-10T09:10:55","slug":"relacja-biblioteka-publiczna-miasta-i-gminy-w-lazach-168","status":"publish","type":"post","link":"https:\/\/slaskipegaz.bs.katowice.pl\/?p=22457","title":{"rendered":"[Relacja] BIBLIOTEKA PUBLICZNA MIASTA I GMINY W \u0141AZACH"},"content":{"rendered":"\n<div class=\"wp-block-media-text is-stacked-on-mobile is-vertically-aligned-top\"><figure class=\"wp-block-media-text__media\"><img loading=\"lazy\" decoding=\"async\" width=\"1024\" height=\"683\" src=\"https:\/\/slaskipegaz.bs.katowice.pl\/wp-content\/uploads\/2025\/07\/Oswoic-leki-3-1024x683.jpg\" alt=\"Na zdj\u0119ciu wida\u0107 stoj\u0105cych przy tablicy (flipcharcie) kobiet\u0119 i m\u0119\u017cczyzn\u0119. Kobieta jest w \u015brednim wieku, ma blond w\u0142osy (rozpuszczone), okulary z czarnymi oprawkami, ma na sobie niebiesk\u0105 sukienk\u0119, na szyi naszyjnik z du\u017cym okr\u0105g\u0142ym wisiorkiem z namalowanym drzewem. Ma z\u0142o\u017cone d\u0142onie. M\u0119\u017cczyzna obok jest w \u015brednim wieku, ma d\u0142ugie ciemne w\u0142osy (d\u0142ugo\u015b\u0107 mniej wi\u0119cej do ramion), koszul\u0119 w pionowe br\u0105zowe paski, br\u0105zowe spodnie (z czarnym paskiem). M\u0119\u017cczyzna trzyma w d\u0142oniach, pokazuj\u0105c dwie ksi\u0105\u017cki, na ok\u0142adkach wida\u0107 tytu\u0142y &quot;L\u0119k, gniew, agresja&quot; oraz &quot;Porozumienie bez przemocy&quot;\" class=\"wp-image-22458 size-full\" srcset=\"https:\/\/slaskipegaz.bs.katowice.pl\/wp-content\/uploads\/2025\/07\/Oswoic-leki-3-1024x683.jpg 1024w, https:\/\/slaskipegaz.bs.katowice.pl\/wp-content\/uploads\/2025\/07\/Oswoic-leki-3-300x200.jpg 300w, https:\/\/slaskipegaz.bs.katowice.pl\/wp-content\/uploads\/2025\/07\/Oswoic-leki-3-768x512.jpg 768w, https:\/\/slaskipegaz.bs.katowice.pl\/wp-content\/uploads\/2025\/07\/Oswoic-leki-3-1536x1024.jpg 1536w, https:\/\/slaskipegaz.bs.katowice.pl\/wp-content\/uploads\/2025\/07\/Oswoic-leki-3-2048x1365.jpg 2048w\" sizes=\"auto, (max-width: 1024px) 100vw, 1024px\" \/><\/figure><div class=\"wp-block-media-text__content\">\n<p><strong>Oswoi\u0107 l\u0119k \u2013 warsztaty w Bibliotece w \u0141azach<\/strong><\/p>\n\n\n\n<p>23 czerwca w Bibliotece w \u0141azach odby\u0142o si\u0119 trzecie spotkanie warsztatowe w ramach projektu \u201eZ ksi\u0105\u017ck\u0105 na ratunek\u201d dofinansowanego z Ministerstwa Kultury i Dziedzictwa Narodowego w ramach programu \u201ePartnerstwo dla Ksi\u0105\u017cki\u201d. \u201eOswoi\u0107 l\u0119k\u201d \u2013 pod takim tytu\u0142em pracowali\u015bmy i zg\u0142\u0119biali\u015bmy wiedz\u0119 z zakresu emocji, stresu i rzecz jasna l\u0119k\u00f3w! Jak dzia\u0142a l\u0119k na poziomie psychologicznym i fizjologicznym? Jakie s\u0105 jego przyczyny? Czym l\u0119k i strach si\u0119 od siebie r\u00f3\u017cni\u0105? Jak odr\u00f3\u017cni\u0107 zdrowy niepok\u00f3j od parali\u017cuj\u0105cego l\u0119ku? &#8211; na te i wiele innych pyta\u0144 odpowiedzi pozna\u0142y uczestniczki poniedzia\u0142kowego spotkania.<\/p>\n\n\n\n<!--more-->\n\n\n\n<p>Spotkanie zosta\u0142o podzielone na dwie cz\u0119\u015bci: teoretyczn\u0105 i praktyczno-artystyczn\u0105. W cz\u0119\u015bci teoretycznej uczestniczki otrzyma\u0142y gar\u015b\u0107 rzetelnych informacji dotycz\u0105cych omawianych zagadnie\u0144. L\u0119k, cho\u0107 cz\u0119sto postrzegany wy\u0142\u0105cznie jako co\u015b negatywnego, pe\u0142ni istotn\u0105 rol\u0119 w naszym \u017cyciu. Oczywi\u015bcie w nadmiarze mo\u017ce znacz\u0105co je utrudnia\u0107, ale odpowiednio zrozumiany i opanowany, czyli \u201eoswojony\u201d w\u0142a\u015bnie, mo\u017ce sta\u0107 si\u0119 dobrym partnerem i sprzymierze\u0144cem w codziennym funkcjonowaniu. Trenerzy szczeg\u00f3\u0142owo om\u00f3wili mechanizmy powstawania l\u0119ku i zaburze\u0144 l\u0119kowych \u2013 jako procesu, kt\u00f3ry powstaje latami, nierzadko jego \u017ar\u00f3d\u0142o wybija w dzieci\u0144stwie, gdzie zwykle wszystko ma sw\u00f3j pocz\u0105tek. Przedstawili tak\u017ce proste, codzienne&nbsp; techniki radzenia sobie z nim.<\/p>\n\n\n\n<p>Cz\u0119\u015b\u0107 praktyczno-artystyczna pozwoli\u0142a uczestnikom symbolicznie i tw\u00f3rczo zmierzy\u0107 si\u0119 z tematem l\u0119ku. Wystarczy\u0142o niewiele \u2013 ot, kilka kropelek atramentu na bia\u0142ej kartce, aby zobaczy\u0107, \u017ce nawet to, co chaotyczne i niepokoj\u0105ce, mo\u017ce sta\u0107 si\u0119 pocz\u0105tkiem czego\u015b ciekawego. Innymi s\u0142owy nasze symboliczne l\u0119ki zacz\u0119\u0142y przyjmowa\u0107 znajome kszta\u0142ty, a za spraw\u0105 procesu ich oswajania (tu poprzez zdobienie, kolorowanie i dekorowanie) przesta\u0142y by\u0107 takie straszne. To \u0107wiczenie, kt\u00f3re niemal ka\u017cdy z nas mo\u017ce wykona\u0107 w zaciszu domowym, mia\u0142o na celu oswojenie l\u0119ku poprzez nadanie mu formy, kszta\u0142tu i zrozumienie, \u017ce to, co pocz\u0105tkowo budzi niepok\u00f3j, mo\u017ce sta\u0107 si\u0119 czym\u015b znanym, a nawet tw\u00f3rczym i w efekcie uroczym i sympatycznym.<\/p>\n\n\n\n<p>Warsztaty spotka\u0142y si\u0119 z bardzo pozytywnym odbiorem. Uczestniczki doceni\u0142y nie tylko merytoryczn\u0105 warto\u015b\u0107 spotkania, ale r\u00f3wnie\u017c oryginalne podej\u015bcie do tak trudnego tematu, jakim jest l\u0119k. Wiele os\u00f3b podkre\u015bla\u0142o, \u017ce wyj\u015bcie poza teori\u0119 i mo\u017cliwo\u015b\u0107 \u201eprzepracowania\u201d l\u0119ku w tw\u00f3rczy spos\u00f3b by\u0142o dla nich niezwykle warto\u015bciowym do\u015bwiadczeniem.<\/p>\n\n\n\n<p>Warsztat \u201eOswoi\u0107 l\u0119k\u201d ko\u0144czy cykl edukacyjnych spotka\u0144 prowadzonych przez Jolant\u0119 \u0141ysakowsk\u0105 i Tomasza Glu\u017aniewicza w naszej Bibliotece. Przed nami jeszcze wystawa tw\u00f3rczo\u015bci trenerki, na kt\u00f3r\u0105 ju\u017c teraz serdecznie zapraszamy we wrze\u015bniu.<\/p>\n\n\n\n<figure class=\"wp-block-gallery has-nested-images columns-default is-cropped wp-block-gallery-1 is-layout-flex wp-block-gallery-is-layout-flex\">\n<figure class=\"wp-block-image size-large\"><a href=\"https:\/\/slaskipegaz.bs.katowice.pl\/wp-content\/uploads\/2025\/07\/LOGO-MKiDN.png\"><img loading=\"lazy\" decoding=\"async\" width=\"1024\" height=\"288\" data-id=\"22466\" src=\"https:\/\/slaskipegaz.bs.katowice.pl\/wp-content\/uploads\/2025\/07\/LOGO-MKiDN-1024x288.png\" alt=\"\" class=\"wp-image-22466\" srcset=\"https:\/\/slaskipegaz.bs.katowice.pl\/wp-content\/uploads\/2025\/07\/LOGO-MKiDN-1024x288.png 1024w, https:\/\/slaskipegaz.bs.katowice.pl\/wp-content\/uploads\/2025\/07\/LOGO-MKiDN-300x84.png 300w, https:\/\/slaskipegaz.bs.katowice.pl\/wp-content\/uploads\/2025\/07\/LOGO-MKiDN-768x216.png 768w, https:\/\/slaskipegaz.bs.katowice.pl\/wp-content\/uploads\/2025\/07\/LOGO-MKiDN.png 1536w\" sizes=\"auto, (max-width: 1024px) 100vw, 1024px\" \/><\/a><\/figure>\n<\/figure>\n\n\n\n<p>Dofinansowano ze \u015brodk\u00f3w Ministra Kultury i Dziedzictwa Narodowego pochodz\u0105cych z Funduszu Promocji Kultury<\/p>\n\n\n\n<p>Anna Wilk<\/p>\n<\/div><\/div>\n\n\n\n<figure class=\"wp-block-gallery has-nested-images columns-default is-cropped wp-block-gallery-2 is-layout-flex wp-block-gallery-is-layout-flex\">\n<figure class=\"wp-block-image size-large\"><a href=\"https:\/\/slaskipegaz.bs.katowice.pl\/wp-content\/uploads\/2025\/07\/Oswoic-leki-2-scaled.jpg\"><img loading=\"lazy\" decoding=\"async\" width=\"1024\" height=\"683\" data-id=\"22461\" src=\"https:\/\/slaskipegaz.bs.katowice.pl\/wp-content\/uploads\/2025\/07\/Oswoic-leki-2-1024x683.jpg\" alt=\"Zdj\u0119cie, na kt\u00f3rym pozuje siedz\u0105ca przy d\u0142ugim stole pani w wieku m\u0142odszym\/ \u015brednim, patrzy w aparat, u\u015bmiecha si\u0119 (og\u00f3lnie ma pogodny wyraz twarzy) i pokazuje jak\u0105\u015b artystyczn\u0105 prac\u0119 w formacie przypominaj\u0105cym rozmiarami A4. Praca ta zawiera po\u015brodku czarne plamy, a dooko\u0142a poprzyklejane motyle w kolorach czerwonym, zielonym, \u017c\u00f3\u0142tym oraz 2 granatowe kwiatki), poza tym jest tam kilka ozdobnik\u00f3w. Kobieta ta ma na nosie okr\u0105g\u0142e okulary. czarn\u0105 bluzk\u0119 bez r\u0119kaw\u00f3w, d\u0142u\u017csze czarne upi\u0119te. Na stole stoj\u0105 2 bia\u0142e fili\u017canki (nie wida\u0107 w \u015brodku kawy, by\u0107 mo\u017ce upita) oraz mn\u00f3stwo materia\u0142\u00f3w plastycznych (skrawk\u00f3w kartek, papier\u00f3w ozdobnych itd.). Za kobiet\u0105 (a raczej obok, przy tym samym d\u0142ugim stole) siedz\u0105 inne 2 kobiety, kt\u00f3re wykonuj\u0105 jakie\u015b prace (prawdopodobnie plastyczne), s\u0105 cz\u0119\u015bciowo zas\u0142oni\u0119te przez trzyman\u0105 (przez kobiet\u0119, o kt\u00f3rej mowa wcze\u015bniej) kartk\u0119 z motylkami. Akcja dziej\u0119 si\u0119 w jakim\u015b pokoju\/galerii (by\u0107 mo\u017ce bibliotecznej), na \u015bcianach wisz\u0105 r\u00f3\u017cne obrazy.\" class=\"wp-image-22461\" srcset=\"https:\/\/slaskipegaz.bs.katowice.pl\/wp-content\/uploads\/2025\/07\/Oswoic-leki-2-1024x683.jpg 1024w, https:\/\/slaskipegaz.bs.katowice.pl\/wp-content\/uploads\/2025\/07\/Oswoic-leki-2-300x200.jpg 300w, https:\/\/slaskipegaz.bs.katowice.pl\/wp-content\/uploads\/2025\/07\/Oswoic-leki-2-768x512.jpg 768w, https:\/\/slaskipegaz.bs.katowice.pl\/wp-content\/uploads\/2025\/07\/Oswoic-leki-2-1536x1024.jpg 1536w, https:\/\/slaskipegaz.bs.katowice.pl\/wp-content\/uploads\/2025\/07\/Oswoic-leki-2-2048x1365.jpg 2048w\" sizes=\"auto, (max-width: 1024px) 100vw, 1024px\" \/><\/a><\/figure>\n\n\n\n<figure class=\"wp-block-image size-large\"><a href=\"https:\/\/slaskipegaz.bs.katowice.pl\/wp-content\/uploads\/2025\/07\/Oswoic-leki-4-scaled.jpg\"><img loading=\"lazy\" decoding=\"async\" width=\"1024\" height=\"683\" data-id=\"22462\" src=\"https:\/\/slaskipegaz.bs.katowice.pl\/wp-content\/uploads\/2025\/07\/Oswoic-leki-4-1024x683.jpg\" alt=\"Zdj\u0119cie, na kt\u00f3rym pozuje siedz\u0105ca przy d\u0142ugim stole pani w wieku m\u0142odszym\/ \u015brednim, patrzy w aparat, u\u015bmiecha si\u0119 (og\u00f3lnie ma pogodny wyraz twarzy) i pokazuje jak\u0105\u015b artystyczn\u0105 prac\u0119 w formacie przypominaj\u0105cym rozmiarami A4. Praca ta zawiera po\u015brodku czarne plamy, a dooko\u0142a poprzyklejane kwiaty w kolorach niebieskim, \u017c\u00f3\u0142tym, czerwony \/ r\u00f3\u017cowym, tak\u017ce jakie\u015b niewielkie chmurki  i serduszka. Kobieta tanie nosi okular\u00f3w, ma na sobie kolorow\u0105 wzorzyst\u0105 sukienk\u0119 bez r\u0119kaw\u00f3w (jedynie zal\u0105\u017cki r\u0119kawk\u00f3w w formie falbanek), rozpuszczone czarne w\u0142osy lekko d\u0142u\u017csze ni\u017c do ramion oraz w uszach wisz\u0105ce du\u017ce okr\u0105g\u0142e zielono-czarne kolczyki (chyba plastikowe). Na stole stoi kilka bia\u0142ych fili\u017canek oraz mn\u00f3stwo materia\u0142\u00f3w plastycznych (skrawk\u00f3w kartek, papier\u00f3w ozdobnych, plastikowych pojemnik\u00f3 itd.). Po drugiej stronie sto\u0142u siedz\u0105 inne 3 kobiety, kt\u00f3re wykonuj\u0105 jakie\u015b prace (plastyczne). Akcja dziej\u0119 si\u0119 w jakim\u015b pokoju\/galerii.\" class=\"wp-image-22462\" srcset=\"https:\/\/slaskipegaz.bs.katowice.pl\/wp-content\/uploads\/2025\/07\/Oswoic-leki-4-1024x683.jpg 1024w, https:\/\/slaskipegaz.bs.katowice.pl\/wp-content\/uploads\/2025\/07\/Oswoic-leki-4-300x200.jpg 300w, https:\/\/slaskipegaz.bs.katowice.pl\/wp-content\/uploads\/2025\/07\/Oswoic-leki-4-768x512.jpg 768w, https:\/\/slaskipegaz.bs.katowice.pl\/wp-content\/uploads\/2025\/07\/Oswoic-leki-4-1536x1024.jpg 1536w, https:\/\/slaskipegaz.bs.katowice.pl\/wp-content\/uploads\/2025\/07\/Oswoic-leki-4-2048x1365.jpg 2048w\" sizes=\"auto, (max-width: 1024px) 100vw, 1024px\" \/><\/a><\/figure>\n\n\n\n<figure class=\"wp-block-image size-large\"><a href=\"https:\/\/slaskipegaz.bs.katowice.pl\/wp-content\/uploads\/2025\/07\/Oswoic-leki-5-scaled.jpg\"><img loading=\"lazy\" decoding=\"async\" width=\"1024\" height=\"683\" data-id=\"22460\" src=\"https:\/\/slaskipegaz.bs.katowice.pl\/wp-content\/uploads\/2025\/07\/Oswoic-leki-5-1024x683.jpg\" alt=\"Na zdj\u0119ciu wida\u0107 d\u0142ugi st\u00f3\u0142, a wok\u00f3\u0142 niego 11 kobiet w r\u00f3\u017cnym wieku. Wida\u0107 r\u00f3wnie\u017c prowadz\u0105cego spotkanie, czyli stoj\u0105cego przy stole m\u0119\u017cczyzn\u0119 w \u015brednim wieku z w\u0142osami ciemnymi, o d\u0142ugo\u015bci do ramion, w koszuli w pionowe br\u0105zowe paski, w br\u0105zowych spodniach (z czarnym paskiem). M\u0119\u017cczyzna trzyma w d\u0142oniach jak\u0105\u015b ksi\u0105\u017ck\u0119 z granatow\u0105 ok\u0142adk\u0105.\" class=\"wp-image-22460\" srcset=\"https:\/\/slaskipegaz.bs.katowice.pl\/wp-content\/uploads\/2025\/07\/Oswoic-leki-5-1024x683.jpg 1024w, https:\/\/slaskipegaz.bs.katowice.pl\/wp-content\/uploads\/2025\/07\/Oswoic-leki-5-300x200.jpg 300w, https:\/\/slaskipegaz.bs.katowice.pl\/wp-content\/uploads\/2025\/07\/Oswoic-leki-5-768x512.jpg 768w, https:\/\/slaskipegaz.bs.katowice.pl\/wp-content\/uploads\/2025\/07\/Oswoic-leki-5-1536x1024.jpg 1536w, https:\/\/slaskipegaz.bs.katowice.pl\/wp-content\/uploads\/2025\/07\/Oswoic-leki-5-2048x1365.jpg 2048w\" sizes=\"auto, (max-width: 1024px) 100vw, 1024px\" \/><\/a><\/figure>\n<\/figure>\n\n\n\n<p><\/p>\n","protected":false},"excerpt":{"rendered":"<p>Oswoi\u0107 l\u0119k \u2013 warsztaty w Bibliotece w \u0141azach 23 czerwca w Bibliotece w \u0141azach odby\u0142o si\u0119 trzecie spotkanie warsztatowe w ramach projektu \u201eZ ksi\u0105\u017ck\u0105 na ratunek\u201d dofinansowanego z Ministerstwa Kultury i Dziedzictwa Narodowego w ramach programu \u201ePartnerstwo dla Ksi\u0105\u017cki\u201d. \u201eOswoi\u0107 l\u0119k\u201d \u2013 pod takim tytu\u0142em pracowali\u015bmy i zg\u0142\u0119biali\u015bmy wiedz\u0119 z zakresu emocji, stresu i rzecz &hellip; <a href=\"https:\/\/slaskipegaz.bs.katowice.pl\/?p=22457\" class=\"more-link\">Czytaj dalej <span class=\"screen-reader-text\">[Relacja] BIBLIOTEKA PUBLICZNA MIASTA I GMINY W \u0141AZACH<\/span> <span class=\"meta-nav\">&rarr;<\/span><\/a><\/p>\n","protected":false},"author":2,"featured_media":0,"comment_status":"closed","ping_status":"open","sticky":false,"template":"","format":"standard","meta":{"_acf_changed":false,"_exactmetrics_skip_tracking":false,"_exactmetrics_sitenote_active":false,"_exactmetrics_sitenote_note":"","_exactmetrics_sitenote_category":0,"footnotes":""},"categories":[6],"tags":[40],"class_list":["post-22457","post","type-post","status-publish","format-standard","hentry","category-aktualnosci","tag-biblioteka-publiczna-miasta-i-gminy-w-lazach"],"acf":[],"jetpack_featured_media_url":"","_links":{"self":[{"href":"https:\/\/slaskipegaz.bs.katowice.pl\/index.php?rest_route=\/wp\/v2\/posts\/22457","targetHints":{"allow":["GET"]}}],"collection":[{"href":"https:\/\/slaskipegaz.bs.katowice.pl\/index.php?rest_route=\/wp\/v2\/posts"}],"about":[{"href":"https:\/\/slaskipegaz.bs.katowice.pl\/index.php?rest_route=\/wp\/v2\/types\/post"}],"author":[{"embeddable":true,"href":"https:\/\/slaskipegaz.bs.katowice.pl\/index.php?rest_route=\/wp\/v2\/users\/2"}],"replies":[{"embeddable":true,"href":"https:\/\/slaskipegaz.bs.katowice.pl\/index.php?rest_route=%2Fwp%2Fv2%2Fcomments&post=22457"}],"version-history":[{"count":5,"href":"https:\/\/slaskipegaz.bs.katowice.pl\/index.php?rest_route=\/wp\/v2\/posts\/22457\/revisions"}],"predecessor-version":[{"id":22468,"href":"https:\/\/slaskipegaz.bs.katowice.pl\/index.php?rest_route=\/wp\/v2\/posts\/22457\/revisions\/22468"}],"wp:attachment":[{"href":"https:\/\/slaskipegaz.bs.katowice.pl\/index.php?rest_route=%2Fwp%2Fv2%2Fmedia&parent=22457"}],"wp:term":[{"taxonomy":"category","embeddable":true,"href":"https:\/\/slaskipegaz.bs.katowice.pl\/index.php?rest_route=%2Fwp%2Fv2%2Fcategories&post=22457"},{"taxonomy":"post_tag","embeddable":true,"href":"https:\/\/slaskipegaz.bs.katowice.pl\/index.php?rest_route=%2Fwp%2Fv2%2Ftags&post=22457"}],"curies":[{"name":"wp","href":"https:\/\/api.w.org\/{rel}","templated":true}]}}