{"id":22469,"date":"2025-07-10T12:11:04","date_gmt":"2025-07-10T10:11:04","guid":{"rendered":"https:\/\/slaskipegaz.bs.katowice.pl\/?p=22469"},"modified":"2025-07-10T12:11:04","modified_gmt":"2025-07-10T10:11:04","slug":"relacja-biblioteka-publiczna-miasta-i-gminy-w-lazach-169","status":"publish","type":"post","link":"https:\/\/slaskipegaz.bs.katowice.pl\/?p=22469","title":{"rendered":"[Relacja] BIBLIOTEKA PUBLICZNA MIASTA I GMINY W \u0141AZACH"},"content":{"rendered":"\n<div class=\"wp-block-media-text is-stacked-on-mobile is-vertically-aligned-top\"><figure class=\"wp-block-media-text__media\"><img loading=\"lazy\" decoding=\"async\" width=\"1024\" height=\"683\" src=\"https:\/\/slaskipegaz.bs.katowice.pl\/wp-content\/uploads\/2025\/07\/Paleta-emocji-1-1024x683.jpg\" alt=\"\" class=\"wp-image-22470 size-full\" srcset=\"https:\/\/slaskipegaz.bs.katowice.pl\/wp-content\/uploads\/2025\/07\/Paleta-emocji-1-1024x683.jpg 1024w, https:\/\/slaskipegaz.bs.katowice.pl\/wp-content\/uploads\/2025\/07\/Paleta-emocji-1-300x200.jpg 300w, https:\/\/slaskipegaz.bs.katowice.pl\/wp-content\/uploads\/2025\/07\/Paleta-emocji-1-768x512.jpg 768w, https:\/\/slaskipegaz.bs.katowice.pl\/wp-content\/uploads\/2025\/07\/Paleta-emocji-1-1536x1024.jpg 1536w, https:\/\/slaskipegaz.bs.katowice.pl\/wp-content\/uploads\/2025\/07\/Paleta-emocji-1-2048x1365.jpg 2048w\" sizes=\"auto, (max-width: 1024px) 100vw, 1024px\" \/><\/figure><div class=\"wp-block-media-text__content\">\n<p><strong>Paleta emocji w bibliotece \u2013 relacja z warsztat\u00f3w<\/strong><\/p>\n\n\n\n<p>Kolory m\u00f3wi\u0105ce wi\u0119cej ni\u017c s\u0142owa, sztuka jako lustro emocji, bezpieczna przestrze\u0144 do bycia sob\u0105 \u2013 to stwierdzenia, kt\u00f3rymi mo\u017cna opisa\u0107 to, co z\u0142o\u017cy\u0142o si\u0119 na warsztat edukacyjny \u201ePaleta emocji \u2013 arteterapia\u201d, kt\u00f3ry odby\u0142 si\u0119 9 czerwca w Bibliotece Publicznej Miasta i Gminy w \u0141azach. Spotkanie, w kt\u00f3rym wzi\u0119\u0142y udzia\u0142 mieszkanki gminy \u0141azy, odby\u0142o si\u0119 w ramach projektu \u201eZ ksi\u0105\u017ck\u0105 na ratunek\u201d dofinansowanego ze \u015brodk\u00f3w Ministerstwa Kultury i Dziedzictwa Narodowego pochodz\u0105cych z Funduszu Promocji Kultury. Przeprowadzone zosta\u0142o przez specjalist\u00f3w arteterapii Jolant\u0119 \u0141ysakowsk\u0105 i Tomasza Glu\u017aniewicza \u2013 tw\u00f3rc\u00f3w i trener\u00f3w Fabryki Kreatywno\u015bci, cz\u0142onk\u00f3w Stowarzyszenia Arteterapeut\u00f3w Polskich Kajros.<\/p>\n\n\n\n<!--more-->\n\n\n\n<p>W bibliotece wype\u0142nionej s\u0142owem i zapachem farb odby\u0142y si\u0119 warsztaty arteterapii dla doros\u0142ych. Ich g\u0142\u00f3wnym celem by\u0142o stworzenie przestrzeni do wyra\u017cania emocji i mo\u017cliwo\u015bci tw\u00f3rczego ukojenia.<br>Prowadz\u0105cy sprawnie po\u0142\u0105czyli kreatywne dzia\u0142anie artystyczne z eksploracj\u0105 i rozumieniem w\u0142asnych emocji, pozwalaj\u0105c, by uczestniczki w trakcie zaj\u0119\u0107 prawdziwie \u201edotkn\u0119\u0142y\u201d arteterapii, przekonuj\u0105c&nbsp; si\u0119 dlaczego warto, by znalaz\u0142a miejsce w ich \u017cyciu. Podczas warsztat\u00f3w, dzi\u0119ki miniaturom fotograficznym, zosta\u0142y zaproszone do zatrzymania si\u0119, ws\u0142uchania w siebie i zadania sobie prostego, aczkolwiek istotnego pytania: Co teraz czuj\u0119? Us\u0142ysza\u0142y o tym, jak wa\u017cny jest spos\u00f3b komunikacji dla naszego og\u00f3lnego nastroju i jak smacznym s\u0142owem mo\u017cemy pod\u015bwiadomie \u201enakarmi\u0107\u201d m\u00f3zg, wyzwalaj\u0105c pozytywne samopoczucie. Nast\u0119pnie ka\u017cda otrzyma\u0142a p\u0142\u00f3tno i palet\u0119 wielu farb z zach\u0119t\u0105, by nie skupia\u0107 si\u0119 na stworzeniu dzie\u0142a sztuki, a pozwoli\u0107 sobie poczu\u0107 \u2013 wej\u015b\u0107 w kontakt z w\u0142asnym wn\u0119trzem.<\/p>\n\n\n\n<p>Arteterapia to forma terapii wykorzystuj\u0105ca proces tw\u00f3rczy do wspierania zdrowia psychicznego, pomagaj\u0105ca wydoby\u0107 emocje, kt\u00f3re czasem trudno nazwa\u0107 s\u0142owami. Nie wymaga zdolno\u015bci plastycznych \u2013 kluczowe s\u0105 tu do\u015bwiadczenie samego procesu tworzenia daj\u0105cego poczucie sprawczo\u015bci, kt\u00f3ry mo\u017ce pom\u00f3c w roz\u0142adowaniu napi\u0119cia i stresu, a tak\u017ce gotowo\u015b\u0107 do spotkania z samym sob\u0105. Dla doros\u0142ych to spos\u00f3b na ponowne odkrycie rado\u015bci tworzenia \u2013 bez presji, z pe\u0142nym przyzwoleniem na niedoskona\u0142o\u015b\u0107. W taki proces wesz\u0142y uczestniczki spotkania \u201ePaleta emocji\u201d. Z pe\u0142nym zaanga\u017cowaniem eksperymentowa\u0142y z r\u00f3\u017cnymi technikami malarskimi, wyra\u017caj\u0105c siebie. Na p\u0142\u00f3tnach pojawi\u0142y si\u0119 r\u00f3\u017cnorodne kszta\u0142ty, kolory i faktury, abstrakcje i symboliczne formy. Ka\u017cdy powsta\u0142y obraz sta\u0142 si\u0119 przyczynkiem do p\u00f3\u017aniejszej rozmowy, z kt\u00f3rej wynik\u0142o, \u017ce czas dla siebie jest bezcenny, a m\u00f3wienie o emocjach nie zawsze musi kojarzy\u0107 si\u0119 z napi\u0119ciem. Wolno\u015b\u0107, moment na oddech, odnalezienie siebie, rado\u015b\u0107, energia\u2026 Czy czytaj\u0105c te s\u0142owa czujecie spok\u00f3j, kt\u00f3rego Wam brakuje? Je\u015bli tak, to czas na przygod\u0119 z arteterapi\u0105!<\/p>\n\n\n\n<p>Dofinansowano ze \u015brodk\u00f3w Ministra Kultury i Dziedzictwa Narodowego pochodz\u0105cych z Funduszu Promocji Kultury<\/p>\n\n\n\n<p>Bogus\u0142awa Serzysko<\/p>\n<\/div><\/div>\n\n\n\n<figure class=\"wp-block-gallery has-nested-images columns-default is-cropped wp-block-gallery-1 is-layout-flex wp-block-gallery-is-layout-flex\">\n<figure class=\"wp-block-image size-large\"><a href=\"https:\/\/slaskipegaz.bs.katowice.pl\/wp-content\/uploads\/2025\/07\/Paleta-emocji-2-scaled.jpg\"><img loading=\"lazy\" decoding=\"async\" width=\"1024\" height=\"683\" data-id=\"22472\" src=\"https:\/\/slaskipegaz.bs.katowice.pl\/wp-content\/uploads\/2025\/07\/Paleta-emocji-2-1024x683.jpg\" alt=\"Na zdj\u0119ciu na pierwszym planie 4 panie siedz\u0105ce przy d\u0142ugim stole. Kobiety s\u0105 w r\u00f3\u017cnym wieku. Jedna z nich, siedz\u0105ca z lewej, u\u015bmiecha si\u0119 i pokazuje jaki\u015b obrazek lub poczt\u00f3wk\u0119 z w stylu retro, przedstawiaj\u0105c\u0105 siedz\u0105c\u0105 na jakim\u015b siedzisku niewiast\u0119. Wi\u0119kszo\u015b\u0107 kobiet przy stole u\u015bmiecha si\u0119 (szczeg\u00f3lnie pani trzymaj\u0105ca poczt\u00f3wk\u0119). Przed kobietami na stole stoj\u0105 fili\u017canki.\" class=\"wp-image-22472\" srcset=\"https:\/\/slaskipegaz.bs.katowice.pl\/wp-content\/uploads\/2025\/07\/Paleta-emocji-2-1024x683.jpg 1024w, https:\/\/slaskipegaz.bs.katowice.pl\/wp-content\/uploads\/2025\/07\/Paleta-emocji-2-300x200.jpg 300w, https:\/\/slaskipegaz.bs.katowice.pl\/wp-content\/uploads\/2025\/07\/Paleta-emocji-2-768x512.jpg 768w, https:\/\/slaskipegaz.bs.katowice.pl\/wp-content\/uploads\/2025\/07\/Paleta-emocji-2-1536x1024.jpg 1536w, https:\/\/slaskipegaz.bs.katowice.pl\/wp-content\/uploads\/2025\/07\/Paleta-emocji-2-2048x1365.jpg 2048w\" sizes=\"auto, (max-width: 1024px) 100vw, 1024px\" \/><\/a><\/figure>\n\n\n\n<figure class=\"wp-block-image size-large\"><a href=\"https:\/\/slaskipegaz.bs.katowice.pl\/wp-content\/uploads\/2025\/07\/Paleta-emocji-3-scaled.jpg\"><img loading=\"lazy\" decoding=\"async\" width=\"1024\" height=\"683\" data-id=\"22473\" src=\"https:\/\/slaskipegaz.bs.katowice.pl\/wp-content\/uploads\/2025\/07\/Paleta-emocji-3-1024x683.jpg\" alt=\"Na zdj\u0119ciu kobieta stoi przed flipchartem, w r\u0119kach trzyma obraz, pokazuje go, u\u015bmiecha si\u0119. Ma na sobie bia\u0142\u0105 bluzk\u0119. Obraz ma \u017c\u00f3\u0142te t\u0142o, namalowane s\u0105 du\u017ce kwiatki (p\u0142atki maj\u0105 pomara\u0144czowe). Kobieta si\u0119 u\u015bmiecha, jest w \u015brednim wieku, ma upi\u0119te w\u0142osy.\" class=\"wp-image-22473\" srcset=\"https:\/\/slaskipegaz.bs.katowice.pl\/wp-content\/uploads\/2025\/07\/Paleta-emocji-3-1024x683.jpg 1024w, https:\/\/slaskipegaz.bs.katowice.pl\/wp-content\/uploads\/2025\/07\/Paleta-emocji-3-300x200.jpg 300w, https:\/\/slaskipegaz.bs.katowice.pl\/wp-content\/uploads\/2025\/07\/Paleta-emocji-3-768x512.jpg 768w, https:\/\/slaskipegaz.bs.katowice.pl\/wp-content\/uploads\/2025\/07\/Paleta-emocji-3-1536x1024.jpg 1536w, https:\/\/slaskipegaz.bs.katowice.pl\/wp-content\/uploads\/2025\/07\/Paleta-emocji-3-2048x1365.jpg 2048w\" sizes=\"auto, (max-width: 1024px) 100vw, 1024px\" \/><\/a><\/figure>\n\n\n\n<figure class=\"wp-block-image size-large\"><a href=\"https:\/\/slaskipegaz.bs.katowice.pl\/wp-content\/uploads\/2025\/07\/Paleta-emocji-4-scaled.jpg\"><img loading=\"lazy\" decoding=\"async\" width=\"768\" height=\"1024\" data-id=\"22471\" src=\"https:\/\/slaskipegaz.bs.katowice.pl\/wp-content\/uploads\/2025\/07\/Paleta-emocji-4-768x1024.jpg\" alt=\"Na zdj\u0119ciu kobieta trzymaj\u0105ca w d\u0142oniach obraz w kolorach pomara\u0144czy i \u017c\u00f3\u0142ci, u do\u0142u nieco zieleni (og\u00f3lnie abstrakcja) flipchartem, w r\u0119kach trzyma obraz. Obraz jest skierowany frontem do aparatu, wychyla si\u0119, spogl\u0105daj\u0105c na niego i zapewne o nim opowiadaj\u0105c.\" class=\"wp-image-22471\" srcset=\"https:\/\/slaskipegaz.bs.katowice.pl\/wp-content\/uploads\/2025\/07\/Paleta-emocji-4-768x1024.jpg 768w, https:\/\/slaskipegaz.bs.katowice.pl\/wp-content\/uploads\/2025\/07\/Paleta-emocji-4-225x300.jpg 225w, https:\/\/slaskipegaz.bs.katowice.pl\/wp-content\/uploads\/2025\/07\/Paleta-emocji-4-1152x1536.jpg 1152w, https:\/\/slaskipegaz.bs.katowice.pl\/wp-content\/uploads\/2025\/07\/Paleta-emocji-4-1536x2048.jpg 1536w, https:\/\/slaskipegaz.bs.katowice.pl\/wp-content\/uploads\/2025\/07\/Paleta-emocji-4-scaled.jpg 1920w\" sizes=\"auto, (max-width: 768px) 100vw, 768px\" \/><\/a><\/figure>\n\n\n\n<figure class=\"wp-block-image size-large\"><a href=\"https:\/\/slaskipegaz.bs.katowice.pl\/wp-content\/uploads\/2025\/07\/Paleta-emocji-5-scaled.jpg\"><img loading=\"lazy\" decoding=\"async\" width=\"1024\" height=\"683\" data-id=\"22474\" src=\"https:\/\/slaskipegaz.bs.katowice.pl\/wp-content\/uploads\/2025\/07\/Paleta-emocji-5-1024x683.jpg\" alt=\"Na zdj\u0119ciu sto\u0142y po\u0142\u0105czone w kszta\u0142t litery &quot;L&quot;. Pomi\u0119dzy sto\u0142ami sto kobieta (blondynka) z obrazem (zielono-turkusowym) w r\u0119ce. U\u015bmiecha i si\u0119 i spogl\u0105da na inn\u0105 kobiet\u0119 za sto\u0142em, Kobieta ta podnosi swoje r\u0119ce przed siebie na wysoko\u015b\u0107 ramion, \u015bmieje si\u0119. Ma na sobie ciemn\u0105 bluzk\u0119 bez ramion oraz fartuch w pionowe granatowe i turkusowe paski.  Za ni\u0105 (a raczej obok niej), r\u00f3wnie\u017c za sto\u0142em, stoi kolejna kobieta z naczyniem z wod\u0105 (do p\u0142ukania p\u0119dzli) o papierow\u0105 tack\u0105 (s\u0142u\u017c\u0105c\u0105 jako paleta), r\u00f3wnie\u017c si\u0119 u\u015bmiecha, ma zamkni\u0119te oczy. Jeszcze dalej (przy kr\u00f3tszym stole \u0142\u0105cz\u0105cym 2 d\u0142u\u017csze sto\u0142y w liter\u0119 &quot;L&quot;) siedzi kobieta, kt\u00f3ra jest zas\u0142oni\u0119ta przez obraz (trzyma go w d\u0142oni, opiera go o st\u00f3\u0142, i maluje).\" class=\"wp-image-22474\" srcset=\"https:\/\/slaskipegaz.bs.katowice.pl\/wp-content\/uploads\/2025\/07\/Paleta-emocji-5-1024x683.jpg 1024w, https:\/\/slaskipegaz.bs.katowice.pl\/wp-content\/uploads\/2025\/07\/Paleta-emocji-5-300x200.jpg 300w, https:\/\/slaskipegaz.bs.katowice.pl\/wp-content\/uploads\/2025\/07\/Paleta-emocji-5-768x512.jpg 768w, https:\/\/slaskipegaz.bs.katowice.pl\/wp-content\/uploads\/2025\/07\/Paleta-emocji-5-1536x1024.jpg 1536w, https:\/\/slaskipegaz.bs.katowice.pl\/wp-content\/uploads\/2025\/07\/Paleta-emocji-5-2048x1365.jpg 2048w\" sizes=\"auto, (max-width: 1024px) 100vw, 1024px\" \/><\/a><\/figure>\n<\/figure>\n","protected":false},"excerpt":{"rendered":"<p>Paleta emocji w bibliotece \u2013 relacja z warsztat\u00f3w Kolory m\u00f3wi\u0105ce wi\u0119cej ni\u017c s\u0142owa, sztuka jako lustro emocji, bezpieczna przestrze\u0144 do bycia sob\u0105 \u2013 to stwierdzenia, kt\u00f3rymi mo\u017cna opisa\u0107 to, co z\u0142o\u017cy\u0142o si\u0119 na warsztat edukacyjny \u201ePaleta emocji \u2013 arteterapia\u201d, kt\u00f3ry odby\u0142 si\u0119 9 czerwca w Bibliotece Publicznej Miasta i Gminy w \u0141azach. Spotkanie, w kt\u00f3rym &hellip; <a href=\"https:\/\/slaskipegaz.bs.katowice.pl\/?p=22469\" class=\"more-link\">Czytaj dalej <span class=\"screen-reader-text\">[Relacja] BIBLIOTEKA PUBLICZNA MIASTA I GMINY W \u0141AZACH<\/span> <span class=\"meta-nav\">&rarr;<\/span><\/a><\/p>\n","protected":false},"author":2,"featured_media":0,"comment_status":"open","ping_status":"open","sticky":false,"template":"","format":"standard","meta":{"_acf_changed":false,"_exactmetrics_skip_tracking":false,"_exactmetrics_sitenote_active":false,"_exactmetrics_sitenote_note":"","_exactmetrics_sitenote_category":0,"footnotes":""},"categories":[6],"tags":[40],"class_list":["post-22469","post","type-post","status-publish","format-standard","hentry","category-aktualnosci","tag-biblioteka-publiczna-miasta-i-gminy-w-lazach"],"acf":[],"jetpack_featured_media_url":"","_links":{"self":[{"href":"https:\/\/slaskipegaz.bs.katowice.pl\/index.php?rest_route=\/wp\/v2\/posts\/22469","targetHints":{"allow":["GET"]}}],"collection":[{"href":"https:\/\/slaskipegaz.bs.katowice.pl\/index.php?rest_route=\/wp\/v2\/posts"}],"about":[{"href":"https:\/\/slaskipegaz.bs.katowice.pl\/index.php?rest_route=\/wp\/v2\/types\/post"}],"author":[{"embeddable":true,"href":"https:\/\/slaskipegaz.bs.katowice.pl\/index.php?rest_route=\/wp\/v2\/users\/2"}],"replies":[{"embeddable":true,"href":"https:\/\/slaskipegaz.bs.katowice.pl\/index.php?rest_route=%2Fwp%2Fv2%2Fcomments&post=22469"}],"version-history":[{"count":2,"href":"https:\/\/slaskipegaz.bs.katowice.pl\/index.php?rest_route=\/wp\/v2\/posts\/22469\/revisions"}],"predecessor-version":[{"id":22476,"href":"https:\/\/slaskipegaz.bs.katowice.pl\/index.php?rest_route=\/wp\/v2\/posts\/22469\/revisions\/22476"}],"wp:attachment":[{"href":"https:\/\/slaskipegaz.bs.katowice.pl\/index.php?rest_route=%2Fwp%2Fv2%2Fmedia&parent=22469"}],"wp:term":[{"taxonomy":"category","embeddable":true,"href":"https:\/\/slaskipegaz.bs.katowice.pl\/index.php?rest_route=%2Fwp%2Fv2%2Fcategories&post=22469"},{"taxonomy":"post_tag","embeddable":true,"href":"https:\/\/slaskipegaz.bs.katowice.pl\/index.php?rest_route=%2Fwp%2Fv2%2Ftags&post=22469"}],"curies":[{"name":"wp","href":"https:\/\/api.w.org\/{rel}","templated":true}]}}