{"id":22510,"date":"2025-07-16T09:00:43","date_gmt":"2025-07-16T07:00:43","guid":{"rendered":"https:\/\/slaskipegaz.bs.katowice.pl\/?p=22510"},"modified":"2025-07-17T08:37:12","modified_gmt":"2025-07-17T06:37:12","slug":"zapowiedz-miejska-biblioteka-publiczna-w-sosnowcu-153","status":"publish","type":"post","link":"https:\/\/slaskipegaz.bs.katowice.pl\/?p=22510","title":{"rendered":"[Zapowied\u017a] MIEJSKA BIBLIOTEKA PUBLICZNA W SOSNOWCU"},"content":{"rendered":"\n<div class=\"wp-block-media-text is-stacked-on-mobile is-vertically-aligned-top\"><figure class=\"wp-block-media-text__media\"><img loading=\"lazy\" decoding=\"async\" width=\"719\" height=\"1024\" src=\"https:\/\/slaskipegaz.bs.katowice.pl\/wp-content\/uploads\/2025\/07\/26.07_PiknikRycerski_plakat-719x1024.jpg\" alt=\"Plakat w stylu flat, czyli grafiki bez gradient\u00f3w, tr\u00f3jwymiar\u00f3w, po prostu kolorowe elementy, kszta\u0142ty (raki, chmurki itd. Po \u015brodku ko\u0142o ratunkkowe (te\u017c ilustracja), a w nich zdj\u0119cie walcz\u0105cych rycerzy). Poza tym tre\u015b\u0107 zgodna z opisem wydarzenia.\" class=\"wp-image-22511 size-full\" srcset=\"https:\/\/slaskipegaz.bs.katowice.pl\/wp-content\/uploads\/2025\/07\/26.07_PiknikRycerski_plakat-719x1024.jpg 719w, https:\/\/slaskipegaz.bs.katowice.pl\/wp-content\/uploads\/2025\/07\/26.07_PiknikRycerski_plakat-211x300.jpg 211w, https:\/\/slaskipegaz.bs.katowice.pl\/wp-content\/uploads\/2025\/07\/26.07_PiknikRycerski_plakat-768x1095.jpg 768w, https:\/\/slaskipegaz.bs.katowice.pl\/wp-content\/uploads\/2025\/07\/26.07_PiknikRycerski_plakat.jpg 842w\" sizes=\"auto, (max-width: 719px) 100vw, 719px\" \/><\/figure><div class=\"wp-block-media-text__content\">\n<p><strong>Piknik rycerski, czyli Bractwo Rycerskie Zamku B\u0119dzin w akcji \u2013 plenerowe warsztaty w stylu \u015bredniowiecznym w Zag\u0142\u0119biowskiej Mediatece [26.07.2025]<\/strong><\/p>\n\n\n\n<p>Miejska Biblioteka Publiczna w Sosnowcu \u2013 organizator akcji \u201eLato na luzie \u2013 wakacyjne pikniki kulturalne\u201d, w tym cyklu \u201eFamilijne soboty\u201d, serdecznie zaprasza 26 lipca 2025 o godz. 11.00 do udzia\u0142u w plenerowych warsztatach w stylu \u015bredniowiecznym \u201ePiknik rycerski, czyli Bractwo Rycerskie Zamku B\u0119dzin w akcji\u201d, kt\u00f3re odb\u0119d\u0105 si\u0119 w Ogrodzie Zag\u0142\u0119biowskiej Mediateki (ul. Ko\u015bcielna 11). W programie: prezentacja stroj\u00f3w i walk rycerskich, lekcja na temat historii i polskiego \u015bredniowiecza, tematyczne gry i zabawy.<strong> <\/strong>Wst\u0119p wolny.<\/p>\n\n\n\n<!--more-->\n\n\n\n<p>W\u015br\u00f3d atrakcji pikniku znajd\u0105 si\u0119 m.in.:<\/p>\n\n\n\n<ul class=\"wp-block-list\">\n<li>Obozowisko rycerskie. W miejscu imprezy rozstawione zostan\u0105: \u015bredniowieczny namiot, a wraz z nim sprz\u0119ty obozowe takie jak np. palenisko, naczynia, przedmioty codziennego u\u017cytku, \u0142awy. B\u0119dzie mo\u017cna ogl\u0105da\u0107 i przymierza\u0107 elementy \u015bredniowiecznego uzbrojenia.<\/li>\n<\/ul>\n\n\n\n<ul class=\"wp-block-list\">\n<li>Pokaz walki po\u0142\u0105czony ze scenk\u0105 obyczajow\u0105 z \u017cycia epoki (napad rabusi\u00f3w).<\/li>\n<\/ul>\n\n\n\n<ul class=\"wp-block-list\">\n<li>Zabawy i gry jarmarczne i plebejskie, kt\u00f3rych katalog jest bardzo szeroki: strzelanie z \u0142uku do tarczy, rzucanie w\u0142\u00f3czni\u0105, toporkami i no\u017cami do celu, wy\u015bcigi dru\u017cyn w drewnianych nartach, walki na worki na r\u00f3wnowa\u017cni, \u201em\u0142ynek rycerski\u201d (okr\u0119canie si\u0119 na mieczu i \u015bcinanie kapusty), walki na specjalne treningowe, bezpieczne miecze w kaskach, przeci\u0105ganie liny, zmagania si\u0142aczy: trzymanie halabard na czas, si\u0142owanie na r\u0119k\u0119, rzut belk\u0105, bieg damy i rycerza, podczas kt\u00f3rego pary wykonuj\u0105 liczne zadania na czas m.in. rzut wiankiem na miecz, slalom z garncem pe\u0142nym wody, przebieranie fasolek, obieranie jab\u0142ek toporem i inne, gra w boulle (\u015bredniowieczna gra w kule) i wiele innych.<\/li>\n<\/ul>\n\n\n\n<ul class=\"wp-block-list\">\n<li>Turniej rycerski dla uczestnik\u00f3w na bezpieczne sportowe miecze.<\/li>\n<\/ul>\n\n\n\n<ul class=\"wp-block-list\">\n<li>Warsztaty ta\u0144ca dawnego \u2013 nauka i zabawa w prostym ta\u0144cu \u015bredniowiecznym w k\u00f3\u0142eczku.<\/li>\n<\/ul>\n\n\n\n<ul class=\"wp-block-list\">\n<li>Turniej rzutu kolczug\u0105.<\/li>\n<\/ul>\n\n\n\n<p>Familijne soboty:<\/p>\n\n\n\n<p>W soboty organizatorzy projektu skupi\u0105 si\u0119 na najm\u0142odszych odbiorcach swojej oferty. W zwi\u0105zku z tym, w programie znajd\u0105 si\u0119 liczne warsztaty i kreatywne spotkania przeznaczone dla dzieci i m\u0142odzie\u017cy oraz ich opiekun\u00f3w.<\/p>\n\n\n\n<p>Cho\u0107 wszystkie imprezy w Zag\u0142\u0119biowskiej Mediatece przy ul. Ko\u015bcielnej 11 docelowo maj\u0105 si\u0119 odby\u0107 w Ogrodzie, w przypadku niesprzyjaj\u0105cych warunk\u00f3w pogodowych zostan\u0105 one przeniesione do wn\u0119trza Mediateki.<\/p>\n\n\n\n<p>Mimo, \u017ce nowo zdobyta wiedza, poszerzenie horyzont\u00f3w i doskonalenie fascynuj\u0105cych umiej\u0119tno\u015bci to nagrody same w sobie, Organizator przewidzia\u0142 nagrody dla najaktywniejszych uczestnik\u00f3w akcji. Kosze wype\u0142nione gad\u017cetami i ksi\u0105\u017ckami otrzymaj\u0105 osoby, kt\u00f3re finalnie skompletuj\u0105 najwi\u0119cej naklejek rozdawanych podczas&nbsp; wakacyjnych imprez.<\/p>\n\n\n\n<p>S\u0142\u00f3wko o projekcie:<\/p>\n\n\n\n<p>\u201eLato na luzie \u2013 wakacyjne pikniki kulturalne\u201d to trzymiesi\u0119czny, interdyscyplinarny, edukacyjny, promuj\u0105cy korzy\u015bci p\u0142yn\u0105ce z obcowania z szeroko rozumian\u0105 kultur\u0105 projekt sosnowieckiej Biblioteki, kt\u00f3rego celem jest popularyzowanie czytelnictwa oraz ukazanie Zag\u0142\u0119biowskiej Mediateki jako instytucji animuj\u0105cej kultur\u0119 i aktywizuj\u0105cej miejscow\u0105 spo\u0142eczno\u015b\u0107, a tak\u017ce miejsca spotka\u0144 ludzi literatury, sztuki i nauki z czytelnikami, s\u0142uchaczami i widzami. Plenerowe lekcje tematyczne, warsztaty, koncerty, spektakle, pokazy filmowe i in. przebiega\u0107 b\u0119d\u0105 w lekkim, swobodnym i wakacyjnym klimacie, a dzi\u0119ki uwzgl\u0119dnieniu w programie potrzeb wszystkich grup wiekowych zyskaj\u0105 prawdziwie mi\u0119dzypokoleniowy charakter i urok. Partnerami projektu b\u0119d\u0105 nauczyciele, pisarze, podcasterzy, arty\u015bci, ksi\u0119garze, edukatorzy i pedagodzy, a niemal ka\u017cdy dzie\u0144 tygodnia b\u0119dzie dla uczestnik\u00f3w (i organizator\u00f3w) now\u0105, fascynuj\u0105c\u0105, letni\u0105 przygod\u0105!<\/p>\n\n\n\n<p>Celem projektu jest rozw\u00f3j kompetencji kulturowych, a tak\u017ce mi\u0119dzypokoleniowa, zapo\u015bredniczona przez aktywny udzia\u0142 w \u017cyciu kulturalnym integracja dzieci, m\u0142odzie\u017cy, doros\u0142ych i senior\u00f3w z r\u00f3\u017cnych \u015brodowisk, dzielnic Sosnowca i \u2013 szerzej \u2013 miast regionu, pobudzanie w nich potrzeby poszerzania zakresu wiedzy z r\u00f3\u017cnorodnych dziedzin kultury i nauki. Zadaniem organizator\u00f3w jest r\u00f3wnie\u017c edukacja kulturalna i wi\u0105\u017c\u0105ca si\u0119 z ni\u0105 promocja ksi\u0105\u017cek beletrystycznych, poradnikowych i popularnonaukowych, a tak\u017ce komiks\u00f3w i powie\u015bci graficznych, audiobook\u00f3w, gier edukacyjnych, p\u0142yt CD i DVD oraz winylowych (w skr\u00f3cie \u2013 r\u00f3\u017cnorodnych zbior\u00f3w bibliotecznych), kszta\u0142towanie zainteresowa\u0144 kulturalnych, piel\u0119gnowanie nawyku aktywnego uczestnictwa w kulturze. Ponadto \u2013 kreatywne, nieraz nowatorskie, animowanie czasu wolnego mieszka\u0144c\u00f3w, w piknikowym, wakacyjnym, swobodnym nastroju, sprzyjaj\u0105cym dobrej zabawie, promowaniu wsp\u00f3\u0142pracy i naturalnej empatii!<\/p>\n\n\n\n<p>Mamy solidne wsparcie:<\/p>\n\n\n\n<p>Honorowym patronatem letni\u0105 akcj\u0119 obj\u0105\u0142 Prezydent Miasta Sosnowca \u2013 Arkadiusz Ch\u0119ci\u0144ski.<\/p>\n\n\n\n<p>Partnerami akcji s\u0105: Centrum Doskonalenia Nauczycieli, Instytut Zag\u0142\u0119bia D\u0105browskiego, Liceum Sztuk Plastycznych w D\u0105browie G\u00f3rniczej, Studencka Ksi\u0119garnia J\u0119zykowa w Sosnowcu, Urz\u0105d Miasta w Sosnowcu, Centrum Informacji Miejskiej, Teatr Zag\u0142\u0119bia w Sosnowcu, Sellmusic.eu.<\/p>\n\n\n\n<p>Patronat medialny: TVS, Miesi\u0119cznik \u015al\u0105sk, Kurier Miejski, Sosnowiec.pl, MiastoDzieci.pl, 41-200.pl, SilesiaDzieci.pl, Sosnowiecki.pl.<\/p>\n\n\n\n<figure class=\"wp-block-gallery has-nested-images columns-default is-cropped wp-block-gallery-1 is-layout-flex wp-block-gallery-is-layout-flex\">\n<figure class=\"wp-block-image size-large\"><a href=\"https:\/\/slaskipegaz.bs.katowice.pl\/wp-content\/uploads\/2025\/07\/LOGO-MKiDN.png\"><img loading=\"lazy\" decoding=\"async\" width=\"1024\" height=\"288\" data-id=\"22466\" src=\"https:\/\/slaskipegaz.bs.katowice.pl\/wp-content\/uploads\/2025\/07\/LOGO-MKiDN-1024x288.png\" alt=\"\" class=\"wp-image-22466\" srcset=\"https:\/\/slaskipegaz.bs.katowice.pl\/wp-content\/uploads\/2025\/07\/LOGO-MKiDN-1024x288.png 1024w, https:\/\/slaskipegaz.bs.katowice.pl\/wp-content\/uploads\/2025\/07\/LOGO-MKiDN-300x84.png 300w, https:\/\/slaskipegaz.bs.katowice.pl\/wp-content\/uploads\/2025\/07\/LOGO-MKiDN-768x216.png 768w, https:\/\/slaskipegaz.bs.katowice.pl\/wp-content\/uploads\/2025\/07\/LOGO-MKiDN.png 1536w\" sizes=\"auto, (max-width: 1024px) 100vw, 1024px\" \/><\/a><\/figure>\n<\/figure>\n\n\n\n<p>Dofinansowano ze \u015brodk\u00f3w Ministra Kultury i Dziedzictwa Narodowego pochodz\u0105cych z Funduszu Promocji Kultury \u2013 pa\u0144stwowego funduszu celowego.<\/p>\n\n\n\n<p>Wszystkich zainteresowanych otrzymywaniem regularnych informacji o ofercie Miejskiej Biblioteki Publicznej w Sosnowcu zach\u0119camy do zapisania si\u0119 do newslettera za po\u015brednictwem strony www.biblioteka.sosnowiec.pl i \u015bledzenia nas w mediach spo\u0142eczno\u015bciowych (Facebook, YouTube, Instagram, Twitter, TikTok).<\/p>\n<\/div><\/div>\n","protected":false},"excerpt":{"rendered":"<p>Piknik rycerski, czyli Bractwo Rycerskie Zamku B\u0119dzin w akcji \u2013 plenerowe warsztaty w stylu \u015bredniowiecznym w Zag\u0142\u0119biowskiej Mediatece [26.07.2025] Miejska Biblioteka Publiczna w Sosnowcu \u2013 organizator akcji \u201eLato na luzie \u2013 wakacyjne pikniki kulturalne\u201d, w tym cyklu \u201eFamilijne soboty\u201d, serdecznie zaprasza 26 lipca 2025 o godz. 11.00 do udzia\u0142u w plenerowych warsztatach w stylu \u015bredniowiecznym &hellip; <a href=\"https:\/\/slaskipegaz.bs.katowice.pl\/?p=22510\" class=\"more-link\">Czytaj dalej <span class=\"screen-reader-text\">[Zapowied\u017a] MIEJSKA BIBLIOTEKA PUBLICZNA W SOSNOWCU<\/span> <span class=\"meta-nav\">&rarr;<\/span><\/a><\/p>\n","protected":false},"author":2,"featured_media":0,"comment_status":"closed","ping_status":"open","sticky":false,"template":"","format":"standard","meta":{"_acf_changed":false,"_exactmetrics_skip_tracking":false,"_exactmetrics_sitenote_active":false,"_exactmetrics_sitenote_note":"","_exactmetrics_sitenote_category":0,"footnotes":""},"categories":[6],"tags":[146],"class_list":["post-22510","post","type-post","status-publish","format-standard","hentry","category-aktualnosci","tag-miejska-biblioteka-publiczna-w-sosnowcu"],"acf":[],"jetpack_featured_media_url":"","_links":{"self":[{"href":"https:\/\/slaskipegaz.bs.katowice.pl\/index.php?rest_route=\/wp\/v2\/posts\/22510","targetHints":{"allow":["GET"]}}],"collection":[{"href":"https:\/\/slaskipegaz.bs.katowice.pl\/index.php?rest_route=\/wp\/v2\/posts"}],"about":[{"href":"https:\/\/slaskipegaz.bs.katowice.pl\/index.php?rest_route=\/wp\/v2\/types\/post"}],"author":[{"embeddable":true,"href":"https:\/\/slaskipegaz.bs.katowice.pl\/index.php?rest_route=\/wp\/v2\/users\/2"}],"replies":[{"embeddable":true,"href":"https:\/\/slaskipegaz.bs.katowice.pl\/index.php?rest_route=%2Fwp%2Fv2%2Fcomments&post=22510"}],"version-history":[{"count":4,"href":"https:\/\/slaskipegaz.bs.katowice.pl\/index.php?rest_route=\/wp\/v2\/posts\/22510\/revisions"}],"predecessor-version":[{"id":22515,"href":"https:\/\/slaskipegaz.bs.katowice.pl\/index.php?rest_route=\/wp\/v2\/posts\/22510\/revisions\/22515"}],"wp:attachment":[{"href":"https:\/\/slaskipegaz.bs.katowice.pl\/index.php?rest_route=%2Fwp%2Fv2%2Fmedia&parent=22510"}],"wp:term":[{"taxonomy":"category","embeddable":true,"href":"https:\/\/slaskipegaz.bs.katowice.pl\/index.php?rest_route=%2Fwp%2Fv2%2Fcategories&post=22510"},{"taxonomy":"post_tag","embeddable":true,"href":"https:\/\/slaskipegaz.bs.katowice.pl\/index.php?rest_route=%2Fwp%2Fv2%2Ftags&post=22510"}],"curies":[{"name":"wp","href":"https:\/\/api.w.org\/{rel}","templated":true}]}}