{"id":22518,"date":"2025-07-17T09:34:16","date_gmt":"2025-07-17T07:34:16","guid":{"rendered":"https:\/\/slaskipegaz.bs.katowice.pl\/?p=22518"},"modified":"2025-07-17T11:51:16","modified_gmt":"2025-07-17T09:51:16","slug":"zapowiedz-miejska-biblioteka-publiczna-w-jaworznie-97","status":"publish","type":"post","link":"https:\/\/slaskipegaz.bs.katowice.pl\/?p=22518","title":{"rendered":"[Zapowied\u017a] MIEJSKA BIBLIOTEKA PUBLICZNA W JAWORZNIE"},"content":{"rendered":"\n<div class=\"wp-block-media-text is-stacked-on-mobile is-vertically-aligned-top\"><figure class=\"wp-block-media-text__media\"><img loading=\"lazy\" decoding=\"async\" width=\"543\" height=\"768\" src=\"https:\/\/slaskipegaz.bs.katowice.pl\/wp-content\/uploads\/2025\/07\/skonczone-i-nieskonczone-wystawa.jpg\" alt=\"Plakat, tre\u015b\u0107 zgodna z opisem wydarzenia. W tle r\u00f3\u017cne obrazy obok siebie. Przedstawiaj\u0105 abstrakcj\u0119, prawdopodobni te\u017c wod\u0119, ro\u015bliny.\" class=\"wp-image-22519 size-full\" srcset=\"https:\/\/slaskipegaz.bs.katowice.pl\/wp-content\/uploads\/2025\/07\/skonczone-i-nieskonczone-wystawa.jpg 543w, https:\/\/slaskipegaz.bs.katowice.pl\/wp-content\/uploads\/2025\/07\/skonczone-i-nieskonczone-wystawa-212x300.jpg 212w\" sizes=\"auto, (max-width: 543px) 100vw, 543px\" \/><\/figure><div class=\"wp-block-media-text__content\">\n<p><strong>Sko\u0144czone i niesko\u0144czone \u2013 wystawa wspomnieniowa po\u015bwi\u0119cona tw\u00f3rczo\u015bci Magdaleny Ossysek i Anny P\u0142awny<\/strong><\/p>\n\n\n\n<p><em>Wszystko, co tworzy\u0142em mia\u0142o zawsze cech\u0119 wyznania. Wyznania stawa\u0142y si\u0119 coraz bardziej osobiste. Wyznania, aby ocali\u0107 przed zapomnieniem. [\u2026] A potem to ci\u0105g\u0142e pragnienie czy marzenie i wo\u0142anie by tw\u00f3rczo\u015b\u0107 by\u0142a wolna, podleg\u0142a tylko mnie, moim s\u0142abo\u015bciom, szale\u0144stwom, chorobom, moim kl\u0119skom, mojej samotno\u015bci\u2026<\/em><\/p>\n\n\n\n<p>Tadeusz Kantor<\/p>\n\n\n\n<p>S\u0142owa Tadeusza Kantora, wybitego polskiego malarza, re\u017cysera i scenarzysty stanowi\u0105 motto wystawy wspomnieniowej, zatytu\u0142owanej \u201eSko\u0144czone i niesko\u0144czone\u201d, po\u015bwi\u0119conej tw\u00f3rczo\u015bci Magdaleny Ossysek i Anny P\u0142awny, nale\u017c\u0105cych do Nieformalnej Grupy Artystycznej \u201ena przek\u00f3r\u201d. Pomys\u0142odawczyni\u0105 i kuratork\u0105 ekspozycji, prezentowanej w Miejskiej Bibliotece Publicznej w Jaworznie, <strong>od 25 lipca do 17 sierpnia<\/strong>, jest Dorota Pamu\u0142a. Uroczyste otwarcie wystawy odb\u0119dzie si\u0119 25 lipca o godz. 16.30.<\/p>\n\n\n\n<!--more-->\n\n\n\n<p><strong>Magdalena Ossysek<\/strong><\/p>\n\n\n\n<p>ur. 14.01.1963 r. \u2013 zm. 24.12.2021 r., absolwentka Politechniki \u015al\u0105skiej w Gliwicach, nauczycielka matematyki i informatyki w Zespole Szk\u00f3\u0142 nr 3 w Jaworznie, prezes Towarzystwa Przyjaci\u00f3\u0142 Miasta Jaworzna, cz\u0142onkini Ko\u0142a \u201ePlastusie\u201d i Stowarzyszenia Tw\u00f3rc\u00f3w Kultury w Jaworznie, pasjonatka malarstwa, podr\u00f3\u017cniczka. W swojej tw\u00f3rczo\u015bci inspirowa\u0142a si\u0119 przyrod\u0105 i lud\u017ami. Ulubionymi technikami by\u0142y: akryl, akwarela, pastele olejne, pouring.<\/p>\n\n\n\n<p>WYSTAWY ZBIOROWE<\/p>\n\n\n\n<p>* 2003 &#8211; Nie sam\u0105 prac\u0105 belfer \u017cyje &#8211; Jaworzno<\/p>\n\n\n\n<p>* 2010 &#8211; Mi\u0119dzy barw\u0105 a d\u017awi\u0119kiem &#8211; Jaworzno<\/p>\n\n\n\n<p>* 2011 &#8211; Miasto z dusz\u0105 &#8211; Jaworzno<\/p>\n\n\n\n<p>* 2012 &#8211; Miasto z dusz\u0105 &#8211; Bielsko-Bia\u0142a<\/p>\n\n\n\n<p>* 2013 &#8211; Miasto z dusz\u0105 &#8211; Katowice<\/p>\n\n\n\n<p>* 2015 &#8211; Nasze pasje stare i nowe &#8211; Jaworzno<\/p>\n\n\n\n<p>* 2019 &#8211; Co s\u0142ycha\u0107 &#8211; Jaworzno<\/p>\n\n\n\n<p>* 2019 &#8211; Co s\u0142ycha\u0107 \u2013 Bielsko-Bia\u0142a<\/p>\n\n\n\n<p>* 2021 &#8211; Wystawa jubileuszowa Nieformalnej Grupy Artystycznej ,,na przek\u00f3r\u201d- Jaworzno<\/p>\n\n\n\n<p>* 2025 &#8211; Wystawa wspomnieniowa &#8211; Sko\u0144czone i niesko\u0144czone &#8211; Jaworzno<\/p>\n\n\n\n<p><strong>Anna P\u0142awny<\/strong><\/p>\n\n\n\n<p>ur.01.01.1949 r. \u2013 zm. 01.06.2024 r., absolwentka bielskiego Pa\u0144stwowego Liceum Sztuk Plastycznych, instruktorka terapii zaj\u0119ciowej w Warsztacie Terapii Zaj\u0119ciowej w Jaworznie dla os\u00f3b z niepe\u0142nosprawno\u015bci\u0105 intelektualn\u0105 \u2013 prowadzi\u0142a pracowni\u0119 plastyczn\u0105. Tworzy\u0142a jedyne w swoim rodzaju, niezwykle pi\u0119kne i precyzyjne kola\u017ce.<\/p>\n\n\n\n<p>WYSTAWY ZBIOROWE<\/p>\n\n\n\n<p>* 2003 &#8211; Nie sam\u0105 prac\u0105 belfer \u017cyje &#8211; Jaworzno<\/p>\n\n\n\n<p>* 2009 &#8211; W porywach &#8211; Jaworzno<\/p>\n\n\n\n<p>* 2009 &#8211; W porywach &#8211; Bielsko-Bia\u0142a<\/p>\n\n\n\n<p>* 2010 &#8211; Mi\u0119dzy barw\u0105 a d\u017awi\u0119kiem &#8211; Jaworzno<\/p>\n\n\n\n<p>* 2011 &#8211; Miasto z dusz\u0105 &#8211; Jaworzno<\/p>\n\n\n\n<p>* 2012 &#8211; Miasto z dusz\u0105 &#8211; Bielsko-Bia\u0142a<\/p>\n\n\n\n<p>* 2013 &#8211; Miasto z dusz\u0105 &#8211; Katowice<\/p>\n\n\n\n<p>* 2015 &#8211; Nasze pasje stare i nowe &#8211; Jaworzno<\/p>\n\n\n\n<p>* 2021 &#8211; Wystawa jubileuszowa Nieformalnej Grupy Artystycznej ,,na przek\u00f3r\u201d- Jaworzno<\/p>\n\n\n\n<p>* 2025 &#8211; Wystawa wspomnieniowa &#8211; Sko\u0144czone i niesko\u0144czone &#8211; Jaworzno<\/p>\n<\/div><\/div>\n","protected":false},"excerpt":{"rendered":"<p>Sko\u0144czone i niesko\u0144czone \u2013 wystawa wspomnieniowa po\u015bwi\u0119cona tw\u00f3rczo\u015bci Magdaleny Ossysek i Anny P\u0142awny Wszystko, co tworzy\u0142em mia\u0142o zawsze cech\u0119 wyznania. Wyznania stawa\u0142y si\u0119 coraz bardziej osobiste. Wyznania, aby ocali\u0107 przed zapomnieniem. [\u2026] A potem to ci\u0105g\u0142e pragnienie czy marzenie i wo\u0142anie by tw\u00f3rczo\u015b\u0107 by\u0142a wolna, podleg\u0142a tylko mnie, moim s\u0142abo\u015bciom, szale\u0144stwom, chorobom, moim kl\u0119skom, mojej &hellip; <a href=\"https:\/\/slaskipegaz.bs.katowice.pl\/?p=22518\" class=\"more-link\">Czytaj dalej <span class=\"screen-reader-text\">[Zapowied\u017a] MIEJSKA BIBLIOTEKA PUBLICZNA W JAWORZNIE<\/span> <span class=\"meta-nav\">&rarr;<\/span><\/a><\/p>\n","protected":false},"author":2,"featured_media":0,"comment_status":"closed","ping_status":"open","sticky":false,"template":"","format":"standard","meta":{"_acf_changed":false,"_exactmetrics_skip_tracking":false,"_exactmetrics_sitenote_active":false,"_exactmetrics_sitenote_note":"","_exactmetrics_sitenote_category":0,"footnotes":""},"categories":[6],"tags":[8,24],"class_list":["post-22518","post","type-post","status-publish","format-standard","hentry","category-aktualnosci","tag-miejska-biblioteka-publiczna-w-jaworznie","tag-wystawa"],"acf":[],"jetpack_featured_media_url":"","_links":{"self":[{"href":"https:\/\/slaskipegaz.bs.katowice.pl\/index.php?rest_route=\/wp\/v2\/posts\/22518","targetHints":{"allow":["GET"]}}],"collection":[{"href":"https:\/\/slaskipegaz.bs.katowice.pl\/index.php?rest_route=\/wp\/v2\/posts"}],"about":[{"href":"https:\/\/slaskipegaz.bs.katowice.pl\/index.php?rest_route=\/wp\/v2\/types\/post"}],"author":[{"embeddable":true,"href":"https:\/\/slaskipegaz.bs.katowice.pl\/index.php?rest_route=\/wp\/v2\/users\/2"}],"replies":[{"embeddable":true,"href":"https:\/\/slaskipegaz.bs.katowice.pl\/index.php?rest_route=%2Fwp%2Fv2%2Fcomments&post=22518"}],"version-history":[{"count":4,"href":"https:\/\/slaskipegaz.bs.katowice.pl\/index.php?rest_route=\/wp\/v2\/posts\/22518\/revisions"}],"predecessor-version":[{"id":22532,"href":"https:\/\/slaskipegaz.bs.katowice.pl\/index.php?rest_route=\/wp\/v2\/posts\/22518\/revisions\/22532"}],"wp:attachment":[{"href":"https:\/\/slaskipegaz.bs.katowice.pl\/index.php?rest_route=%2Fwp%2Fv2%2Fmedia&parent=22518"}],"wp:term":[{"taxonomy":"category","embeddable":true,"href":"https:\/\/slaskipegaz.bs.katowice.pl\/index.php?rest_route=%2Fwp%2Fv2%2Fcategories&post=22518"},{"taxonomy":"post_tag","embeddable":true,"href":"https:\/\/slaskipegaz.bs.katowice.pl\/index.php?rest_route=%2Fwp%2Fv2%2Ftags&post=22518"}],"curies":[{"name":"wp","href":"https:\/\/api.w.org\/{rel}","templated":true}]}}