{"id":22571,"date":"2025-08-19T09:27:07","date_gmt":"2025-08-19T07:27:07","guid":{"rendered":"https:\/\/slaskipegaz.bs.katowice.pl\/?p=22571"},"modified":"2025-08-19T09:27:55","modified_gmt":"2025-08-19T07:27:55","slug":"podcast-miejska-biblioteka-publiczna-w-sosnowcu","status":"publish","type":"post","link":"https:\/\/slaskipegaz.bs.katowice.pl\/?p=22571","title":{"rendered":"[Podcast] MIEJSKA BIBLIOTEKA PUBLICZNA W SOSNOWCU"},"content":{"rendered":"\n<div class=\"wp-block-media-text is-stacked-on-mobile is-vertically-aligned-top\"><figure class=\"wp-block-media-text__media\"><img loading=\"lazy\" decoding=\"async\" width=\"719\" height=\"1024\" src=\"https:\/\/slaskipegaz.bs.katowice.pl\/wp-content\/uploads\/2025\/08\/kwadrans_martyna_plakat-719x1024.jpg\" alt=\"Plakat, na kt\u00f3rym wida\u0107 m\u0142od\u0105 kobiet\u0119 (zbli\u017cenie, mo\u017cna powiedzie\u0107 portret) z kr\u00f3tszymi w\u0142osami, w okularach, ze s\u0142uchawkami na uszach, spogl\u0105daj\u0105c\u0105 w prawo. Za kobiet\u0105 sprz\u0119ty (jakby w studiu radiowym). Poza tym w g\u00f3rnej cz\u0119\u015bci plakatu granatowy pas i czerwone paski. Poza tym tekst zgodny z opisem odcinka (podcastu),\" class=\"wp-image-22572 size-full\" srcset=\"https:\/\/slaskipegaz.bs.katowice.pl\/wp-content\/uploads\/2025\/08\/kwadrans_martyna_plakat-719x1024.jpg 719w, https:\/\/slaskipegaz.bs.katowice.pl\/wp-content\/uploads\/2025\/08\/kwadrans_martyna_plakat-211x300.jpg 211w, https:\/\/slaskipegaz.bs.katowice.pl\/wp-content\/uploads\/2025\/08\/kwadrans_martyna_plakat-768x1095.jpg 768w, https:\/\/slaskipegaz.bs.katowice.pl\/wp-content\/uploads\/2025\/08\/kwadrans_martyna_plakat.jpg 842w\" sizes=\"auto, (max-width: 719px) 100vw, 719px\" \/><\/figure><div class=\"wp-block-media-text__content\">\n<p><strong>Martyna Go\u0142\u0119biowska | KWADRANS TWARZ\u0104 W TWARZ | Fonogon<\/strong><\/p>\n\n\n\n<p>Prezentujemy odcinek \u201eKwadransa Twarz\u0105 w Twarz\u201d \u2013 nie tylko o muzyce, ale o drodze, emocjach, nieoczywistych d\u017awi\u0119kach, kt\u00f3re nie mieszcz\u0105 si\u0119 w \u017cadnych ramach. Na naszej kanapie Martyna Go\u0142\u0119biowska \u2013 jedna z najciekawszych postaci m\u0142odej sceny muzycznej Zag\u0142\u0119bia D\u0105browskiego. Wokalistka i gitarzystka zespo\u0142u Fonogon, kt\u00f3ry od lat kreuje unikalne brzmienie na pograniczu ambientu, dubu i rocka. Martyna opowiada o swojej drodze, inspiracjach, projektach i koncertach w miejscach, kt\u00f3re na pierwszy rzut oka z muzyk\u0105 maj\u0105 niewiele wsp\u00f3lnego. Dowiecie si\u0119 te\u017c, dlaczego muzyka to u niej nie tylko wyb\u00f3r, ale i pewien dziedziczony gen \u2013 w tle pojawia si\u0119 Wojtek \u201eGo\u0142y\u201d Go\u0142\u0119biowski, muzyk zwi\u0105zany m.in. z zespo\u0142ami Natural Mystic i 100 Tvarzy Grzybiarzy, wsp\u00f3\u0142pracuj\u0105cy r\u00f3wnie\u017c z legend\u0105 \u2013 Robertem Brylewskim.<\/p>\n\n\n\n<p>YT: <a href=\"https:\/\/youtu.be\/OkBRz7-FYBs\">https:\/\/youtu.be\/OkBRz7-FYBs<\/a><\/p>\n\n\n\n<p>Spotify:<a href=\"https:\/\/creators.spotify.com\/pod\/profile\/15twt\/episodes\/Martyna-Gobiowska--KWADRANS-TWARZ-W-TWARZ--Fonogon-e360j3k\">https:\/\/creators.spotify.com\/pod\/profile\/15twt\/episodes\/Martyna-Gobiowska&#8211;KWADRANS-TWARZ-W-TWARZ&#8211;Fonogon-e360j3k<\/a><\/p>\n<\/div><\/div>\n\n\n\n<figure class=\"wp-block-embed is-type-video is-provider-youtube wp-block-embed-youtube wp-embed-aspect-16-9 wp-has-aspect-ratio\"><div class=\"wp-block-embed__wrapper\">\n<iframe loading=\"lazy\" title=\"Martyna Go\u0142\u0119biowska | KWADRANS TWARZ\u0104 W TWARZ | Fonogon\" width=\"604\" height=\"340\" src=\"https:\/\/www.youtube.com\/embed\/OkBRz7-FYBs?feature=oembed\" frameborder=\"0\" allow=\"accelerometer; autoplay; clipboard-write; encrypted-media; gyroscope; picture-in-picture; web-share\" referrerpolicy=\"strict-origin-when-cross-origin\" allowfullscreen><\/iframe>\n<\/div><\/figure>\n\n\n\n<p><\/p>\n","protected":false},"excerpt":{"rendered":"<p>Martyna Go\u0142\u0119biowska | KWADRANS TWARZ\u0104 W TWARZ | Fonogon Prezentujemy odcinek \u201eKwadransa Twarz\u0105 w Twarz\u201d \u2013 nie tylko o muzyce, ale o drodze, emocjach, nieoczywistych d\u017awi\u0119kach, kt\u00f3re nie mieszcz\u0105 si\u0119 w \u017cadnych ramach. Na naszej kanapie Martyna Go\u0142\u0119biowska \u2013 jedna z najciekawszych postaci m\u0142odej sceny muzycznej Zag\u0142\u0119bia D\u0105browskiego. Wokalistka i gitarzystka zespo\u0142u Fonogon, kt\u00f3ry od &hellip; <a href=\"https:\/\/slaskipegaz.bs.katowice.pl\/?p=22571\" class=\"more-link\">Czytaj dalej <span class=\"screen-reader-text\">[Podcast] MIEJSKA BIBLIOTEKA PUBLICZNA W SOSNOWCU<\/span> <span class=\"meta-nav\">&rarr;<\/span><\/a><\/p>\n","protected":false},"author":2,"featured_media":0,"comment_status":"closed","ping_status":"open","sticky":false,"template":"","format":"standard","meta":{"_acf_changed":false,"_exactmetrics_skip_tracking":false,"_exactmetrics_sitenote_active":false,"_exactmetrics_sitenote_note":"","_exactmetrics_sitenote_category":0,"footnotes":""},"categories":[6,370],"tags":[],"class_list":["post-22571","post","type-post","status-publish","format-standard","hentry","category-aktualnosci","category-filmy"],"acf":[],"jetpack_featured_media_url":"","_links":{"self":[{"href":"https:\/\/slaskipegaz.bs.katowice.pl\/index.php?rest_route=\/wp\/v2\/posts\/22571","targetHints":{"allow":["GET"]}}],"collection":[{"href":"https:\/\/slaskipegaz.bs.katowice.pl\/index.php?rest_route=\/wp\/v2\/posts"}],"about":[{"href":"https:\/\/slaskipegaz.bs.katowice.pl\/index.php?rest_route=\/wp\/v2\/types\/post"}],"author":[{"embeddable":true,"href":"https:\/\/slaskipegaz.bs.katowice.pl\/index.php?rest_route=\/wp\/v2\/users\/2"}],"replies":[{"embeddable":true,"href":"https:\/\/slaskipegaz.bs.katowice.pl\/index.php?rest_route=%2Fwp%2Fv2%2Fcomments&post=22571"}],"version-history":[{"count":3,"href":"https:\/\/slaskipegaz.bs.katowice.pl\/index.php?rest_route=\/wp\/v2\/posts\/22571\/revisions"}],"predecessor-version":[{"id":22574,"href":"https:\/\/slaskipegaz.bs.katowice.pl\/index.php?rest_route=\/wp\/v2\/posts\/22571\/revisions\/22574"}],"wp:attachment":[{"href":"https:\/\/slaskipegaz.bs.katowice.pl\/index.php?rest_route=%2Fwp%2Fv2%2Fmedia&parent=22571"}],"wp:term":[{"taxonomy":"category","embeddable":true,"href":"https:\/\/slaskipegaz.bs.katowice.pl\/index.php?rest_route=%2Fwp%2Fv2%2Fcategories&post=22571"},{"taxonomy":"post_tag","embeddable":true,"href":"https:\/\/slaskipegaz.bs.katowice.pl\/index.php?rest_route=%2Fwp%2Fv2%2Ftags&post=22571"}],"curies":[{"name":"wp","href":"https:\/\/api.w.org\/{rel}","templated":true}]}}