{"id":22610,"date":"2025-08-26T11:57:48","date_gmt":"2025-08-26T09:57:48","guid":{"rendered":"https:\/\/slaskipegaz.bs.katowice.pl\/?p=22610"},"modified":"2025-08-26T11:57:48","modified_gmt":"2025-08-26T09:57:48","slug":"zapowiedz-biblioteka-miejska-w-cieszynie-2","status":"publish","type":"post","link":"https:\/\/slaskipegaz.bs.katowice.pl\/?p=22610","title":{"rendered":"[Zapowied\u017a] BIBLIOTEKA MIEJSKA W CIESZYNIE"},"content":{"rendered":"\n<div class=\"wp-block-media-text is-stacked-on-mobile is-vertically-aligned-top\"><figure class=\"wp-block-media-text__media\"><img loading=\"lazy\" decoding=\"async\" width=\"640\" height=\"427\" src=\"https:\/\/slaskipegaz.bs.katowice.pl\/wp-content\/uploads\/2025\/08\/garden-plants-6204106_640.jpg\" alt=\"Na zdj\u0119ciu trzy r\u00f3\u017ce zio\u0142a w doniczkach stoj\u0105cych gdzie\u015b na drewnianych deskach. Jedna doniczka wsadzona do materia\u0142owego worka.\" class=\"wp-image-22611 size-full\" srcset=\"https:\/\/slaskipegaz.bs.katowice.pl\/wp-content\/uploads\/2025\/08\/garden-plants-6204106_640.jpg 640w, https:\/\/slaskipegaz.bs.katowice.pl\/wp-content\/uploads\/2025\/08\/garden-plants-6204106_640-300x200.jpg 300w\" sizes=\"auto, (max-width: 640px) 100vw, 640px\" \/><\/figure><div class=\"wp-block-media-text__content\">\n<p><strong>O zio\u0142owych skarbach jesieni<\/strong><\/p>\n\n\n\n<p><strong>9 wrze\u015bnia 2025 r. o godz. 16.00<\/strong> w Bibliotece Miejskiej w Cieszynie odb\u0119dzie si\u0119  spotkanie z zielark\u0105 Magdalen\u0105 Mildner.<\/p>\n\n\n\n<p>Podczas wydarzenia b\u0119dzie poprowadzona rozmowa o \u201eZio\u0142owych skarbach jesieni\u201d, a wi\u0119c o owocach, grzybach i zio\u0142ach.<\/p>\n\n\n\n<p>Magdalena Mildner to zielarka, fitoterapeutka i naturopata. Pasjonuje si\u0119 zio\u0142olecznictwem, opowiada o tym, jak je zbiera\u0107, dobrze przygotowa\u0107, odpowiednio wykorzysta\u0107 dla zdrowia i urody. Pokazuje r\u00f3wnie\u017c jak wykorzysta\u0107 je w kuchni czy ogrodzie. Pisze ksi\u0105\u017cki zielarskie i prowadzi blog \u201eZ g\u0142ow\u0105 w zio\u0142ach\u201d.<\/p>\n\n\n\n<!--more-->\n\n\n\n<p>Spotkanie odb\u0119dzie si\u0119 w ramach projektu \u201eZio\u0142a dla ka\u017cdego\u201d sfinansowanego ze \u015brodk\u00f3w Narodowego Instytutu Wolno\u015bci \u2013 Centrum Rozwoju Spo\u0142ecze\u0144stwa Obywatelskiego w ramach Rz\u0105dowego Programu Fundusz Inicjatyw Obywatelskich NOWEFIO na lata 2021-2030<\/p>\n<\/div><\/div>\n","protected":false},"excerpt":{"rendered":"<p>O zio\u0142owych skarbach jesieni 9 wrze\u015bnia 2025 r. o godz. 16.00 w Bibliotece Miejskiej w Cieszynie odb\u0119dzie si\u0119 spotkanie z zielark\u0105 Magdalen\u0105 Mildner. Podczas wydarzenia b\u0119dzie poprowadzona rozmowa o \u201eZio\u0142owych skarbach jesieni\u201d, a wi\u0119c o owocach, grzybach i zio\u0142ach. Magdalena Mildner to zielarka, fitoterapeutka i naturopata. Pasjonuje si\u0119 zio\u0142olecznictwem, opowiada o tym, jak je zbiera\u0107, &hellip; <a href=\"https:\/\/slaskipegaz.bs.katowice.pl\/?p=22610\" class=\"more-link\">Czytaj dalej <span class=\"screen-reader-text\">[Zapowied\u017a] BIBLIOTEKA MIEJSKA W CIESZYNIE<\/span> <span class=\"meta-nav\">&rarr;<\/span><\/a><\/p>\n","protected":false},"author":2,"featured_media":0,"comment_status":"closed","ping_status":"open","sticky":false,"template":"","format":"standard","meta":{"_acf_changed":false,"_exactmetrics_skip_tracking":false,"_exactmetrics_sitenote_active":false,"_exactmetrics_sitenote_note":"","_exactmetrics_sitenote_category":0,"footnotes":""},"categories":[6],"tags":[237],"class_list":["post-22610","post","type-post","status-publish","format-standard","hentry","category-aktualnosci","tag-biblioteka-miejska-w-cieszynie"],"acf":[],"jetpack_featured_media_url":"","_links":{"self":[{"href":"https:\/\/slaskipegaz.bs.katowice.pl\/index.php?rest_route=\/wp\/v2\/posts\/22610","targetHints":{"allow":["GET"]}}],"collection":[{"href":"https:\/\/slaskipegaz.bs.katowice.pl\/index.php?rest_route=\/wp\/v2\/posts"}],"about":[{"href":"https:\/\/slaskipegaz.bs.katowice.pl\/index.php?rest_route=\/wp\/v2\/types\/post"}],"author":[{"embeddable":true,"href":"https:\/\/slaskipegaz.bs.katowice.pl\/index.php?rest_route=\/wp\/v2\/users\/2"}],"replies":[{"embeddable":true,"href":"https:\/\/slaskipegaz.bs.katowice.pl\/index.php?rest_route=%2Fwp%2Fv2%2Fcomments&post=22610"}],"version-history":[{"count":2,"href":"https:\/\/slaskipegaz.bs.katowice.pl\/index.php?rest_route=\/wp\/v2\/posts\/22610\/revisions"}],"predecessor-version":[{"id":22613,"href":"https:\/\/slaskipegaz.bs.katowice.pl\/index.php?rest_route=\/wp\/v2\/posts\/22610\/revisions\/22613"}],"wp:attachment":[{"href":"https:\/\/slaskipegaz.bs.katowice.pl\/index.php?rest_route=%2Fwp%2Fv2%2Fmedia&parent=22610"}],"wp:term":[{"taxonomy":"category","embeddable":true,"href":"https:\/\/slaskipegaz.bs.katowice.pl\/index.php?rest_route=%2Fwp%2Fv2%2Fcategories&post=22610"},{"taxonomy":"post_tag","embeddable":true,"href":"https:\/\/slaskipegaz.bs.katowice.pl\/index.php?rest_route=%2Fwp%2Fv2%2Ftags&post=22610"}],"curies":[{"name":"wp","href":"https:\/\/api.w.org\/{rel}","templated":true}]}}