{"id":22614,"date":"2025-08-26T14:34:05","date_gmt":"2025-08-26T12:34:05","guid":{"rendered":"https:\/\/slaskipegaz.bs.katowice.pl\/?p=22614"},"modified":"2025-08-26T14:35:56","modified_gmt":"2025-08-26T12:35:56","slug":"zapowiedz-biblioteka-miejska-w-cieszynie-3","status":"publish","type":"post","link":"https:\/\/slaskipegaz.bs.katowice.pl\/?p=22614","title":{"rendered":"[Zapowied\u017a] BIBLIOTEKA MIEJSKA W CIESZYNIE"},"content":{"rendered":"\n<div class=\"wp-block-media-text is-stacked-on-mobile is-vertically-aligned-top\"><figure class=\"wp-block-media-text__media\"><img loading=\"lazy\" decoding=\"async\" width=\"640\" height=\"426\" src=\"https:\/\/slaskipegaz.bs.katowice.pl\/wp-content\/uploads\/2025\/08\/book-1283865_640.jpg\" alt=\"Na zdj\u0119ciu zbli\u017cenie na otwart\u0105 ksi\u0105\u017ck\u0119 (w kadrze zmie\u015bci\u0142o si\u0119 p\u00f3\u0142 ksi\u0105\u017cki). Ksi\u0105\u017cka le\u017cy na jakiej\u015b p\u0142aszczy\u017anie (st\u00f3\u0142), uj\u0119cie jest zrobione od do\u0142u, pod k\u0105tem, ksi\u0105\u017cka jest roz\u0142o\u017cona (jakby kto\u015b ja kartkowa\u0142, przez co wida\u0107 na raz wiele odkrytych stron). W tle rozmyte elementy (drzewa?).\" class=\"wp-image-22615 size-full\" srcset=\"https:\/\/slaskipegaz.bs.katowice.pl\/wp-content\/uploads\/2025\/08\/book-1283865_640.jpg 640w, https:\/\/slaskipegaz.bs.katowice.pl\/wp-content\/uploads\/2025\/08\/book-1283865_640-300x200.jpg 300w\" sizes=\"auto, (max-width: 640px) 100vw, 640px\" \/><\/figure><div class=\"wp-block-media-text__content\">\n<p><strong>Spotkanie z Jonaszem Milewskim<\/strong><\/p>\n\n\n\n<p><strong>8 wrze\u015bnia 2025 r. o godz. 17.00<\/strong> w Bibliotece Miejskiej w Cieszynie odb\u0119dzie si\u0119 spotkanie z Jonaszem Milewskim, a tym samym promocja jego najnowszej ksi\u0105\u017cki \u201eDobra Pani w z\u0142ym \u015bwiecie\u201d.<br>Tytu\u0142 ten to opowie\u015b\u0107 o Gabriele von Thun und Hohenstein \u2013 arystokratce, kt\u00f3ra mimo zawieruchy dw\u00f3ch wojen, utraty maj\u0105tku, bliskich i pozycji spo\u0142ecznej, nie przestaje \u017cy\u0107 z godno\u015bci\u0105, honorem i trosk\u0105 o drugiego cz\u0142owieka.<br>W tle rozpadaj\u0105cych si\u0119 imperi\u00f3w, totalitaryzm\u00f3w i zmian granic rozgrywa si\u0119 intymna historia kobiety, kt\u00f3ra niezmiennie wierzy w warto\u015b\u0107 dobra, pami\u0119ci i cz\u0142owiecze\u0144stwa. To saga o rodzinie, mi\u0142o\u015bci, upadku i sile ducha.<br>Jonasz Milewski \u2013 autor i pasjonat ludzkich historii. <\/p>\n\n\n\n<p>Szczeg\u00f3\u0142y na <a href=\"https:\/\/biblioteka.cieszyn.pl\/\">stronie<\/a> Biblioteki Miejskiej w Cieszynie.<\/p>\n\n\n\n<p><\/p>\n<\/div><\/div>\n","protected":false},"excerpt":{"rendered":"<p>Spotkanie z Jonaszem Milewskim 8 wrze\u015bnia 2025 r. o godz. 17.00 w Bibliotece Miejskiej w Cieszynie odb\u0119dzie si\u0119 spotkanie z Jonaszem Milewskim, a tym samym promocja jego najnowszej ksi\u0105\u017cki \u201eDobra Pani w z\u0142ym \u015bwiecie\u201d.Tytu\u0142 ten to opowie\u015b\u0107 o Gabriele von Thun und Hohenstein \u2013 arystokratce, kt\u00f3ra mimo zawieruchy dw\u00f3ch wojen, utraty maj\u0105tku, bliskich i pozycji &hellip; <a href=\"https:\/\/slaskipegaz.bs.katowice.pl\/?p=22614\" class=\"more-link\">Czytaj dalej <span class=\"screen-reader-text\">[Zapowied\u017a] BIBLIOTEKA MIEJSKA W CIESZYNIE<\/span> <span class=\"meta-nav\">&rarr;<\/span><\/a><\/p>\n","protected":false},"author":2,"featured_media":0,"comment_status":"closed","ping_status":"open","sticky":false,"template":"","format":"standard","meta":{"_acf_changed":false,"_exactmetrics_skip_tracking":false,"_exactmetrics_sitenote_active":false,"_exactmetrics_sitenote_note":"","_exactmetrics_sitenote_category":0,"footnotes":""},"categories":[6],"tags":[237,11],"class_list":["post-22614","post","type-post","status-publish","format-standard","hentry","category-aktualnosci","tag-biblioteka-miejska-w-cieszynie","tag-spotkanie-autorskie"],"acf":[],"jetpack_featured_media_url":"","_links":{"self":[{"href":"https:\/\/slaskipegaz.bs.katowice.pl\/index.php?rest_route=\/wp\/v2\/posts\/22614","targetHints":{"allow":["GET"]}}],"collection":[{"href":"https:\/\/slaskipegaz.bs.katowice.pl\/index.php?rest_route=\/wp\/v2\/posts"}],"about":[{"href":"https:\/\/slaskipegaz.bs.katowice.pl\/index.php?rest_route=\/wp\/v2\/types\/post"}],"author":[{"embeddable":true,"href":"https:\/\/slaskipegaz.bs.katowice.pl\/index.php?rest_route=\/wp\/v2\/users\/2"}],"replies":[{"embeddable":true,"href":"https:\/\/slaskipegaz.bs.katowice.pl\/index.php?rest_route=%2Fwp%2Fv2%2Fcomments&post=22614"}],"version-history":[{"count":3,"href":"https:\/\/slaskipegaz.bs.katowice.pl\/index.php?rest_route=\/wp\/v2\/posts\/22614\/revisions"}],"predecessor-version":[{"id":22617,"href":"https:\/\/slaskipegaz.bs.katowice.pl\/index.php?rest_route=\/wp\/v2\/posts\/22614\/revisions\/22617"}],"wp:attachment":[{"href":"https:\/\/slaskipegaz.bs.katowice.pl\/index.php?rest_route=%2Fwp%2Fv2%2Fmedia&parent=22614"}],"wp:term":[{"taxonomy":"category","embeddable":true,"href":"https:\/\/slaskipegaz.bs.katowice.pl\/index.php?rest_route=%2Fwp%2Fv2%2Fcategories&post=22614"},{"taxonomy":"post_tag","embeddable":true,"href":"https:\/\/slaskipegaz.bs.katowice.pl\/index.php?rest_route=%2Fwp%2Fv2%2Ftags&post=22614"}],"curies":[{"name":"wp","href":"https:\/\/api.w.org\/{rel}","templated":true}]}}