{"id":22821,"date":"2025-10-22T08:22:44","date_gmt":"2025-10-22T06:22:44","guid":{"rendered":"https:\/\/slaskipegaz.bs.katowice.pl\/?p=22821"},"modified":"2025-10-22T08:42:45","modified_gmt":"2025-10-22T06:42:45","slug":"zapowiedz-miejska-biblioteka-publiczna-w-sosnowcu-164","status":"publish","type":"post","link":"https:\/\/slaskipegaz.bs.katowice.pl\/?p=22821","title":{"rendered":"[Zapowied\u017a] MIEJSKA BIBLIOTEKA PUBLICZNA W SOSNOWCU"},"content":{"rendered":"\n<div class=\"wp-block-media-text is-stacked-on-mobile is-vertically-aligned-top\"><figure class=\"wp-block-media-text__media\"><img loading=\"lazy\" decoding=\"async\" width=\"713\" height=\"1024\" src=\"https:\/\/slaskipegaz.bs.katowice.pl\/wp-content\/uploads\/2025\/10\/SDL2025_Vincenzo-713x1024.jpg\" alt=\"Plakat, na kt\u00f3rym jest zamieszczone zdj\u0119cie (portret) pisarza - m\u0119\u017cczyzny w \u015brednim wieku, z klasyczn\u0105 m\u0119sk\u0105 fryzur\u0105 (w\u0142osy ciemne), lekko u\u015bmiechni\u0119tego, z kolczykiem w uchu (ring). Na sobie niebieska kurtka lub marynarka, pod spodem koszula. W tle krajobraz (prawdopodobnie morze). Poza tym na plakacie napisy bia\u0142e, czarne i pomara\u0144czowe.\" class=\"wp-image-22822 size-full\" srcset=\"https:\/\/slaskipegaz.bs.katowice.pl\/wp-content\/uploads\/2025\/10\/SDL2025_Vincenzo-713x1024.jpg 713w, https:\/\/slaskipegaz.bs.katowice.pl\/wp-content\/uploads\/2025\/10\/SDL2025_Vincenzo-209x300.jpg 209w, https:\/\/slaskipegaz.bs.katowice.pl\/wp-content\/uploads\/2025\/10\/SDL2025_Vincenzo-768x1102.jpg 768w, https:\/\/slaskipegaz.bs.katowice.pl\/wp-content\/uploads\/2025\/10\/SDL2025_Vincenzo-1070x1536.jpg 1070w, https:\/\/slaskipegaz.bs.katowice.pl\/wp-content\/uploads\/2025\/10\/SDL2025_Vincenzo-1427x2048.jpg 1427w, https:\/\/slaskipegaz.bs.katowice.pl\/wp-content\/uploads\/2025\/10\/SDL2025_Vincenzo.jpg 1500w\" sizes=\"auto, (max-width: 713px) 100vw, 713px\" \/><\/figure><div class=\"wp-block-media-text__content\">\n<p><strong>Spotkanie z Vincenzo Latronico \u2013 spotkanie na bis!<\/strong><\/p>\n\n\n\n<p><strong>Sosnowieckie \u015acie\u017cki, czyli Sosnowieckie Dni Literatury 2.0. [25.10.2025]<\/strong><strong><\/strong><\/p>\n\n\n\n<p>Miejska Biblioteka Publiczna w Sosnowcu \u2013 Organizator Sosnowieckich \u015acie\u017cek \u2013 serdecznie zaprasza w sobot\u0119 25 pa\u017adziernika 2025 o godz. 18.00 do Auli Zag\u0142\u0119biowskiej Mediateki (ul. Ko\u015bcielna 11) na spotkanie z w\u0142oskim prozaikiem i t\u0142umaczem, nominowanym do Mi\u0119dzynarodowej Nagrody Bookera 2025, Vincenzo Latronico. Spotkanie poprowadzi Magdalena Boczkowska, a z j\u0119zyka w\u0142oskiego t\u0142umaczy\u0107 b\u0119dzie Ewelina Polit. Wst\u0119p wolny! Spotkanie odb\u0119dzie si\u0119 w ramach \u201e\u015acie\u017cki zagranicznej, w pogoni za proz\u0105\u201d.<\/p>\n\n\n\n<!--more-->\n\n\n\n<p>Vincenzo Latronico \u2013 w\u0142oski pisarz i\u00a0t\u0142umacz. Absolwent Wydzia\u0142u Filozofii na Uniwersytecie Mediola\u0144skim. Zadebiutowa\u0142 w\u00a02008 roku powie\u015bci\u0105 <em>Ginnastica e\u00a0rivoluzione<\/em>. Prze\u0142o\u017cy\u0142 na j\u0119zyk w\u0142oski kilkadziesi\u0105t ksi\u0105\u017cek, w\u00a0tym dzie\u0142a Oscara Wilde\u2019a, George&#8217;a\u00a0Orwella, Francisa Scotta Fitzgeralda i\u00a0Alexandre&#8217;a\u00a0Dumasa. Wsp\u00f3\u0142pracuje z\u00a0dziennikami \u201eLa Stampa\u201d i \u201eIl Post\u201d oraz tygodnikiem \u201eInternazionale\u201d. Za powie\u015b\u0107 <em>Do perfekcji<\/em>\u00a0otrzyma\u0142 Nagrod\u0119 Mondello oraz nominacj\u0119 do Mi\u0119dzynarodowej Nagrody Bookera (short list). Ksi\u0105\u017cka znalaz\u0142a si\u0119 te\u017c w\u015br\u00f3d dwunastu tytu\u0142\u00f3w zg\u0142oszonych do Nagrody Strega i\u00a0zosta\u0142a prze\u0142o\u017cona na dwadzie\u015bcia pi\u0119\u0107 j\u0119zyk\u00f3w.<\/p>\n\n\n\n<p>Kilka s\u0142\u00f3w o Sosnowieckich \u015acie\u017ckach, czyli Sosnowieckich Dniach Literatury 2.0.:<\/p>\n\n\n\n<p>Od 20 lat Miejska Biblioteka Publiczna im. Gustawa Dani\u0142owskiego w Sosnowcu organizowa\u0142a Sosnowieckie Dni Literatury \u2013 wielkie \u015bwi\u0119to czytelnik\u00f3w, ksi\u0105\u017cek i ich tw\u00f3rc\u00f3w. Po 20 latach widzimy jednak, \u017ce formu\u0142a SDL si\u0119 wyczerpa\u0142a, \u017ce nale\u017ca\u0142oby od\u015bwie\u017cy\u0107 koncepcj\u0119 i zaproponowa\u0107 co\u015b nowego, co nie tylko zadowoli starych bywalc\u00f3w, ale i przyci\u0105gnie nowych, zw\u0142aszcza m\u0142odych \u2013 mo\u017ce bardziej wybrednych. Takim swoistym przej\u015bciem by\u0142a jubileuszowa, dwudziesta edycja. Dlatego na rok 2025 zamiast na 21. Sosnowieckie Dni Literatury zapraszamy naszych czytelnik\u00f3w na Sosnowieckie \u015acie\u017cki, czyli SDL 2.0. Ca\u0142o\u015b\u0107 podzielona zostanie na kilka \u015bcie\u017cek tematycznych dedykowanych r\u00f3\u017cnym grupom odbiorc\u00f3w (dzieciom, m\u0142odzie\u017cy, doros\u0142ym, seniorom), po\u015bwi\u0119conych r\u00f3\u017cnych zagadnieniom, r\u00f3\u017cnym gatunkom, r\u00f3\u017cnym wra\u017cliwo\u015bciom. Nasze zaproszenie przyj\u0119li m.in. Wojciech Chmielarz, Katarzyna Tubylewicz, Zbigniew Zamachowski, Mateusz Glen, Ma\u0142gorzata Oliwia Sobczak, Wojciech Szot, Ma\u0142gorzata i Marek Ku\u017ami\u0144scy, Katarzyna Groniec, a tak\u017ce \u2013 nominowany do Nagrody Bookera \u2013 Vincenzo Latronico. Odb\u0119d\u0105 si\u0119 tak\u017ce warsztaty, prelekcje, koncert rapowy, panel dyskusyjny o rynku ksi\u0105\u017cki czy spacer tematyczny \u015bladami zbrodni z powie\u015bci Przemys\u0142awa \u017barskiego. Ca\u0142o\u015bci towarzyszy\u0107 b\u0119dzie wystawa prac Joanny Concejo \u2013 ilustratorki ksi\u0105\u017cek Olgi Tokarczuk.<\/p>\n\n\n\n<p>Zapraszamy do uwa\u017cnego \u015bledzenia strony internetowej MBP:&nbsp;www.biblioteka.sosnowiec.pl&nbsp;i jej profil\u00f3w w mediach spo\u0142eczno\u015bciowych. Szczeg\u00f3\u0142owy program Sosnowieckich \u015acie\u017cek dost\u0119pny jest tak\u017ce na afiszach i w informatorach kolportowanych na terenie ca\u0142ego regionu.<\/p>\n\n\n\n<p><a>Sosnowieckie \u015acie\u017cki powstaj\u0105 przy wsp\u00f3\u0142udziale Pracowni Wsp\u00f3\u0142tw\u00f3rczej, Centrum Doskonalenia Nauczycieli w Sosnowcu, Studenckiej Ksi\u0119garni J\u0119zykowej, Centrum Informacji Miejskiej UM w Sosnowcu, Fundacji Kultury Afront, Wydawnictwa Czarne.<\/a><\/p>\n\n\n\n<p>Honorowy patronat obj\u0105\u0142: Prezydent Miasta Sosnowca \u2013 Arkadiusz Ch\u0119ci\u0144ski.<\/p>\n\n\n\n<p>Patronat medialny przyj\u0119li: Afront, Gazeta Uniwersytecka U\u015a, Kurier Miejski, \u015al\u0105sk, <a href=\"http:\/\/sosnowiec.pl\/\" target=\"_blank\" rel=\"noreferrer noopener\">sosnowiec.pl<\/a>,&nbsp;<a href=\"http:\/\/41-200.pl\/\" target=\"_blank\" rel=\"noreferrer noopener\">41-200.pl<\/a>, sosnowiec.pl.<\/p>\n\n\n\n<p>Warto doda\u0107, \u017ce w tym roku imprez\u0119 promuje oryginalny plakat Ewy Mrowiec-\u0141ysy, przygotowany specjalnie na t\u0119 edycj\u0119.<\/p>\n\n\n\n<p>Dofinansowano ze \u015brodk\u00f3w Ministra Kultury i Dziedzictwa Narodowego pochodz\u0105cych z Funduszu Promocji Kultury.<\/p>\n\n\n\n<figure class=\"wp-block-image size-large\"><a href=\"https:\/\/slaskipegaz.bs.katowice.pl\/wp-content\/uploads\/2025\/07\/LOGO-MKiDN.png\"><img loading=\"lazy\" decoding=\"async\" width=\"1024\" height=\"288\" src=\"https:\/\/slaskipegaz.bs.katowice.pl\/wp-content\/uploads\/2025\/07\/LOGO-MKiDN-1024x288.png\" alt=\"\" class=\"wp-image-22466\" srcset=\"https:\/\/slaskipegaz.bs.katowice.pl\/wp-content\/uploads\/2025\/07\/LOGO-MKiDN-1024x288.png 1024w, https:\/\/slaskipegaz.bs.katowice.pl\/wp-content\/uploads\/2025\/07\/LOGO-MKiDN-300x84.png 300w, https:\/\/slaskipegaz.bs.katowice.pl\/wp-content\/uploads\/2025\/07\/LOGO-MKiDN-768x216.png 768w, https:\/\/slaskipegaz.bs.katowice.pl\/wp-content\/uploads\/2025\/07\/LOGO-MKiDN.png 1536w\" sizes=\"auto, (max-width: 1024px) 100vw, 1024px\" \/><\/a><\/figure>\n\n\n\n<p>Wszystkich zainteresowanych otrzymywaniem regularnych informacji o ofercie Miejskiej Biblioteki Publicznej w Sosnowcu zach\u0119camy do zapisania si\u0119 do newslettera za po\u015brednictwem strony www.biblioteka.sosnowiec.pl i \u015bledzenia nas w mediach spo\u0142eczno\u015bciowych (Facebook, YouTube, Instagram, X, TikTok).<\/p>\n<\/div><\/div>\n\n\n\n<p><\/p>\n","protected":false},"excerpt":{"rendered":"<p>Spotkanie z Vincenzo Latronico \u2013 spotkanie na bis! Sosnowieckie \u015acie\u017cki, czyli Sosnowieckie Dni Literatury 2.0. [25.10.2025] Miejska Biblioteka Publiczna w Sosnowcu \u2013 Organizator Sosnowieckich \u015acie\u017cek \u2013 serdecznie zaprasza w sobot\u0119 25 pa\u017adziernika 2025 o godz. 18.00 do Auli Zag\u0142\u0119biowskiej Mediateki (ul. Ko\u015bcielna 11) na spotkanie z w\u0142oskim prozaikiem i t\u0142umaczem, nominowanym do Mi\u0119dzynarodowej Nagrody Bookera &hellip; <a href=\"https:\/\/slaskipegaz.bs.katowice.pl\/?p=22821\" class=\"more-link\">Czytaj dalej <span class=\"screen-reader-text\">[Zapowied\u017a] MIEJSKA BIBLIOTEKA PUBLICZNA W SOSNOWCU<\/span> <span class=\"meta-nav\">&rarr;<\/span><\/a><\/p>\n","protected":false},"author":2,"featured_media":0,"comment_status":"closed","ping_status":"open","sticky":false,"template":"","format":"standard","meta":{"_acf_changed":false,"_exactmetrics_skip_tracking":false,"_exactmetrics_sitenote_active":false,"_exactmetrics_sitenote_note":"","_exactmetrics_sitenote_category":0,"footnotes":""},"categories":[6],"tags":[146],"class_list":["post-22821","post","type-post","status-publish","format-standard","hentry","category-aktualnosci","tag-miejska-biblioteka-publiczna-w-sosnowcu"],"acf":[],"jetpack_featured_media_url":"","_links":{"self":[{"href":"https:\/\/slaskipegaz.bs.katowice.pl\/index.php?rest_route=\/wp\/v2\/posts\/22821","targetHints":{"allow":["GET"]}}],"collection":[{"href":"https:\/\/slaskipegaz.bs.katowice.pl\/index.php?rest_route=\/wp\/v2\/posts"}],"about":[{"href":"https:\/\/slaskipegaz.bs.katowice.pl\/index.php?rest_route=\/wp\/v2\/types\/post"}],"author":[{"embeddable":true,"href":"https:\/\/slaskipegaz.bs.katowice.pl\/index.php?rest_route=\/wp\/v2\/users\/2"}],"replies":[{"embeddable":true,"href":"https:\/\/slaskipegaz.bs.katowice.pl\/index.php?rest_route=%2Fwp%2Fv2%2Fcomments&post=22821"}],"version-history":[{"count":4,"href":"https:\/\/slaskipegaz.bs.katowice.pl\/index.php?rest_route=\/wp\/v2\/posts\/22821\/revisions"}],"predecessor-version":[{"id":22824,"href":"https:\/\/slaskipegaz.bs.katowice.pl\/index.php?rest_route=\/wp\/v2\/posts\/22821\/revisions\/22824"}],"wp:attachment":[{"href":"https:\/\/slaskipegaz.bs.katowice.pl\/index.php?rest_route=%2Fwp%2Fv2%2Fmedia&parent=22821"}],"wp:term":[{"taxonomy":"category","embeddable":true,"href":"https:\/\/slaskipegaz.bs.katowice.pl\/index.php?rest_route=%2Fwp%2Fv2%2Fcategories&post=22821"},{"taxonomy":"post_tag","embeddable":true,"href":"https:\/\/slaskipegaz.bs.katowice.pl\/index.php?rest_route=%2Fwp%2Fv2%2Ftags&post=22821"}],"curies":[{"name":"wp","href":"https:\/\/api.w.org\/{rel}","templated":true}]}}