{"id":22962,"date":"2025-12-03T09:07:43","date_gmt":"2025-12-03T08:07:43","guid":{"rendered":"https:\/\/slaskipegaz.bs.katowice.pl\/?p=22962"},"modified":"2025-12-03T09:13:13","modified_gmt":"2025-12-03T08:13:13","slug":"wystawa-miejska-biblioteka-publiczna-w-sosnowcu-21","status":"publish","type":"post","link":"https:\/\/slaskipegaz.bs.katowice.pl\/?p=22962","title":{"rendered":"[Wystawa] MIEJSKA BIBLIOTEKA PUBLICZNA W SOSNOWCU"},"content":{"rendered":"\n<div class=\"wp-block-media-text is-stacked-on-mobile is-vertically-aligned-top\"><figure class=\"wp-block-media-text__media\"><img loading=\"lazy\" decoding=\"async\" width=\"719\" height=\"1024\" src=\"https:\/\/slaskipegaz.bs.katowice.pl\/wp-content\/uploads\/2025\/12\/UtalentowanySenior_plakat2-719x1024.jpg\" alt=\"Plakat, kt\u00f3rego t\u0142o stanowi pejza\u017c zimowy, a na pierwszym planie wkleone technik\u0105 kola\u017cu 2 z\u0142ote ramy zdobione (jedna okr\u0105g\u0142a, druga prostok\u0105tna), w kt\u00f3re wmontowane s\u0105 2 obrazy malowane farbami (na jednym jest budynek, na drugim krajobraz - zach\u00f3d s\u0142o\u0144ca nad rzek\u0105). Poza tym na plakacie wida\u0107 p\u0119dzel cz\u0119\u015bciowo przys\u0142aniaj\u0105cy pierwszy obraz (budynek). Na plakacie s\u0105 te\u017c napisy zgodne z opisem wydarzenia.\" class=\"wp-image-22963 size-full\" srcset=\"https:\/\/slaskipegaz.bs.katowice.pl\/wp-content\/uploads\/2025\/12\/UtalentowanySenior_plakat2-719x1024.jpg 719w, https:\/\/slaskipegaz.bs.katowice.pl\/wp-content\/uploads\/2025\/12\/UtalentowanySenior_plakat2-211x300.jpg 211w, https:\/\/slaskipegaz.bs.katowice.pl\/wp-content\/uploads\/2025\/12\/UtalentowanySenior_plakat2-768x1094.jpg 768w, https:\/\/slaskipegaz.bs.katowice.pl\/wp-content\/uploads\/2025\/12\/UtalentowanySenior_plakat2-1079x1536.jpg 1079w, https:\/\/slaskipegaz.bs.katowice.pl\/wp-content\/uploads\/2025\/12\/UtalentowanySenior_plakat2-1438x2048.jpg 1438w, https:\/\/slaskipegaz.bs.katowice.pl\/wp-content\/uploads\/2025\/12\/UtalentowanySenior_plakat2.jpg 1500w\" sizes=\"auto, (max-width: 719px) 100vw, 719px\" \/><\/figure><div class=\"wp-block-media-text__content\">\n<p><strong>\u201eUtalentowany Senior &#8211; \u017begnaj s\u0142o\u0144ce \u2013 witaj zimo!\u201d \u2013 wystawa prac sosnowieckich senior\u00f3w [4.11-31.12.2025]<\/strong><\/p>\n\n\n\n<p>Rada Senior\u00f3w Miasta Sosnowca oraz Zag\u0142\u0119biowska Mediateka serdecznie zapraszaj\u0105 do zwiedzania wystawy \u201eUtalentowany Senior &#8211; \u017begnaj s\u0142o\u0144ce &#8211; witaj zimo!\u201d<strong>,<\/strong> organizowanej pod honorowym patronatem Prezydenta Sosnowca &#8211; Arkadiusza Ch\u0119ci\u0144skiego. Na wystawie prezentowane b\u0119d\u0105 prace sosnowieckich senior\u00f3w oraz go\u015bcinnie obrazy Marty Gugnackiej-Ligienzy. Wystawa prezentowana b\u0119dzie w Galerii Zag\u0142\u0119biowskiej Mediateki przy ul. Ko\u015bcielnej 11 w Sosnowcu, w dn. 4 listopada \u2013 31 grudnia 2025. Finisa\u017c wystawy zaplanowano na 15 grudnia 2025, na godz. 17.00. Wst\u0119p wolny.<\/p>\n\n\n\n<!--more-->\n\n\n\n<p>Zainteresowani otrzymywaniem regularnych informacji o ofercie Miejskiej Biblioteki Publicznej w Sosnowcu mog\u0105 zapisa\u0107 si\u0119 do newslettera za po\u015brednictwem strony www.biblioteka.sosnowiec.pl, biblioteka zaprasza r\u00f3wnie\u017c do \u015bledzenia jej w mediach spo\u0142eczno\u015bciowych (Facebook, YouTube, Instagram, TikTok).<\/p>\n<\/div><\/div>\n\n\n\n<p><\/p>\n","protected":false},"excerpt":{"rendered":"<p>\u201eUtalentowany Senior &#8211; \u017begnaj s\u0142o\u0144ce \u2013 witaj zimo!\u201d \u2013 wystawa prac sosnowieckich senior\u00f3w [4.11-31.12.2025] Rada Senior\u00f3w Miasta Sosnowca oraz Zag\u0142\u0119biowska Mediateka serdecznie zapraszaj\u0105 do zwiedzania wystawy \u201eUtalentowany Senior &#8211; \u017begnaj s\u0142o\u0144ce &#8211; witaj zimo!\u201d, organizowanej pod honorowym patronatem Prezydenta Sosnowca &#8211; Arkadiusza Ch\u0119ci\u0144skiego. Na wystawie prezentowane b\u0119d\u0105 prace sosnowieckich senior\u00f3w oraz go\u015bcinnie obrazy Marty Gugnackiej-Ligienzy. &hellip; <a href=\"https:\/\/slaskipegaz.bs.katowice.pl\/?p=22962\" class=\"more-link\">Czytaj dalej <span class=\"screen-reader-text\">[Wystawa] MIEJSKA BIBLIOTEKA PUBLICZNA W SOSNOWCU<\/span> <span class=\"meta-nav\">&rarr;<\/span><\/a><\/p>\n","protected":false},"author":2,"featured_media":0,"comment_status":"closed","ping_status":"open","sticky":false,"template":"","format":"standard","meta":{"_acf_changed":false,"_exactmetrics_skip_tracking":false,"_exactmetrics_sitenote_active":false,"_exactmetrics_sitenote_note":"","_exactmetrics_sitenote_category":0,"footnotes":""},"categories":[6],"tags":[146],"class_list":["post-22962","post","type-post","status-publish","format-standard","hentry","category-aktualnosci","tag-miejska-biblioteka-publiczna-w-sosnowcu"],"acf":[],"jetpack_featured_media_url":"","_links":{"self":[{"href":"https:\/\/slaskipegaz.bs.katowice.pl\/index.php?rest_route=\/wp\/v2\/posts\/22962","targetHints":{"allow":["GET"]}}],"collection":[{"href":"https:\/\/slaskipegaz.bs.katowice.pl\/index.php?rest_route=\/wp\/v2\/posts"}],"about":[{"href":"https:\/\/slaskipegaz.bs.katowice.pl\/index.php?rest_route=\/wp\/v2\/types\/post"}],"author":[{"embeddable":true,"href":"https:\/\/slaskipegaz.bs.katowice.pl\/index.php?rest_route=\/wp\/v2\/users\/2"}],"replies":[{"embeddable":true,"href":"https:\/\/slaskipegaz.bs.katowice.pl\/index.php?rest_route=%2Fwp%2Fv2%2Fcomments&post=22962"}],"version-history":[{"count":3,"href":"https:\/\/slaskipegaz.bs.katowice.pl\/index.php?rest_route=\/wp\/v2\/posts\/22962\/revisions"}],"predecessor-version":[{"id":22965,"href":"https:\/\/slaskipegaz.bs.katowice.pl\/index.php?rest_route=\/wp\/v2\/posts\/22962\/revisions\/22965"}],"wp:attachment":[{"href":"https:\/\/slaskipegaz.bs.katowice.pl\/index.php?rest_route=%2Fwp%2Fv2%2Fmedia&parent=22962"}],"wp:term":[{"taxonomy":"category","embeddable":true,"href":"https:\/\/slaskipegaz.bs.katowice.pl\/index.php?rest_route=%2Fwp%2Fv2%2Fcategories&post=22962"},{"taxonomy":"post_tag","embeddable":true,"href":"https:\/\/slaskipegaz.bs.katowice.pl\/index.php?rest_route=%2Fwp%2Fv2%2Ftags&post=22962"}],"curies":[{"name":"wp","href":"https:\/\/api.w.org\/{rel}","templated":true}]}}