{"id":22967,"date":"2025-12-03T14:53:54","date_gmt":"2025-12-03T13:53:54","guid":{"rendered":"https:\/\/slaskipegaz.bs.katowice.pl\/?p=22967"},"modified":"2025-12-03T14:53:54","modified_gmt":"2025-12-03T13:53:54","slug":"wystawa-miejska-biblioteka-publiczna-w-sosnowcu-22","status":"publish","type":"post","link":"https:\/\/slaskipegaz.bs.katowice.pl\/?p=22967","title":{"rendered":"[Wystawa] MIEJSKA BIBLIOTEKA PUBLICZNA W SOSNOWCU"},"content":{"rendered":"\n<div class=\"wp-block-media-text is-stacked-on-mobile is-vertically-aligned-top\"><figure class=\"wp-block-media-text__media\"><img loading=\"lazy\" decoding=\"async\" width=\"724\" height=\"1024\" src=\"https:\/\/slaskipegaz.bs.katowice.pl\/wp-content\/uploads\/2025\/12\/WRAZLIWI-SWIATU-PLAKAT-ZM-724x1024.jpg\" alt=\"Na plakacie napis zgodne z opisem wydarzenia oraz t\u0142o \u0142ososiowe (jasne), poza tym zdj\u0119cie \/ skan przedstawiaj\u0105ce robione prawdopodobnie przez dzieci tworzone kredkami kolorowe ludziki lub anio\u0142ki (nad g\u0142owami maj\u0105 aureole), T\u0142o za anio\u0142kami r\u00f3wnie\u017c jest kolorowe.\" class=\"wp-image-22968 size-full\" srcset=\"https:\/\/slaskipegaz.bs.katowice.pl\/wp-content\/uploads\/2025\/12\/WRAZLIWI-SWIATU-PLAKAT-ZM-724x1024.jpg 724w, https:\/\/slaskipegaz.bs.katowice.pl\/wp-content\/uploads\/2025\/12\/WRAZLIWI-SWIATU-PLAKAT-ZM-212x300.jpg 212w, https:\/\/slaskipegaz.bs.katowice.pl\/wp-content\/uploads\/2025\/12\/WRAZLIWI-SWIATU-PLAKAT-ZM-768x1087.jpg 768w, https:\/\/slaskipegaz.bs.katowice.pl\/wp-content\/uploads\/2025\/12\/WRAZLIWI-SWIATU-PLAKAT-ZM.jpg 1060w\" sizes=\"auto, (max-width: 724px) 100vw, 724px\" \/><\/figure><div class=\"wp-block-media-text__content\">\n<p><strong>&#8222;Wra\u017cliwi \u015bwiatu&#8221; &#8211; wystawa prac podopiecznych Warsztat\u00f3w Terapii Zaj\u0119ciowej w Sosnowcu [9-31.12.2025]<\/strong><\/p>\n\n\n\n<p>Zag\u0142\u0119biowska Mediateka serdecznie zaprasza do zwiedzania wystawy prac podopiecznych Warsztat\u00f3w Terapii Zaj\u0119ciowej w Sosnowcu pt.: \u201eWra\u017cliwi \u015bwiatu! &#8211; Sztuka, kt\u00f3ra otwiera serca i \u0142\u0105czy ludzi&#8221;. Ekspozycja b\u0119dzie udost\u0119pniana od 9 do 31 grudnia 2025 w Galerii &#8222;Pod \u015bwietlikiem&#8221; Zag\u0142\u0119biowskiej Mediateki przy ul. Ko\u015bcielnej 11 w Sosnowcu. Wernisa\u017c zaplanowano na 9 grudnia 2025 na godz. 12.00. Zapraszamy!<\/p>\n<\/div><\/div>\n\n\n\n<p><\/p>\n","protected":false},"excerpt":{"rendered":"<p>&#8222;Wra\u017cliwi \u015bwiatu&#8221; &#8211; wystawa prac podopiecznych Warsztat\u00f3w Terapii Zaj\u0119ciowej w Sosnowcu [9-31.12.2025] Zag\u0142\u0119biowska Mediateka serdecznie zaprasza do zwiedzania wystawy prac podopiecznych Warsztat\u00f3w Terapii Zaj\u0119ciowej w Sosnowcu pt.: \u201eWra\u017cliwi \u015bwiatu! &#8211; Sztuka, kt\u00f3ra otwiera serca i \u0142\u0105czy ludzi&#8221;. Ekspozycja b\u0119dzie udost\u0119pniana od 9 do 31 grudnia 2025 w Galerii &#8222;Pod \u015bwietlikiem&#8221; Zag\u0142\u0119biowskiej Mediateki przy ul. Ko\u015bcielnej &hellip; <a href=\"https:\/\/slaskipegaz.bs.katowice.pl\/?p=22967\" class=\"more-link\">Czytaj dalej <span class=\"screen-reader-text\">[Wystawa] MIEJSKA BIBLIOTEKA PUBLICZNA W SOSNOWCU<\/span> <span class=\"meta-nav\">&rarr;<\/span><\/a><\/p>\n","protected":false},"author":2,"featured_media":0,"comment_status":"closed","ping_status":"open","sticky":false,"template":"","format":"standard","meta":{"_acf_changed":false,"_exactmetrics_skip_tracking":false,"_exactmetrics_sitenote_active":false,"_exactmetrics_sitenote_note":"","_exactmetrics_sitenote_category":0,"footnotes":""},"categories":[6],"tags":[146],"class_list":["post-22967","post","type-post","status-publish","format-standard","hentry","category-aktualnosci","tag-miejska-biblioteka-publiczna-w-sosnowcu"],"acf":[],"jetpack_featured_media_url":"","_links":{"self":[{"href":"https:\/\/slaskipegaz.bs.katowice.pl\/index.php?rest_route=\/wp\/v2\/posts\/22967","targetHints":{"allow":["GET"]}}],"collection":[{"href":"https:\/\/slaskipegaz.bs.katowice.pl\/index.php?rest_route=\/wp\/v2\/posts"}],"about":[{"href":"https:\/\/slaskipegaz.bs.katowice.pl\/index.php?rest_route=\/wp\/v2\/types\/post"}],"author":[{"embeddable":true,"href":"https:\/\/slaskipegaz.bs.katowice.pl\/index.php?rest_route=\/wp\/v2\/users\/2"}],"replies":[{"embeddable":true,"href":"https:\/\/slaskipegaz.bs.katowice.pl\/index.php?rest_route=%2Fwp%2Fv2%2Fcomments&post=22967"}],"version-history":[{"count":2,"href":"https:\/\/slaskipegaz.bs.katowice.pl\/index.php?rest_route=\/wp\/v2\/posts\/22967\/revisions"}],"predecessor-version":[{"id":22970,"href":"https:\/\/slaskipegaz.bs.katowice.pl\/index.php?rest_route=\/wp\/v2\/posts\/22967\/revisions\/22970"}],"wp:attachment":[{"href":"https:\/\/slaskipegaz.bs.katowice.pl\/index.php?rest_route=%2Fwp%2Fv2%2Fmedia&parent=22967"}],"wp:term":[{"taxonomy":"category","embeddable":true,"href":"https:\/\/slaskipegaz.bs.katowice.pl\/index.php?rest_route=%2Fwp%2Fv2%2Fcategories&post=22967"},{"taxonomy":"post_tag","embeddable":true,"href":"https:\/\/slaskipegaz.bs.katowice.pl\/index.php?rest_route=%2Fwp%2Fv2%2Ftags&post=22967"}],"curies":[{"name":"wp","href":"https:\/\/api.w.org\/{rel}","templated":true}]}}