{"id":22985,"date":"2025-12-09T09:39:43","date_gmt":"2025-12-09T08:39:43","guid":{"rendered":"https:\/\/slaskipegaz.bs.katowice.pl\/?p=22985"},"modified":"2025-12-09T10:07:32","modified_gmt":"2025-12-09T09:07:32","slug":"zapowiedz-gminna-biblioteka-publiczna-w-porabce","status":"publish","type":"post","link":"https:\/\/slaskipegaz.bs.katowice.pl\/?p=22985","title":{"rendered":"[Zapowied\u017a] GMINNA BIBLIOTEKA PUBLICZNA W POR\u0104BCE"},"content":{"rendered":"\n<div class=\"wp-block-media-text is-stacked-on-mobile is-vertically-aligned-top\"><figure class=\"wp-block-media-text__media\"><img loading=\"lazy\" decoding=\"async\" width=\"481\" height=\"720\" src=\"https:\/\/slaskipegaz.bs.katowice.pl\/wp-content\/uploads\/2025\/09\/book-3964050_960_720.jpg\" alt=\"Na zdj\u0119ciu stos czterech otwartych ksi\u0105\u017cek, u\u0142o\u017conych ok\u0142adk\u0105 ku do\u0142owi.\" class=\"wp-image-22647 size-full\" srcset=\"https:\/\/slaskipegaz.bs.katowice.pl\/wp-content\/uploads\/2025\/09\/book-3964050_960_720.jpg 481w, https:\/\/slaskipegaz.bs.katowice.pl\/wp-content\/uploads\/2025\/09\/book-3964050_960_720-200x300.jpg 200w\" sizes=\"auto, (max-width: 481px) 100vw, 481px\" \/><\/figure><div class=\"wp-block-media-text__content\">\n<p><strong>Spotkanie autorskie z Iwe Hulkon!<\/strong><\/p>\n\n\n\n<p><strong>11 grudnia 2025 (czwartek)<\/strong><br><strong>godz. 17:00<\/strong><br><strong>Sala sesyjna Domu Kultury w Por\u0105bce<\/strong><\/p>\n\n\n\n<p>Gminna Biblioteka Publiczna w Por\u0105bce zaprasza na wyj\u0105tkowe spotkanie z Iwe Hulkon \u2013 pisark\u0105 pochodz\u0105c\u0105 z Por\u0105bki, tworz\u0105c\u0105 pod tym literackim pseudonimem. To doskona\u0142a okazja, by pozna\u0107 autork\u0119, jej tw\u00f3rczo\u015b\u0107, inspiracje oraz kulisy powstawania ksi\u0105\u017cek.<\/p>\n\n\n\n<p>Wst\u0119p wolny, obowi\u0105zuj\u0105 zapisy.<br>Tel.: 33 8 106 041<br>mail: <a>porabka@bibliotekaporabka.pl<\/a><\/p>\n\n\n\n<!--more-->\n\n\n\n<p>Iwe Hulkon \u2013 by\u0142a policjantka wydzia\u0142\u00f3w kryminalnych z lat dziewi\u0119\u0107dziesi\u0105tych i dwutysi\u0119cznych, obecnie na emeryturze. Zwi\u0105zana z terenem Zag\u0142\u0119bia D\u0105browskiego oraz Podbeskidzia, od dw\u00f3ch dekad mieszkanka Gminy Por\u0105bka ko\u0142o \u017bywca.<br>Pisze od kilku lat, a jej cykl powie\u015bciowy <em>\u201eInformatyk \u2013 klik k\u0142amstwa, klik grozy\u201d<\/em> jest pierwszym opublikowanym tekstem.<\/p>\n\n\n\n<p>W swoich powie\u015bciach porusza si\u0119 w \u015bwiecie funkcjonariuszy policji i agent\u00f3w wywiadu \u2013 opisuje ich s\u0142u\u017cb\u0119, powi\u0105zania oraz \u017cycie prywatne, osadzaj\u0105c fabu\u0142\u0119 w prze\u0142omowych dla kraju latach 90.<\/p>\n\n\n\n<h3 class=\"wp-block-heading\"><\/h3>\n<\/div><\/div>\n\n\n\n<p><\/p>\n","protected":false},"excerpt":{"rendered":"<p>Spotkanie autorskie z Iwe Hulkon! 11 grudnia 2025 (czwartek)godz. 17:00Sala sesyjna Domu Kultury w Por\u0105bce Gminna Biblioteka Publiczna w Por\u0105bce zaprasza na wyj\u0105tkowe spotkanie z Iwe Hulkon \u2013 pisark\u0105 pochodz\u0105c\u0105 z Por\u0105bki, tworz\u0105c\u0105 pod tym literackim pseudonimem. To doskona\u0142a okazja, by pozna\u0107 autork\u0119, jej tw\u00f3rczo\u015b\u0107, inspiracje oraz kulisy powstawania ksi\u0105\u017cek. Wst\u0119p wolny, obowi\u0105zuj\u0105 zapisy.Tel.: 33 &hellip; <a href=\"https:\/\/slaskipegaz.bs.katowice.pl\/?p=22985\" class=\"more-link\">Czytaj dalej <span class=\"screen-reader-text\">[Zapowied\u017a] GMINNA BIBLIOTEKA PUBLICZNA W POR\u0104BCE<\/span> <span class=\"meta-nav\">&rarr;<\/span><\/a><\/p>\n","protected":false},"author":2,"featured_media":0,"comment_status":"closed","ping_status":"open","sticky":false,"template":"","format":"standard","meta":{"_acf_changed":false,"_exactmetrics_skip_tracking":false,"_exactmetrics_sitenote_active":false,"_exactmetrics_sitenote_note":"","_exactmetrics_sitenote_category":0,"footnotes":""},"categories":[6],"tags":[2288],"class_list":["post-22985","post","type-post","status-publish","format-standard","hentry","category-aktualnosci","tag-gminna-biblioteka-publiczna-w-porabce"],"acf":[],"jetpack_featured_media_url":"","_links":{"self":[{"href":"https:\/\/slaskipegaz.bs.katowice.pl\/index.php?rest_route=\/wp\/v2\/posts\/22985","targetHints":{"allow":["GET"]}}],"collection":[{"href":"https:\/\/slaskipegaz.bs.katowice.pl\/index.php?rest_route=\/wp\/v2\/posts"}],"about":[{"href":"https:\/\/slaskipegaz.bs.katowice.pl\/index.php?rest_route=\/wp\/v2\/types\/post"}],"author":[{"embeddable":true,"href":"https:\/\/slaskipegaz.bs.katowice.pl\/index.php?rest_route=\/wp\/v2\/users\/2"}],"replies":[{"embeddable":true,"href":"https:\/\/slaskipegaz.bs.katowice.pl\/index.php?rest_route=%2Fwp%2Fv2%2Fcomments&post=22985"}],"version-history":[{"count":5,"href":"https:\/\/slaskipegaz.bs.katowice.pl\/index.php?rest_route=\/wp\/v2\/posts\/22985\/revisions"}],"predecessor-version":[{"id":22988,"href":"https:\/\/slaskipegaz.bs.katowice.pl\/index.php?rest_route=\/wp\/v2\/posts\/22985\/revisions\/22988"}],"wp:attachment":[{"href":"https:\/\/slaskipegaz.bs.katowice.pl\/index.php?rest_route=%2Fwp%2Fv2%2Fmedia&parent=22985"}],"wp:term":[{"taxonomy":"category","embeddable":true,"href":"https:\/\/slaskipegaz.bs.katowice.pl\/index.php?rest_route=%2Fwp%2Fv2%2Fcategories&post=22985"},{"taxonomy":"post_tag","embeddable":true,"href":"https:\/\/slaskipegaz.bs.katowice.pl\/index.php?rest_route=%2Fwp%2Fv2%2Ftags&post=22985"}],"curies":[{"name":"wp","href":"https:\/\/api.w.org\/{rel}","templated":true}]}}