{"id":23125,"date":"2026-01-21T09:25:38","date_gmt":"2026-01-21T08:25:38","guid":{"rendered":"https:\/\/slaskipegaz.bs.katowice.pl\/?p=23125"},"modified":"2026-01-21T09:25:38","modified_gmt":"2026-01-21T08:25:38","slug":"zapowiedz-miejska-biblioteka-publiczna-w-sosnowcu-165","status":"publish","type":"post","link":"https:\/\/slaskipegaz.bs.katowice.pl\/?p=23125","title":{"rendered":"[Zapowied\u017a] MIEJSKA BIBLIOTEKA PUBLICZNA W SOSNOWCU"},"content":{"rendered":"\n<div class=\"wp-block-media-text is-stacked-on-mobile is-vertically-aligned-top\"><figure class=\"wp-block-media-text__media\"><img loading=\"lazy\" decoding=\"async\" width=\"667\" height=\"943\" src=\"https:\/\/slaskipegaz.bs.katowice.pl\/wp-content\/uploads\/2026\/01\/Ufnalska.jpg\" alt=\"Plakat w kolorach zieleni. Mnie wi\u0119cej na \u015brodku, z prawej strony - zdjecie autorki wpisane w ko\u0142o. Na nim kobieta  w \u015brednim wieku, w\u0142osy do szyi w kolorze br\u0105z, du\u017ce okr\u0105g\u0142e \/ \u0142ezkowe okulary, czarna bluzka z d\u0142ugim r\u0119kawem, za\u0142o\u017cone r\u0119ce. Dooko\u0142a tego ko\u0142a \u017cywo zielona ramka. U do\u0142u po lewej ok\u0142adka ksi\u0105\u017cki &quot;Psy go\u0144cze&quot;, na ok\u0142adce d\u0142o\u0144 z naniesion\u0105 na niej tatua\u017cem - map\u0105 z ulicami. Poza tym napisy zgodne z opisem wydarzenia (kolor napis\u00f3w bia\u0142y, \u017cywozielony oraz czarny.\" class=\"wp-image-23126 size-full\" srcset=\"https:\/\/slaskipegaz.bs.katowice.pl\/wp-content\/uploads\/2026\/01\/Ufnalska.jpg 667w, https:\/\/slaskipegaz.bs.katowice.pl\/wp-content\/uploads\/2026\/01\/Ufnalska-212x300.jpg 212w\" sizes=\"auto, (max-width: 667px) 100vw, 667px\" \/><\/figure><div class=\"wp-block-media-text__content\">\n<p><strong>Spotkanie autorskie z Joann\u0105 Ufnalsk\u0105 \u2013 autork\u0105 ksi\u0105\u017cek z serii \u201ePsy go\u0144cze\u201d \u2013 Filia nr 20 \u2013 Stary Sosnowiec [23.01.2026]<\/strong><\/p>\n\n\n\n<p>Filia nr 20 \u2013 Stary Sosnowiec Miejskiej Biblioteki Publicznej w Sosnowcu (ul. J. Pi\u0142sudskiego 19) serdecznie zaprasza na spotkanie autorskie z Joann\u0105 Ufnalsk\u0105 \u2013 autork\u0105 ksi\u0105\u017cek z serii \u201ePsy go\u0144cze\u201d, kt\u00f3re odb\u0119dzie si\u0119 w pi\u0105tek 23 stycznia 2026 o godz. 17.00. Uczestnicy spotkania b\u0119d\u0105 mieli mo\u017cliwo\u015b\u0107 zakupu ksi\u0105\u017cek i zdobycia cennego autografu. Wst\u0119p wolny.<\/p>\n\n\n\n<p>Joanna Ufnalska<strong>\u00a0<\/strong>\u2013 Zawodowo i \u017cyciowo nierozerwalnie zwi\u0105zana z \u0141odzi\u0105. Projektantka gier i przewodniczka. Animatorka kultury, edukatorka, spo\u0142eczniczka. Od lat opowiada o \u0141odzi poprzez emocje i do\u015bwiadczanie \u2013 najpierw w grach, a teraz na kartach ksi\u0105\u017cek. Autorka fabularyzowanych scenariuszy gier miejskich. Zadebiutowa\u0142a w 2024 roku powie\u015bci\u0105 retro kryminaln\u0105 \u201ePsy go\u0144cze\u201d, b\u0119d\u0105c\u0105 pierwszym tomem cyklu pod tym samym tytu\u0142em, za kt\u00f3ry zosta\u0142a nominowana do Nagrody Wielkiego Kalibru i\u00a0zdoby\u0142a pierwsze miejsce za Najlepszy Krymina\u0142 Retro wydany w 2024\u00a0na Festiwalu Krymina\u0142u Retro Kryminalny Magiel.<\/p>\n\n\n\n<!--more-->\n\n\n\n<p><strong>Opis &#8222;Psy go\u0144cze&#8221;:<\/strong><\/p>\n\n\n\n<p>Akcja skupia si\u0119 wok\u00f3\u0142 \u015bledztwa funkcjonariusza Jakuba Gajcera z \u0141\u00f3dzkiego Urz\u0119du \u015aledczego, kt\u00f3ry bada tajemnicze morderstwo ksi\u0119dza. W toku dochodzenia odkrywane s\u0105 kolejne zagadki: w \u015bwie\u017cym grobie znajduj\u0105 si\u0119 liczne urny z prochami, a m\u0142ody ch\u0142opak z dobrego domu znika bez \u015bladu. Wszystkie te w\u0105tki splataj\u0105 si\u0119 w skomplikowan\u0105 intryg\u0119, kt\u00f3r\u0105 pomaga rozwik\u0142a\u0107 mi\u0119dzy innymi lekarz s\u0105dowy o barwnej przesz\u0142o\u015bci.<\/p>\n\n\n\n<p>Powie\u015b\u0107 oddaje atmosfer\u0119 wielokulturowej, powojennej \u0141odzi \u2014 pe\u0142nej kontrast\u00f3w spo\u0142ecznych, codziennych trosk i lokalnych zwyczaj\u00f3w. Miasto samo w sobie jest niemal osobnym bohaterem, a autorka wykorzystuje bogate detale historyczne i lokalne realia, by pog\u0142\u0119bi\u0107 immersj\u0119 w epok\u0119.<\/p>\n\n\n\n<p><strong>Opis \u201ePsy go\u0144cze II: Leo Minor\u201d:<\/strong><\/p>\n\n\n\n<p>Drugi tom retro krymina\u0142u osadzonego w mi\u0119dzywojennej \u0141odzi. W sercu fabrycznego miasta dochodzi do makabrycznego odkrycia: dekapitowane cia\u0142o zostaje wykopane o \u015bwicie na ty\u0142ach Nowego Cmentarza \u017bydowskiego. Funkcjonariusz Jakub Gajcer bierze na siebie \u015bledztwo, kt\u00f3re oka\u017ce si\u0119 najbardziej zawi\u0142ym i moralnie wymagaj\u0105cym w jego karierze. Podczas zbierania kolejnych trop\u00f3w musi zmierzy\u0107 si\u0119 nie tylko z zagadk\u0105 to\u017csamo\u015bci ofiary, ale te\u017c z pytaniem: czy wa\u017cniejsza jest prawda, czy litera prawa?<\/p>\n\n\n\n<p>Autorka ponownie zabiera czytelnika do t\u0119tni\u0105cej \u017cyciem, pe\u0142nej kontrast\u00f3w \u0141odzi, tworz\u0105c g\u0119st\u0105 atmosfer\u0119 retro krymina\u0142u.<\/p>\n<\/div><\/div>\n","protected":false},"excerpt":{"rendered":"<p>Spotkanie autorskie z Joann\u0105 Ufnalsk\u0105 \u2013 autork\u0105 ksi\u0105\u017cek z serii \u201ePsy go\u0144cze\u201d \u2013 Filia nr 20 \u2013 Stary Sosnowiec [23.01.2026] Filia nr 20 \u2013 Stary Sosnowiec Miejskiej Biblioteki Publicznej w Sosnowcu (ul. J. Pi\u0142sudskiego 19) serdecznie zaprasza na spotkanie autorskie z Joann\u0105 Ufnalsk\u0105 \u2013 autork\u0105 ksi\u0105\u017cek z serii \u201ePsy go\u0144cze\u201d, kt\u00f3re odb\u0119dzie si\u0119 w pi\u0105tek &hellip; <a href=\"https:\/\/slaskipegaz.bs.katowice.pl\/?p=23125\" class=\"more-link\">Czytaj dalej <span class=\"screen-reader-text\">[Zapowied\u017a] MIEJSKA BIBLIOTEKA PUBLICZNA W SOSNOWCU<\/span> <span class=\"meta-nav\">&rarr;<\/span><\/a><\/p>\n","protected":false},"author":2,"featured_media":0,"comment_status":"closed","ping_status":"open","sticky":false,"template":"","format":"standard","meta":{"_acf_changed":false,"_exactmetrics_skip_tracking":false,"_exactmetrics_sitenote_active":false,"_exactmetrics_sitenote_note":"","_exactmetrics_sitenote_category":0,"footnotes":""},"categories":[6],"tags":[146],"class_list":["post-23125","post","type-post","status-publish","format-standard","hentry","category-aktualnosci","tag-miejska-biblioteka-publiczna-w-sosnowcu"],"acf":[],"jetpack_featured_media_url":"","_links":{"self":[{"href":"https:\/\/slaskipegaz.bs.katowice.pl\/index.php?rest_route=\/wp\/v2\/posts\/23125","targetHints":{"allow":["GET"]}}],"collection":[{"href":"https:\/\/slaskipegaz.bs.katowice.pl\/index.php?rest_route=\/wp\/v2\/posts"}],"about":[{"href":"https:\/\/slaskipegaz.bs.katowice.pl\/index.php?rest_route=\/wp\/v2\/types\/post"}],"author":[{"embeddable":true,"href":"https:\/\/slaskipegaz.bs.katowice.pl\/index.php?rest_route=\/wp\/v2\/users\/2"}],"replies":[{"embeddable":true,"href":"https:\/\/slaskipegaz.bs.katowice.pl\/index.php?rest_route=%2Fwp%2Fv2%2Fcomments&post=23125"}],"version-history":[{"count":1,"href":"https:\/\/slaskipegaz.bs.katowice.pl\/index.php?rest_route=\/wp\/v2\/posts\/23125\/revisions"}],"predecessor-version":[{"id":23127,"href":"https:\/\/slaskipegaz.bs.katowice.pl\/index.php?rest_route=\/wp\/v2\/posts\/23125\/revisions\/23127"}],"wp:attachment":[{"href":"https:\/\/slaskipegaz.bs.katowice.pl\/index.php?rest_route=%2Fwp%2Fv2%2Fmedia&parent=23125"}],"wp:term":[{"taxonomy":"category","embeddable":true,"href":"https:\/\/slaskipegaz.bs.katowice.pl\/index.php?rest_route=%2Fwp%2Fv2%2Fcategories&post=23125"},{"taxonomy":"post_tag","embeddable":true,"href":"https:\/\/slaskipegaz.bs.katowice.pl\/index.php?rest_route=%2Fwp%2Fv2%2Ftags&post=23125"}],"curies":[{"name":"wp","href":"https:\/\/api.w.org\/{rel}","templated":true}]}}