{"id":23131,"date":"2026-01-22T11:06:36","date_gmt":"2026-01-22T10:06:36","guid":{"rendered":"https:\/\/slaskipegaz.bs.katowice.pl\/?p=23131"},"modified":"2026-01-22T11:08:56","modified_gmt":"2026-01-22T10:08:56","slug":"podcast-miejska-biblioteka-publiczna-w-sosnowcu-2","status":"publish","type":"post","link":"https:\/\/slaskipegaz.bs.katowice.pl\/?p=23131","title":{"rendered":"[Podcast] MIEJSKA BIBLIOTEKA PUBLICZNA W SOSNOWCU"},"content":{"rendered":"\n<figure class=\"wp-block-embed is-type-rich is-provider-spotify wp-block-embed-spotify wp-embed-aspect-21-9 wp-has-aspect-ratio\"><div class=\"wp-block-embed__wrapper\">\n<iframe title=\"Spotify Embed: Skankan \u015bwi\u0119tuje 33. urodziny! Rozmowa z cz\u0142onkami zespo\u0142u\" style=\"border-radius: 12px\" width=\"100%\" height=\"152\" frameborder=\"0\" allowfullscreen allow=\"autoplay; clipboard-write; encrypted-media; fullscreen; picture-in-picture\" loading=\"lazy\" src=\"https:\/\/open.spotify.com\/embed\/episode\/3ZfqngB8L2URVfdPNkPhxB?si=wepNVYrJRi6xH3mg7OXZEQ&amp;utm_source=oembed\"><\/iframe>\n<\/div><\/figure>\n\n\n\n<div class=\"wp-block-media-text is-stacked-on-mobile is-vertically-aligned-top\"><figure class=\"wp-block-media-text__media\"><img loading=\"lazy\" decoding=\"async\" width=\"718\" height=\"1024\" src=\"https:\/\/slaskipegaz.bs.katowice.pl\/wp-content\/uploads\/2026\/01\/bibliotalk-skankan-plakat-718x1024.jpg\" alt=\"Pionowa grafika - u do\u0142u zdj\u0119cie przedstawiaj\u0105ce pozuj\u0105cych 4 m\u0119\u017cczyzn w \u015brednim wieku na tle perkusji. Czterech z nich kuca, ,jeden siedzi na b\u0119bnie. Wszyscy pokazuj\u0105 trzymane w d\u0142oniach karteczki (mo\u017cna odczyta\u0107 najwi\u0119kszy napis na karteczce - Skankan koncert). Wy\u017cej nad zdj\u0119ciem t\u0142o w formie czarno-bia\u0142ej i przyciemnionej czarnym gradientem szachownicy. Na tym tle logo bia\u0142o-z\u00f3\u0142te logo Bibliotalk. Poza tym napisy w kolorach \u017c\u00f3\u0142tych zgodne z opisem wydarzenia. U do\u0142u bia\u0142e loga Kuriera i Miejskiej Biblioteki Publicznej w Sosnowcu. \" class=\"wp-image-23132 size-full\" srcset=\"https:\/\/slaskipegaz.bs.katowice.pl\/wp-content\/uploads\/2026\/01\/bibliotalk-skankan-plakat-718x1024.jpg 718w, https:\/\/slaskipegaz.bs.katowice.pl\/wp-content\/uploads\/2026\/01\/bibliotalk-skankan-plakat-210x300.jpg 210w, https:\/\/slaskipegaz.bs.katowice.pl\/wp-content\/uploads\/2026\/01\/bibliotalk-skankan-plakat-768x1096.jpg 768w, https:\/\/slaskipegaz.bs.katowice.pl\/wp-content\/uploads\/2026\/01\/bibliotalk-skankan-plakat.jpg 998w\" sizes=\"auto, (max-width: 718px) 100vw, 718px\" \/><\/figure><div class=\"wp-block-media-text__content\">\n<p><strong>Szczepan \u0141ach go\u015bciem \u201eBibliotalku\u201d<\/strong><\/p>\n\n\n\n<p>Skankan \u015bwi\u0119tuje 33. urodziny \u2013 trzy dekady muzyki, koncert\u00f3w i energii, kt\u00f3ra na sta\u0142e wpisa\u0142a zesp\u00f3\u0142 w histori\u0119 polskiej sceny ska. To idealny moment, by zajrze\u0107 za kulisy i porozmawia\u0107 o tym, co by\u0142o, co jest i co dopiero nadejdzie. W najnowszym odcinku podcastu Bibliotalk Tomek Szymczyk rozmawia ze Szczepanem \u0141achem, obecnym liderem grupy. Opowiada o planach zespo\u0142u na najbli\u017csze miesi\u0105ce, o tym, jak wygl\u0105da dzi\u015b praca nad nowym materia\u0142em, a tak\u017ce o wspomnieniach zwi\u0105zanych z pierwszym koncertem \u2013 wydarzeniem, kt\u00f3re zapocz\u0105tkowa\u0142o wieloletni\u0105 muzyczn\u0105 przygod\u0119.<\/p>\n\n\n\n<p>Bibliotalk to podcast tworzony przez Miejsk\u0105 Bibliotek\u0119 Publiczn\u0105 w Sosnowcu i <em>Kurier Miejski<\/em>. To cykl rozm\u00f3w o kulturze, muzyce, literaturze, sztuce i lokalnych inicjatywach. W ka\u017cdym odcinku prowadz\u0105cy spotykaj\u0105 si\u0119 z go\u015b\u0107mi, kt\u00f3rzy dziel\u0105 si\u0119 swoimi historiami, projektami i pasjami, tworz\u0105c przestrze\u0144 do inspiruj\u0105cych i autentycznych rozm\u00f3w.<\/p>\n\n\n\n<p>Przeczytaj w Kurierze Miejskim: <a href=\"https:\/\/kuriermiejski.com.pl\/skankan-gra-w-muzie-urodzinowo\/?fbclid=IwZXh0bgNhZW0CMTAAYnJpZBExQ2Q0VlkzMGhldjlSOEhiUnNydGMGYXBwX2lkEDIyMjAzOTE3ODgyMDA4OTIAAR4xm9gNDOvDbhZOE3D9z_TbiaDz7e7VCV5urEvFnb2s1A0StSoHRFBmI6Zh2g_aem_Bik9-GC6MtfSfC74F6ZZrg\">https:\/\/kuriermiejski.com.pl\/skankan-gra-w-muzie-urodzinowo\/<\/a><\/p>\n<\/div><\/div>\n","protected":false},"excerpt":{"rendered":"<p>Szczepan \u0141ach go\u015bciem \u201eBibliotalku\u201d Skankan \u015bwi\u0119tuje 33. urodziny \u2013 trzy dekady muzyki, koncert\u00f3w i energii, kt\u00f3ra na sta\u0142e wpisa\u0142a zesp\u00f3\u0142 w histori\u0119 polskiej sceny ska. To idealny moment, by zajrze\u0107 za kulisy i porozmawia\u0107 o tym, co by\u0142o, co jest i co dopiero nadejdzie. W najnowszym odcinku podcastu Bibliotalk Tomek Szymczyk rozmawia ze Szczepanem \u0141achem, &hellip; <a href=\"https:\/\/slaskipegaz.bs.katowice.pl\/?p=23131\" class=\"more-link\">Czytaj dalej <span class=\"screen-reader-text\">[Podcast] MIEJSKA BIBLIOTEKA PUBLICZNA W SOSNOWCU<\/span> <span class=\"meta-nav\">&rarr;<\/span><\/a><\/p>\n","protected":false},"author":2,"featured_media":0,"comment_status":"closed","ping_status":"open","sticky":false,"template":"","format":"standard","meta":{"_acf_changed":false,"_exactmetrics_skip_tracking":false,"_exactmetrics_sitenote_active":false,"_exactmetrics_sitenote_note":"","_exactmetrics_sitenote_category":0,"footnotes":""},"categories":[6],"tags":[146,2146],"class_list":["post-23131","post","type-post","status-publish","format-standard","hentry","category-aktualnosci","tag-miejska-biblioteka-publiczna-w-sosnowcu","tag-podcast"],"acf":[],"jetpack_featured_media_url":"","_links":{"self":[{"href":"https:\/\/slaskipegaz.bs.katowice.pl\/index.php?rest_route=\/wp\/v2\/posts\/23131","targetHints":{"allow":["GET"]}}],"collection":[{"href":"https:\/\/slaskipegaz.bs.katowice.pl\/index.php?rest_route=\/wp\/v2\/posts"}],"about":[{"href":"https:\/\/slaskipegaz.bs.katowice.pl\/index.php?rest_route=\/wp\/v2\/types\/post"}],"author":[{"embeddable":true,"href":"https:\/\/slaskipegaz.bs.katowice.pl\/index.php?rest_route=\/wp\/v2\/users\/2"}],"replies":[{"embeddable":true,"href":"https:\/\/slaskipegaz.bs.katowice.pl\/index.php?rest_route=%2Fwp%2Fv2%2Fcomments&post=23131"}],"version-history":[{"count":4,"href":"https:\/\/slaskipegaz.bs.katowice.pl\/index.php?rest_route=\/wp\/v2\/posts\/23131\/revisions"}],"predecessor-version":[{"id":23136,"href":"https:\/\/slaskipegaz.bs.katowice.pl\/index.php?rest_route=\/wp\/v2\/posts\/23131\/revisions\/23136"}],"wp:attachment":[{"href":"https:\/\/slaskipegaz.bs.katowice.pl\/index.php?rest_route=%2Fwp%2Fv2%2Fmedia&parent=23131"}],"wp:term":[{"taxonomy":"category","embeddable":true,"href":"https:\/\/slaskipegaz.bs.katowice.pl\/index.php?rest_route=%2Fwp%2Fv2%2Fcategories&post=23131"},{"taxonomy":"post_tag","embeddable":true,"href":"https:\/\/slaskipegaz.bs.katowice.pl\/index.php?rest_route=%2Fwp%2Fv2%2Ftags&post=23131"}],"curies":[{"name":"wp","href":"https:\/\/api.w.org\/{rel}","templated":true}]}}