{"id":23140,"date":"2026-01-22T12:59:30","date_gmt":"2026-01-22T11:59:30","guid":{"rendered":"https:\/\/slaskipegaz.bs.katowice.pl\/?p=23140"},"modified":"2026-01-22T13:10:40","modified_gmt":"2026-01-22T12:10:40","slug":"zapowiedz-miejska-biblioteka-publiczna-w-sosnowcu-168","status":"publish","type":"post","link":"https:\/\/slaskipegaz.bs.katowice.pl\/?p=23140","title":{"rendered":"[Zapowied\u017a] MIEJSKA BIBLIOTEKA PUBLICZNA W SOSNOWCU"},"content":{"rendered":"\n<div class=\"wp-block-media-text is-stacked-on-mobile is-vertically-aligned-top\"><figure class=\"wp-block-media-text__media\"><img loading=\"lazy\" decoding=\"async\" width=\"724\" height=\"1024\" src=\"https:\/\/slaskipegaz.bs.katowice.pl\/wp-content\/uploads\/2026\/01\/WOSP_PLAKAT-scaled-1-724x1024.jpg\" alt=\"Plakat w stylu Wielkiej Orkiestry \u015awi\u0105tecznej Pomocy, czyli du\u017co kolorowych element\u00f3w, du\u017co fiolet\u00f3w, r\u00f3\u017cu i niebiesko\u015bci, du\u017ca bia\u0142a liczba 34 (bo 34. fina\u0142), poza tym napisy zgodne z opisem wydarzenia.\" class=\"wp-image-23141 size-full\" srcset=\"https:\/\/slaskipegaz.bs.katowice.pl\/wp-content\/uploads\/2026\/01\/WOSP_PLAKAT-scaled-1-724x1024.jpg 724w, https:\/\/slaskipegaz.bs.katowice.pl\/wp-content\/uploads\/2026\/01\/WOSP_PLAKAT-scaled-1-212x300.jpg 212w, https:\/\/slaskipegaz.bs.katowice.pl\/wp-content\/uploads\/2026\/01\/WOSP_PLAKAT-scaled-1-768x1086.jpg 768w, https:\/\/slaskipegaz.bs.katowice.pl\/wp-content\/uploads\/2026\/01\/WOSP_PLAKAT-scaled-1-1086x1536.jpg 1086w, https:\/\/slaskipegaz.bs.katowice.pl\/wp-content\/uploads\/2026\/01\/WOSP_PLAKAT-scaled-1-1448x2048.jpg 1448w, https:\/\/slaskipegaz.bs.katowice.pl\/wp-content\/uploads\/2026\/01\/WOSP_PLAKAT-scaled-1.jpg 1810w\" sizes=\"auto, (max-width: 724px) 100vw, 724px\" \/><\/figure><div class=\"wp-block-media-text__content\">\n<p><strong>Przed nami 34. Fina\u0142 Wielkiej Orkiestry \u015awi\u0105tecznej Pomocy!<\/strong><\/p>\n\n\n\n<p>W styczniu 2026 roku Wielka Orkiestra \u015awi\u0105tecznej Pomocy ponownie po\u0142\u0105czy miliony ludzi w jednym celu. 34. Fina\u0142 WO\u015aP zagra 25 stycznia 2026 roku, a tegoroczna zbi\u00f3rka po\u015bwi\u0119cona b\u0119dzie niezwykle wa\u017cnemu obszarowi: diagnostyce i leczeniu chor\u00f3b przewodu pokarmowego u najm\u0142odszych pacjent\u00f3w. Has\u0142o Fina\u0142u m\u00f3wi wszystko: \u201eZdrowe brzuszki naszych dzieci\u201d.<\/p>\n\n\n\n<p>To w\u0142a\u015bnie z my\u015bl\u0105 o najm\u0142odszych Orkiestra b\u0119dzie zbiera\u0107 \u015brodki na nowoczesny sprz\u0119t, kt\u00f3ry pozwoli szybciej diagnozowa\u0107, skuteczniej leczy\u0107 i lepiej wspiera\u0107 dzieci zmagaj\u0105ce si\u0119 z chorobami uk\u0142adu pokarmowego.<\/p>\n\n\n\n<p>MBP w Sosnowcu tradycyjnie gra razem z Orkiestr\u0105. W ramach tegorocznego Fina\u0142u przygotowali\u015bmy:<\/p>\n\n\n\n<p><strong>Kiermasz ksi\u0105\u017cek w Zag\u0142\u0119biowskiej Mediatece<\/strong><\/p>\n\n\n\n<p>Dla czytelnik\u00f3w przygotowany zosta\u0142 kiermasz pe\u0142en ksi\u0105\u017ckowych pere\u0142ek. Ka\u017cdy tytu\u0142 mo\u017cna zabra\u0107 do domu za datek wrzucony do puszki WO\u015aP. To idealny spos\u00f3b, by wesprze\u0107 dzieciaki i jednocze\u015bnie zasili\u0107 swoj\u0105 biblioteczk\u0119. Rega\u0142y z ksi\u0105\u017ckami znale\u017a\u0107 mo\u017cna na pierwszym pi\u0119trze Zag\u0142\u0119biowskiej Mediateki, w godzinach otwarcia biblioteki.<\/p>\n\n\n\n<!--more-->\n\n\n\n<p><strong>Skarbonki WO\u015aP w wybranych filiach MBP<\/strong><\/p>\n\n\n\n<p>Od czwartku 18 grudnia 2025 w wybranych plac\u00f3wkach bibliotecznych czekaj\u0105 stacjonarne skarbonki WO\u015aP, do kt\u00f3rych mo\u017cna wrzuci\u0107 nawet najdrobniejszy datek \u2013 bo ka\u017cda z\u0142ot\u00f3wka ma znaczenie.<\/p>\n\n\n\n<p>Dodatkowo, darczy\u0144cy mog\u0105 wspiera\u0107 Orkiestr\u0119 tak\u017ce online, za po\u015brednictwem e-skarbonki: <a href=\"https:\/\/eskarbonka.wosp.org.pl\/gogewebygu\">https:\/\/eskarbonka.wosp.org.pl\/gogewebygu<\/a><\/p>\n\n\n\n<p>Skarbonki dost\u0119pne s\u0105 w:<\/p>\n\n\n\n<p>Zag\u0142\u0119biowskiej Mediatece (ul. Ko\u015bcielna 11)<\/p>\n\n\n\n<p>Bibliotece M\u0142odzie\u017cowej (ul. Parkowa 1a)<\/p>\n\n\n\n<p>Filii nr 1 \u2013 \u015arodula (ul. J. Kossaka 10a)<\/p>\n\n\n\n<p>Filii nr 4 \u2013 Sielec (ul. Zamkowa 9)<\/p>\n\n\n\n<p>Filii nr 6 \u2013 Niwka (ul. Wojska Polskiego 6)<\/p>\n\n\n\n<p>Filii nr 15 \u2013 Mec (ul. S. Kisielewskiego 9a)<\/p>\n\n\n\n<p>Filii nr 17 \u2013 Pogo\u0144 (ul. B\u0119dzi\u0144ska 22)<\/p>\n\n\n\n<p>Filii nr 20 \u2013 Stary Sosnowiec (ul. J. Pi\u0142sudskiego 19)<\/p>\n\n\n\n<p><strong>Licytacje na Allegro<\/strong><\/p>\n\n\n\n<p>W\u015br\u00f3d miejskich licytacji b\u0119dzie mo\u017cna znale\u017a\u0107 dwie przygotowane przez MBP w Sosnowcu.<\/p>\n\n\n\n<p><strong>Noc w Mediatece<\/strong> &#8211; Zach\u0119camy do sp\u0119dzenia wyj\u0105tkowego czasu w przytulnym i zacisznym mieszkaniu go\u015bcinnym w Zag\u0142\u0119biowskiej Mediatece. Do dyspozycji licytuj\u0105cych oddane zostanie w pe\u0142ni wyposa\u017cone mieszkanko (dwuosobowy pok\u00f3j, aneks kuchenny, \u0142azienka, balkon). Dodatkowe atuty &#8211; brak tv (w zamian dost\u0119p do dziesi\u0105tek tysi\u0119cy ksi\u0105\u017cek!), osobne wej\u015bcie do urokliwego ogrodu, pyszna kolacja i \u015bniadanie w pakiecie. Ponadto, licytuj\u0105cy b\u0119d\u0105 mieli mo\u017cliwo\u015b\u0107 wyboru dodatkowych atrakcji takich jak: zwiedzanie wszystkich zakamark\u00f3w Zag\u0142\u0119biowskiej Mediateki z przewodnikiem (od magazyn\u00f3w po dach!) czy prywatny pokaz filmowy w Auli.<\/p>\n\n\n\n<p><a href=\"https:\/\/allegro.pl\/oferta\/noc-w-bibliotece-mediateka-18234651219\">https:\/\/allegro.pl\/oferta\/noc-w-bibliotece-mediateka-18234651219<\/a><\/p>\n\n\n\n<p><strong>Z\u0142ota Biblioteczna Karta VIP<\/strong> &#8211; Unikatowa karta biblioteczna wi\u0105za\u0107 si\u0119 b\u0119dzie z nast\u0119puj\u0105cymi przywilejami:&nbsp;<\/p>\n\n\n\n<ul class=\"wp-block-list\">\n<li>wydzielony i oznaczony fotel w Auli Zag\u0142\u0119biowskiej Mediateki z niewygasaj\u0105c\u0105 przez rok rezerwacj\u0105 na WSZYSTKIE imprezy organizowane przez MBP (w tym koncerty, pokazy filmowe i spotkania autorskie),<\/li>\n\n\n\n<li>podwojenie limitu liczby wypo\u017cyczanych ksi\u0105\u017cek,<\/li>\n\n\n\n<li>dwukrotne wyd\u0142u\u017cenie terminu oddawania wypo\u017cyczonych ksi\u0105\u017cek.<\/li>\n<\/ul>\n\n\n\n<p><a href=\"https:\/\/allegro.pl\/oferta\/zlota-biblioteczna-karta-vip-18234450000\">https:\/\/allegro.pl\/oferta\/zlota-biblioteczna-karta-vip-18234450000<\/a><\/p>\n\n\n\n<p><strong>Wydarzenia w Arenie Sosnowiec<\/strong><\/p>\n\n\n\n<p>Nasze reprezentantki spotka\u0107 b\u0119dzie mo\u017cna r\u00f3wnie\u017c podczas Fina\u0142u w Arenie Sosnowiec. Na miejscu pojawi\u0105 si\u0119 sosnowieckie sztaby, kt\u00f3re dla mieszka\u0144c\u00f3w b\u0119d\u0105 mia\u0142y mn\u00f3stwo atrakcji &#8211;&nbsp; w tym warsztaty r\u0119kodzie\u0142a przygotowane przez nasze Kole\u017canki. Start w niedziel\u0119 25 stycznia 2026 o godz. 12.00.<\/p>\n\n\n\n<p>Serdecznie zach\u0119camy do wparcia Orkiestry wraz z MBP w Sosnowcu \u2013 bo razem mo\u017cemy du\u017co wi\u0119cej \ud83d\ude09<\/p>\n<\/div><\/div>\n","protected":false},"excerpt":{"rendered":"<p>Przed nami 34. Fina\u0142 Wielkiej Orkiestry \u015awi\u0105tecznej Pomocy! W styczniu 2026 roku Wielka Orkiestra \u015awi\u0105tecznej Pomocy ponownie po\u0142\u0105czy miliony ludzi w jednym celu. 34. Fina\u0142 WO\u015aP zagra 25 stycznia 2026 roku, a tegoroczna zbi\u00f3rka po\u015bwi\u0119cona b\u0119dzie niezwykle wa\u017cnemu obszarowi: diagnostyce i leczeniu chor\u00f3b przewodu pokarmowego u najm\u0142odszych pacjent\u00f3w. Has\u0142o Fina\u0142u m\u00f3wi wszystko: \u201eZdrowe brzuszki naszych &hellip; <a href=\"https:\/\/slaskipegaz.bs.katowice.pl\/?p=23140\" class=\"more-link\">Czytaj dalej <span class=\"screen-reader-text\">[Zapowied\u017a] MIEJSKA BIBLIOTEKA PUBLICZNA W SOSNOWCU<\/span> <span class=\"meta-nav\">&rarr;<\/span><\/a><\/p>\n","protected":false},"author":2,"featured_media":0,"comment_status":"closed","ping_status":"open","sticky":false,"template":"","format":"standard","meta":{"_acf_changed":false,"_exactmetrics_skip_tracking":false,"_exactmetrics_sitenote_active":false,"_exactmetrics_sitenote_note":"","_exactmetrics_sitenote_category":0,"footnotes":""},"categories":[6],"tags":[146],"class_list":["post-23140","post","type-post","status-publish","format-standard","hentry","category-aktualnosci","tag-miejska-biblioteka-publiczna-w-sosnowcu"],"acf":[],"jetpack_featured_media_url":"","_links":{"self":[{"href":"https:\/\/slaskipegaz.bs.katowice.pl\/index.php?rest_route=\/wp\/v2\/posts\/23140","targetHints":{"allow":["GET"]}}],"collection":[{"href":"https:\/\/slaskipegaz.bs.katowice.pl\/index.php?rest_route=\/wp\/v2\/posts"}],"about":[{"href":"https:\/\/slaskipegaz.bs.katowice.pl\/index.php?rest_route=\/wp\/v2\/types\/post"}],"author":[{"embeddable":true,"href":"https:\/\/slaskipegaz.bs.katowice.pl\/index.php?rest_route=\/wp\/v2\/users\/2"}],"replies":[{"embeddable":true,"href":"https:\/\/slaskipegaz.bs.katowice.pl\/index.php?rest_route=%2Fwp%2Fv2%2Fcomments&post=23140"}],"version-history":[{"count":4,"href":"https:\/\/slaskipegaz.bs.katowice.pl\/index.php?rest_route=\/wp\/v2\/posts\/23140\/revisions"}],"predecessor-version":[{"id":23145,"href":"https:\/\/slaskipegaz.bs.katowice.pl\/index.php?rest_route=\/wp\/v2\/posts\/23140\/revisions\/23145"}],"wp:attachment":[{"href":"https:\/\/slaskipegaz.bs.katowice.pl\/index.php?rest_route=%2Fwp%2Fv2%2Fmedia&parent=23140"}],"wp:term":[{"taxonomy":"category","embeddable":true,"href":"https:\/\/slaskipegaz.bs.katowice.pl\/index.php?rest_route=%2Fwp%2Fv2%2Fcategories&post=23140"},{"taxonomy":"post_tag","embeddable":true,"href":"https:\/\/slaskipegaz.bs.katowice.pl\/index.php?rest_route=%2Fwp%2Fv2%2Ftags&post=23140"}],"curies":[{"name":"wp","href":"https:\/\/api.w.org\/{rel}","templated":true}]}}