{"id":23146,"date":"2026-01-23T12:52:09","date_gmt":"2026-01-23T11:52:09","guid":{"rendered":"https:\/\/slaskipegaz.bs.katowice.pl\/?p=23146"},"modified":"2026-01-23T12:55:42","modified_gmt":"2026-01-23T11:55:42","slug":"zapowiedz-miejska-biblioteka-publiczna-w-sosnowcu-169","status":"publish","type":"post","link":"https:\/\/slaskipegaz.bs.katowice.pl\/?p=23146","title":{"rendered":"[Zapowied\u017a] MIEJSKA BIBLIOTEKA PUBLICZNA W SOSNOWCU"},"content":{"rendered":"\n<div class=\"wp-block-media-text is-stacked-on-mobile is-vertically-aligned-top\"><figure class=\"wp-block-media-text__media\"><img loading=\"lazy\" decoding=\"async\" width=\"719\" height=\"1024\" src=\"https:\/\/slaskipegaz.bs.katowice.pl\/wp-content\/uploads\/2026\/01\/Sacrum-i-Profanum-F2-719x1024.jpg\" alt=\"Plakat, w tle rozmazane witra\u017ce, na to na\u0142o\u017cony g\u0142\u00f3wny obraz sk\u0142adaj\u0105cy si\u0119 z dw\u00f3ch obraz\u00f3w - po lewej obraz przedstawiaj\u0105cy siedz\u0105c\u0105 posta\u0107, po prawej obraz z krzy\u017cem i wisz\u0105cym na niej Jezusem. Poza tym bia\u0142e napisy zgodne z opisem wydarzenia.\" class=\"wp-image-23148 size-full\" srcset=\"https:\/\/slaskipegaz.bs.katowice.pl\/wp-content\/uploads\/2026\/01\/Sacrum-i-Profanum-F2-719x1024.jpg 719w, https:\/\/slaskipegaz.bs.katowice.pl\/wp-content\/uploads\/2026\/01\/Sacrum-i-Profanum-F2-211x300.jpg 211w, https:\/\/slaskipegaz.bs.katowice.pl\/wp-content\/uploads\/2026\/01\/Sacrum-i-Profanum-F2-768x1093.jpg 768w, https:\/\/slaskipegaz.bs.katowice.pl\/wp-content\/uploads\/2026\/01\/Sacrum-i-Profanum-F2-1079x1536.jpg 1079w, https:\/\/slaskipegaz.bs.katowice.pl\/wp-content\/uploads\/2026\/01\/Sacrum-i-Profanum-F2-1438x2048.jpg 1438w, https:\/\/slaskipegaz.bs.katowice.pl\/wp-content\/uploads\/2026\/01\/Sacrum-i-Profanum-F2-scaled.jpg 1798w\" sizes=\"auto, (max-width: 719px) 100vw, 719px\" \/><\/figure><div class=\"wp-block-media-text__content\">\n<p><strong>\u201eSacrum i Profanum\u201d \u2013 wernisa\u017c wystawy prac Czeladzkiej Pracowni Artystycznej \u201eAkwamaryn\u201d [27.01.2026]<\/strong><\/p>\n\n\n\n<p>Filia nr 2 \u2013 Rudna IV Miejskiej Biblioteki Publicznej w Sosnowcu (ul. Gospodarcza 32) serdecznie zaprasza na wernisa\u017c wystawy prac Czeladzkiej Pracowni Artystycznej \u201eAkwamaryn\u201d zatytu\u0142owanej \u201eSacrum i Profanum\u201d w dn. 27 stycznia 2026 o godz. 16.00. W programie widowisko poetycko-muzyczne w wykonaniu grupy Akwamaryn. Wst\u0119p wolny. Wszystkich zainteresowanych otrzymywaniem regularnych informacji o ofercie Miejskiej Biblioteki Publicznej w Sosnowcu zach\u0119camy do zapisania si\u0119 do newslettera za po\u015brednictwem strony www.biblioteka.sosnowiec.pl i \u015bledzenia nas w mediach spo\u0142eczno\u015bciowych (Facebook, YouTube, Instagram, TikTok).<\/p>\n<\/div><\/div>\n\n\n\n<p><\/p>\n","protected":false},"excerpt":{"rendered":"<p>\u201eSacrum i Profanum\u201d \u2013 wernisa\u017c wystawy prac Czeladzkiej Pracowni Artystycznej \u201eAkwamaryn\u201d [27.01.2026] Filia nr 2 \u2013 Rudna IV Miejskiej Biblioteki Publicznej w Sosnowcu (ul. Gospodarcza 32) serdecznie zaprasza na wernisa\u017c wystawy prac Czeladzkiej Pracowni Artystycznej \u201eAkwamaryn\u201d zatytu\u0142owanej \u201eSacrum i Profanum\u201d w dn. 27 stycznia 2026 o godz. 16.00. W programie widowisko poetycko-muzyczne w wykonaniu grupy &hellip; <a href=\"https:\/\/slaskipegaz.bs.katowice.pl\/?p=23146\" class=\"more-link\">Czytaj dalej <span class=\"screen-reader-text\">[Zapowied\u017a] MIEJSKA BIBLIOTEKA PUBLICZNA W SOSNOWCU<\/span> <span class=\"meta-nav\">&rarr;<\/span><\/a><\/p>\n","protected":false},"author":2,"featured_media":0,"comment_status":"closed","ping_status":"open","sticky":false,"template":"","format":"standard","meta":{"_acf_changed":false,"_exactmetrics_skip_tracking":false,"_exactmetrics_sitenote_active":false,"_exactmetrics_sitenote_note":"","_exactmetrics_sitenote_category":0,"footnotes":""},"categories":[6],"tags":[146],"class_list":["post-23146","post","type-post","status-publish","format-standard","hentry","category-aktualnosci","tag-miejska-biblioteka-publiczna-w-sosnowcu"],"acf":[],"jetpack_featured_media_url":"","_links":{"self":[{"href":"https:\/\/slaskipegaz.bs.katowice.pl\/index.php?rest_route=\/wp\/v2\/posts\/23146","targetHints":{"allow":["GET"]}}],"collection":[{"href":"https:\/\/slaskipegaz.bs.katowice.pl\/index.php?rest_route=\/wp\/v2\/posts"}],"about":[{"href":"https:\/\/slaskipegaz.bs.katowice.pl\/index.php?rest_route=\/wp\/v2\/types\/post"}],"author":[{"embeddable":true,"href":"https:\/\/slaskipegaz.bs.katowice.pl\/index.php?rest_route=\/wp\/v2\/users\/2"}],"replies":[{"embeddable":true,"href":"https:\/\/slaskipegaz.bs.katowice.pl\/index.php?rest_route=%2Fwp%2Fv2%2Fcomments&post=23146"}],"version-history":[{"count":1,"href":"https:\/\/slaskipegaz.bs.katowice.pl\/index.php?rest_route=\/wp\/v2\/posts\/23146\/revisions"}],"predecessor-version":[{"id":23149,"href":"https:\/\/slaskipegaz.bs.katowice.pl\/index.php?rest_route=\/wp\/v2\/posts\/23146\/revisions\/23149"}],"wp:attachment":[{"href":"https:\/\/slaskipegaz.bs.katowice.pl\/index.php?rest_route=%2Fwp%2Fv2%2Fmedia&parent=23146"}],"wp:term":[{"taxonomy":"category","embeddable":true,"href":"https:\/\/slaskipegaz.bs.katowice.pl\/index.php?rest_route=%2Fwp%2Fv2%2Fcategories&post=23146"},{"taxonomy":"post_tag","embeddable":true,"href":"https:\/\/slaskipegaz.bs.katowice.pl\/index.php?rest_route=%2Fwp%2Fv2%2Ftags&post=23146"}],"curies":[{"name":"wp","href":"https:\/\/api.w.org\/{rel}","templated":true}]}}