{"id":23153,"date":"2026-01-26T13:34:36","date_gmt":"2026-01-26T12:34:36","guid":{"rendered":"https:\/\/slaskipegaz.bs.katowice.pl\/?p=23153"},"modified":"2026-01-26T13:34:36","modified_gmt":"2026-01-26T12:34:36","slug":"zapowiedz-biblioteka-slaska-w-katowicach-55","status":"publish","type":"post","link":"https:\/\/slaskipegaz.bs.katowice.pl\/?p=23153","title":{"rendered":"[Zapowied\u017a] BIBLIOTEKA \u015aL\u0104SKA W KATOWICACH"},"content":{"rendered":"\n<div class=\"wp-block-media-text is-stacked-on-mobile is-vertically-aligned-top\"><figure class=\"wp-block-media-text__media\"><img loading=\"lazy\" decoding=\"async\" width=\"1024\" height=\"536\" src=\"https:\/\/slaskipegaz.bs.katowice.pl\/wp-content\/uploads\/2026\/01\/619328602_1332562868916201_1627163668921700616_n-1024x536.jpg\" alt=\"Pozioma grafika, czarne t\u0142o, na nim zdj\u0119cie (portret) roze\u015bmianego m\u0119\u017cczyzny z siwym zarostem, z wysokim czo\u0142em, w okularach z okr\u0105g\u0142ymi okularami, w koszuli blado granatowej. Na portrecie naniesione bia\u0142e napisy zgodne z opisem wydarzenia.\" class=\"wp-image-23154 size-full\" srcset=\"https:\/\/slaskipegaz.bs.katowice.pl\/wp-content\/uploads\/2026\/01\/619328602_1332562868916201_1627163668921700616_n-1024x536.jpg 1024w, https:\/\/slaskipegaz.bs.katowice.pl\/wp-content\/uploads\/2026\/01\/619328602_1332562868916201_1627163668921700616_n-300x157.jpg 300w, https:\/\/slaskipegaz.bs.katowice.pl\/wp-content\/uploads\/2026\/01\/619328602_1332562868916201_1627163668921700616_n-768x402.jpg 768w, https:\/\/slaskipegaz.bs.katowice.pl\/wp-content\/uploads\/2026\/01\/619328602_1332562868916201_1627163668921700616_n-1536x804.jpg 1536w, https:\/\/slaskipegaz.bs.katowice.pl\/wp-content\/uploads\/2026\/01\/619328602_1332562868916201_1627163668921700616_n.jpg 2048w\" sizes=\"auto, (max-width: 1024px) 100vw, 1024px\" \/><\/figure><div class=\"wp-block-media-text__content\">\n<p><strong>Potencjalno\u015b\u0107 literatury .<br>Spotkanie z Grzegorzem Jankowiczem<\/strong> <strong>o ksi\u0105\u017cce \u201eOd-tworzenie\u201d<\/strong><\/p>\n\n\n\n<p>Data: 29 stycznia 2026<br>Godzina: 18.00<br>Miejsce: Biblioteka \u015al\u0105ska, sala Parnassos, Katowice<br>Wst\u0119p: wolny<\/p>\n\n\n\n<p>Czy literatura mo\u017ce by\u0107 sposobem na znikni\u0119cie albo na rozpocz\u0119cie wszystkiego od nowa?<\/p>\n\n\n\n<p>Spotkanie z Grzegorzem Jankowiczem w ramach cyklu \u015al\u0105ska! Ksi\u0105\u017cka w centrum \u015bwiata. Rozmow\u0119 poprowadzi Artur Madali\u0144ski, a spotkaniu towarzyszy\u0107 b\u0119dzie promocja ksi\u0105\u017cki \u201eOd-tworzenie. Eseje o potencjalno\u015bci\u201d (Wydawnictwo Lokator, 2025).<\/p>\n\n\n\n<!--more-->\n\n\n\n<p>W swojej najnowszej ksi\u0105\u017cce Jankowicz opowiada o tw\u00f3rcach, kt\u00f3rzy traktowali sztuk\u0119 jako przestrze\u0144 radykalnej zmiany: od Borgesa i Kafki po Carson czy Weil. To eseje o \u017cyciu, kt\u00f3re mo\u017cna przemy\u015ble\u0107, przekszta\u0142ci\u0107, a czasem prze\u017cy\u0107 na nowo dzi\u0119ki literaturze.<\/p>\n\n\n\n<p>Podczas spotkania porozmawiamy o potencjalno\u015bci jako kategorii literackiej i egzystencjalnej, o aktualno\u015bci \u017cycia i o tym, jak teksty kultury pomagaj\u0105 wyobrazi\u0107 sobie inne formy istnienia.<\/p>\n\n\n\n<p>Zapraszamy na rozmow\u0119 z jednym z najciekawszych wsp\u00f3\u0142czesnych krytyk\u00f3w i eseist\u00f3w &#8211; zapowiada si\u0119 intensywna intelektualnie i inspiruj\u0105ca dyskusja.<\/p>\n\n\n\n<p>Do zobaczenia!<\/p>\n\n\n\n<p>&#8212;&#8212;&#8212;&#8212;&#8212;&#8212;&#8212;&#8212;&#8212;&#8211;<\/p>\n\n\n\n<p>Informujemy, \u017ce podczas wydarze\u0144 organizowanych w Bibliotece \u015al\u0105skiej mog\u0105 by\u0107 wykonywane zdj\u0119cia lub nagrania audiowizualne, na kt\u00f3rych mo\u017ce zosta\u0107 uchwycony wizerunek uczestnik\u00f3w.<\/p>\n\n\n\n<p>Wizerunek ten mo\u017ce by\u0107 przez nas rozpowszechniany w celach zwi\u0105zanych z prowadzon\u0105 dzia\u0142alno\u015bci\u0105, w szczeg\u00f3lno\u015bci w celach popularyzacji czytelnictwa, informacyjnych, archiwizacyjnych oraz sprawozdawczych. Wizerunek mo\u017ce by\u0107 rozpowszechniany w Internecie, w szczeg\u00f3lno\u015bci na stronach Biblioteki \u015al\u0105skiej i w mediach spo\u0142eczno\u015bciowych (Facebook, Instagram, YouTube) oraz drukiem, bez ogranicze\u0144 czasowych i bez wynagrodzenia.<\/p>\n\n\n\n<p>Wej\u015bcie na wydarzenie oznacza wyra\u017cenie zgody na takie rozpowszechnianie, je\u017celi uzyskanie zgody jest wymagane. W razie jakichkolwiek pyta\u0144 lub w\u0105tpliwo\u015bci prosimy zg\u0142osi\u0107 si\u0119 do pracownika Biblioteki.<\/p>\n\n\n\n<p>Zasady rozpowszechniania wizerunku uczestnik\u00f3w wydarze\u0144 odbywaj\u0105cych si\u0119 w Bibliotece \u015al\u0105skiej i informacja o przetwarzaniu danych osobowych znajduje si\u0119 na naszej stronie: Biblioteka \u015al\u0105ska \/ Polityka prywatno\u015bci \/ ODO (<a href=\"https:\/\/bs.katowice.pl\/wp-content\/uploads\/2024\/03\/Zgoda-na-rozpowszechnianie-wizerunku-uczestnika-wydarzen-odbywajacych-sie-.askiej.pdf?fbclid=IwZXh0bgNhZW0CMTAAYnJpZBEwdXJMSlQzaktvWWlPZEQ5bnNydGMGYXBwX2lkEDIyMjAzOTE3ODgyMDA4OTIAAR4-ujoCvpOEpyS9QXS2gyVy9SGlVbSf97l1-gqPf3ZTPUJz2SurYMwSVv-bEA_aem_FgXE73LYWPmkpEIgPZ0NeQ\" rel=\"noreferrer noopener\" target=\"_blank\">https:\/\/bs.katowice.pl\/&#8230;\/Zgoda-na-rozpowszechnianie&#8230;<\/a>)<\/p>\n<\/div><\/div>\n","protected":false},"excerpt":{"rendered":"<p>Potencjalno\u015b\u0107 literatury .Spotkanie z Grzegorzem Jankowiczem o ksi\u0105\u017cce \u201eOd-tworzenie\u201d Data: 29 stycznia 2026Godzina: 18.00Miejsce: Biblioteka \u015al\u0105ska, sala Parnassos, KatowiceWst\u0119p: wolny Czy literatura mo\u017ce by\u0107 sposobem na znikni\u0119cie albo na rozpocz\u0119cie wszystkiego od nowa? Spotkanie z Grzegorzem Jankowiczem w ramach cyklu \u015al\u0105ska! Ksi\u0105\u017cka w centrum \u015bwiata. Rozmow\u0119 poprowadzi Artur Madali\u0144ski, a spotkaniu towarzyszy\u0107 b\u0119dzie promocja ksi\u0105\u017cki &hellip; <a href=\"https:\/\/slaskipegaz.bs.katowice.pl\/?p=23153\" class=\"more-link\">Czytaj dalej <span class=\"screen-reader-text\">[Zapowied\u017a] BIBLIOTEKA \u015aL\u0104SKA W KATOWICACH<\/span> <span class=\"meta-nav\">&rarr;<\/span><\/a><\/p>\n","protected":false},"author":2,"featured_media":0,"comment_status":"closed","ping_status":"open","sticky":false,"template":"","format":"standard","meta":{"_acf_changed":false,"_exactmetrics_skip_tracking":false,"_exactmetrics_sitenote_active":false,"_exactmetrics_sitenote_note":"","_exactmetrics_sitenote_category":0,"footnotes":""},"categories":[6],"tags":[47],"class_list":["post-23153","post","type-post","status-publish","format-standard","hentry","category-aktualnosci","tag-biblioteka-slaska-w-katowicach"],"acf":[],"jetpack_featured_media_url":"","_links":{"self":[{"href":"https:\/\/slaskipegaz.bs.katowice.pl\/index.php?rest_route=\/wp\/v2\/posts\/23153","targetHints":{"allow":["GET"]}}],"collection":[{"href":"https:\/\/slaskipegaz.bs.katowice.pl\/index.php?rest_route=\/wp\/v2\/posts"}],"about":[{"href":"https:\/\/slaskipegaz.bs.katowice.pl\/index.php?rest_route=\/wp\/v2\/types\/post"}],"author":[{"embeddable":true,"href":"https:\/\/slaskipegaz.bs.katowice.pl\/index.php?rest_route=\/wp\/v2\/users\/2"}],"replies":[{"embeddable":true,"href":"https:\/\/slaskipegaz.bs.katowice.pl\/index.php?rest_route=%2Fwp%2Fv2%2Fcomments&post=23153"}],"version-history":[{"count":1,"href":"https:\/\/slaskipegaz.bs.katowice.pl\/index.php?rest_route=\/wp\/v2\/posts\/23153\/revisions"}],"predecessor-version":[{"id":23155,"href":"https:\/\/slaskipegaz.bs.katowice.pl\/index.php?rest_route=\/wp\/v2\/posts\/23153\/revisions\/23155"}],"wp:attachment":[{"href":"https:\/\/slaskipegaz.bs.katowice.pl\/index.php?rest_route=%2Fwp%2Fv2%2Fmedia&parent=23153"}],"wp:term":[{"taxonomy":"category","embeddable":true,"href":"https:\/\/slaskipegaz.bs.katowice.pl\/index.php?rest_route=%2Fwp%2Fv2%2Fcategories&post=23153"},{"taxonomy":"post_tag","embeddable":true,"href":"https:\/\/slaskipegaz.bs.katowice.pl\/index.php?rest_route=%2Fwp%2Fv2%2Ftags&post=23153"}],"curies":[{"name":"wp","href":"https:\/\/api.w.org\/{rel}","templated":true}]}}