{"id":23169,"date":"2026-01-29T10:29:13","date_gmt":"2026-01-29T09:29:13","guid":{"rendered":"https:\/\/slaskipegaz.bs.katowice.pl\/?p=23169"},"modified":"2026-01-29T10:29:13","modified_gmt":"2026-01-29T09:29:13","slug":"konkurs-stowarzyszenie-bibliotekarzy-polskich","status":"publish","type":"post","link":"https:\/\/slaskipegaz.bs.katowice.pl\/?p=23169","title":{"rendered":"[Konkurs] STOWARZYSZENIE BIBLIOTEKARZY POLSKICH"},"content":{"rendered":"\n<div class=\"wp-block-media-text is-stacked-on-mobile is-vertically-aligned-top\"><figure class=\"wp-block-media-text__media\"><img loading=\"lazy\" decoding=\"async\" width=\"640\" height=\"427\" src=\"https:\/\/slaskipegaz.bs.katowice.pl\/wp-content\/uploads\/2026\/01\/woman-6784555_640.jpg\" alt=\"Zdj\u0119cie, zbli\u017cenie na twarz kobiety przegl\u0105daj\u0105cej ksi\u0105\u017cki na regale, zdj\u0119cie wykonane jakby przez rega\u0142 od drugiej strony, a tym samym naprzeciw kobiety. Jest to m\u0142oda kobieta w okularach,, jasne w\u0142osy, szminka na ustach, ja\u015bniejsze w\u0142osy do ramion cz\u0119\u015bciowo rozpuszczone, ma\u0142y kucyk z ty\u0142u.  W kadrze wida\u0107 te\u017c d\u0142o\u0144 podtrzymuj\u0105c\u0105 stoj\u0105c\u0105 ksi\u0105\u017ck\u0119 na regale. W tle rozmazany inny rega\u0142 z ksi\u0105\u017ckami. Tonacja zdj\u0119cia ciep\u0142a, nieco sp\u0142aszczone czernie.\" class=\"wp-image-23170 size-full\" srcset=\"https:\/\/slaskipegaz.bs.katowice.pl\/wp-content\/uploads\/2026\/01\/woman-6784555_640.jpg 640w, https:\/\/slaskipegaz.bs.katowice.pl\/wp-content\/uploads\/2026\/01\/woman-6784555_640-300x200.jpg 300w\" sizes=\"auto, (max-width: 640px) 100vw, 640px\" \/><\/figure><div class=\"wp-block-media-text__content\">\n<p><strong>Bibliotekarz Roku 2025<\/strong><\/p>\n\n\n\n<p>Zarz\u0105d G\u0142\u00f3wny SBP og\u0142osi\u0142 XVI edycj\u0119 Og\u00f3lnopolskiego Konkursu na Bibliotekarza Roku 2025.<\/p>\n\n\n\n<p>Do rywalizacji mog\u0105 przyst\u0105pi\u0107 bibliotekarze ze wszystkich typ\u00f3w bibliotek, a ocenie podlegaj\u0105 osi\u0105gni\u0119cia zawodowe w r\u00f3\u017cnych obszarach dzia\u0142alno\u015bci. Kluczowe s\u0105 dokonania, a nie zajmowane stanowisko.&nbsp;<\/p>\n\n\n\n<p>Konkurs jest podzielony na dwa etapy: regionalny i og\u00f3lnopolski. Etap pierwszy, organizowany przez zarz\u0105dy okr\u0119gowe SBP, przyjmuje zg\u0142oszenia kandydat\u00f3w od <strong>2 lutego<\/strong> do <strong>28 lutego 2026 r.&nbsp;<\/strong><\/p>\n\n\n\n<p>Szczeg\u00f3\u0142y przedsi\u0119wzi\u0119cia na stronie\u00a0<a href=\"https:\/\/www.sbp.pl\/co-robimy\/konkursy\/bibliotekarz-roku-2025\">https:\/\/www.sbp.pl\/co-robimy\/konkursy\/bibliotekarz-roku-2025<\/a><\/p>\n<\/div><\/div>\n","protected":false},"excerpt":{"rendered":"<p>Bibliotekarz Roku 2025 Zarz\u0105d G\u0142\u00f3wny SBP og\u0142osi\u0142 XVI edycj\u0119 Og\u00f3lnopolskiego Konkursu na Bibliotekarza Roku 2025. Do rywalizacji mog\u0105 przyst\u0105pi\u0107 bibliotekarze ze wszystkich typ\u00f3w bibliotek, a ocenie podlegaj\u0105 osi\u0105gni\u0119cia zawodowe w r\u00f3\u017cnych obszarach dzia\u0142alno\u015bci. Kluczowe s\u0105 dokonania, a nie zajmowane stanowisko.&nbsp; Konkurs jest podzielony na dwa etapy: regionalny i og\u00f3lnopolski. Etap pierwszy, organizowany przez zarz\u0105dy okr\u0119gowe &hellip; <a href=\"https:\/\/slaskipegaz.bs.katowice.pl\/?p=23169\" class=\"more-link\">Czytaj dalej <span class=\"screen-reader-text\">[Konkurs] STOWARZYSZENIE BIBLIOTEKARZY POLSKICH<\/span> <span class=\"meta-nav\">&rarr;<\/span><\/a><\/p>\n","protected":false},"author":2,"featured_media":0,"comment_status":"closed","ping_status":"open","sticky":false,"template":"","format":"standard","meta":{"_acf_changed":false,"_exactmetrics_skip_tracking":false,"_exactmetrics_sitenote_active":false,"_exactmetrics_sitenote_note":"","_exactmetrics_sitenote_category":0,"footnotes":""},"categories":[6],"tags":[2295,181],"class_list":["post-23169","post","type-post","status-publish","format-standard","hentry","category-aktualnosci","tag-bibliotekarz-roku","tag-stowarzyszenie-bibliotekarzy-polskich"],"acf":[],"jetpack_featured_media_url":"","_links":{"self":[{"href":"https:\/\/slaskipegaz.bs.katowice.pl\/index.php?rest_route=\/wp\/v2\/posts\/23169","targetHints":{"allow":["GET"]}}],"collection":[{"href":"https:\/\/slaskipegaz.bs.katowice.pl\/index.php?rest_route=\/wp\/v2\/posts"}],"about":[{"href":"https:\/\/slaskipegaz.bs.katowice.pl\/index.php?rest_route=\/wp\/v2\/types\/post"}],"author":[{"embeddable":true,"href":"https:\/\/slaskipegaz.bs.katowice.pl\/index.php?rest_route=\/wp\/v2\/users\/2"}],"replies":[{"embeddable":true,"href":"https:\/\/slaskipegaz.bs.katowice.pl\/index.php?rest_route=%2Fwp%2Fv2%2Fcomments&post=23169"}],"version-history":[{"count":1,"href":"https:\/\/slaskipegaz.bs.katowice.pl\/index.php?rest_route=\/wp\/v2\/posts\/23169\/revisions"}],"predecessor-version":[{"id":23171,"href":"https:\/\/slaskipegaz.bs.katowice.pl\/index.php?rest_route=\/wp\/v2\/posts\/23169\/revisions\/23171"}],"wp:attachment":[{"href":"https:\/\/slaskipegaz.bs.katowice.pl\/index.php?rest_route=%2Fwp%2Fv2%2Fmedia&parent=23169"}],"wp:term":[{"taxonomy":"category","embeddable":true,"href":"https:\/\/slaskipegaz.bs.katowice.pl\/index.php?rest_route=%2Fwp%2Fv2%2Fcategories&post=23169"},{"taxonomy":"post_tag","embeddable":true,"href":"https:\/\/slaskipegaz.bs.katowice.pl\/index.php?rest_route=%2Fwp%2Fv2%2Ftags&post=23169"}],"curies":[{"name":"wp","href":"https:\/\/api.w.org\/{rel}","templated":true}]}}