{"id":23174,"date":"2026-01-29T14:17:33","date_gmt":"2026-01-29T13:17:33","guid":{"rendered":"https:\/\/slaskipegaz.bs.katowice.pl\/?p=23174"},"modified":"2026-01-29T14:17:33","modified_gmt":"2026-01-29T13:17:33","slug":"zapowiedz-miejska-biblioteka-publiczna-w-tarnowskich-gorach","status":"publish","type":"post","link":"https:\/\/slaskipegaz.bs.katowice.pl\/?p=23174","title":{"rendered":"[Zapowied\u017a] MIEJSKA BIBLIOTEKA PUBLICZNA W TARNOWSKICH G\u00d3RACH"},"content":{"rendered":"\n<div class=\"wp-block-media-text is-stacked-on-mobile is-vertically-aligned-top\"><figure class=\"wp-block-media-text__media\"><img loading=\"lazy\" decoding=\"async\" width=\"640\" height=\"571\" src=\"https:\/\/slaskipegaz.bs.katowice.pl\/wp-content\/uploads\/2026\/01\/winter-10021201_640.png\" alt=\"Rysunek cyfrowy - krajobraz zimowy, pag\u00f3rki,  dwa drzewa bez li\u015bci, w tle skaliste br\u0105zowe g\u00f3ry. Na obrazku przewag koloru jasnoniebieskiego\" class=\"wp-image-23175 size-full\" srcset=\"https:\/\/slaskipegaz.bs.katowice.pl\/wp-content\/uploads\/2026\/01\/winter-10021201_640.png 640w, https:\/\/slaskipegaz.bs.katowice.pl\/wp-content\/uploads\/2026\/01\/winter-10021201_640-300x268.png 300w\" sizes=\"auto, (max-width: 640px) 100vw, 640px\" \/><\/figure><div class=\"wp-block-media-text__content\">\n<p><strong>\u201eZima z nauk\u0105\u201d \u2013 ferie w Bibliotece<\/strong><\/p>\n\n\n\n<p>Miejska Biblioteka Publiczna w Tarnowskich G\u00f3rach zaprasza dzieci od 7. roku \u017cycia na \u201eZim\u0119 z nauk\u0105\u201d podczas ferii zimowych. Zaj\u0119cia b\u0119d\u0105 odbywa\u0107 si\u0119 w domku w ogrodzie Biblioteki (wej\u015bcie od ul. Nowaka).<\/p>\n\n\n\n<p>Godzina zaj\u0119\u0107: 10:00 \u2013 11:30<br>Zapisy: w Dziale dla Dzieci i M\u0142odzie\u017cy lub pod nr tel. 32 285 41 60 wew. 11.<br><em>Uwaga: liczba miejsc ograniczona. Jedno dziecko mo\u017ce wzi\u0105\u0107 udzia\u0142 maksymalnie w dw\u00f3ch dniach zaj\u0119\u0107; w pozosta\u0142e dni \u2013 lista rezerwowa.<\/em><\/p>\n\n\n\n<p>Biblioteka prosi o przybycie na pierwsze zaj\u0119cia z opiekunem prawnym w celu wype\u0142nienia karty zapisu lub przyniesienie ju\u017c gotowej karty dost\u0119pnej w Dziale dla Dzieci i M\u0142odzie\u017cy.<\/p>\n\n\n\n<!--more-->\n\n\n\n<p><strong>Program zaj\u0119\u0107:<\/strong><\/p>\n\n\n\n<ul class=\"wp-block-list\">\n<li><strong>Poniedzia\u0142ek, 16.02 \u2013 \u201eLodowe eksperymenty\u201d<\/strong><br>Czy l\u00f3d mo\u017ce by\u0107 suchy? Czym jest sublimacja?<\/li>\n\n\n\n<li><strong>Wtorek, 17.02 \u2013 \u201eGazowy zawr\u00f3t g\u0142owy\u201d<\/strong><br>Czy gazy maj\u0105 mas\u0119? Czy s\u0105 palne, niepalne, a mo\u017ce wybuchowe?<\/li>\n\n\n\n<li><strong>\u015aroda, 18.02 \u2013 \u201eOwady dla odwa\u017cnych\u201d<\/strong><br>Czym r\u00f3\u017cni si\u0119 robak od owada i insekta? Czy karaczan ma co\u015b wsp\u00f3lnego z karaluchem? Czy straszyki s\u0105 straszne?<\/li>\n\n\n\n<li><strong>Czwartek, 19.02 \u2013 \u201eTajniki aerodynamiki\u201d<\/strong><br>Dlaczego wy\u015bcig\u00f3wka nie wygl\u0105da jak autobus? Co oznacza op\u00f3r powietrza? Jak jab\u0142ko wp\u0142yn\u0119\u0142o na histori\u0119 fizyki?<\/li>\n\n\n\n<li><strong>Pi\u0105tek, 20.02 \u2013 \u201ePod napi\u0119ciem\u201d<\/strong><br>Czym jest pr\u0105d i jak powstaje? Czym jest t\u0119cza i jakie rodzaje \u015bwiat\u0142a mo\u017cna zobaczy\u0107?<\/li>\n<\/ul>\n\n\n\n<p>Podczas wydarzenia b\u0119d\u0105 wykonywane zdj\u0119cia do promocji Biblioteki. Zaj\u0119cia finansowane ze \u015brodk\u00f3w <strong>Gminy Tarnowskie G\u00f3ry<\/strong> w ramach programu \u201ePostaw na rodzin\u0119\u201d.<\/p>\n\n\n\n<p>Regulamin oraz formularz zgody na uczestnictwo dost\u0119pne na stronie biblioteki <a href=\"https:\/\/biblioteka.tgory.pl\/biblioteka-centralna\/2026\/01\/zima-z-nauka-ferie-w-bibliotece\/\">https:\/\/biblioteka.tgory.pl\/biblioteka-centralna\/2026\/01\/zima-z-nauka-ferie-w-bibliotece\/<\/a><\/p>\n<\/div><\/div>\n","protected":false},"excerpt":{"rendered":"<p>\u201eZima z nauk\u0105\u201d \u2013 ferie w Bibliotece Miejska Biblioteka Publiczna w Tarnowskich G\u00f3rach zaprasza dzieci od 7. roku \u017cycia na \u201eZim\u0119 z nauk\u0105\u201d podczas ferii zimowych. Zaj\u0119cia b\u0119d\u0105 odbywa\u0107 si\u0119 w domku w ogrodzie Biblioteki (wej\u015bcie od ul. Nowaka). Godzina zaj\u0119\u0107: 10:00 \u2013 11:30Zapisy: w Dziale dla Dzieci i M\u0142odzie\u017cy lub pod nr tel. 32 &hellip; <a href=\"https:\/\/slaskipegaz.bs.katowice.pl\/?p=23174\" class=\"more-link\">Czytaj dalej <span class=\"screen-reader-text\">[Zapowied\u017a] MIEJSKA BIBLIOTEKA PUBLICZNA W TARNOWSKICH G\u00d3RACH<\/span> <span class=\"meta-nav\">&rarr;<\/span><\/a><\/p>\n","protected":false},"author":2,"featured_media":0,"comment_status":"closed","ping_status":"open","sticky":false,"template":"","format":"standard","meta":{"_acf_changed":false,"_exactmetrics_skip_tracking":false,"_exactmetrics_sitenote_active":false,"_exactmetrics_sitenote_note":"","_exactmetrics_sitenote_category":0,"footnotes":""},"categories":[6],"tags":[942],"class_list":["post-23174","post","type-post","status-publish","format-standard","hentry","category-aktualnosci","tag-miejska-biblioteka-publiczna-w-tarnowskich-gorach"],"acf":[],"jetpack_featured_media_url":"","_links":{"self":[{"href":"https:\/\/slaskipegaz.bs.katowice.pl\/index.php?rest_route=\/wp\/v2\/posts\/23174","targetHints":{"allow":["GET"]}}],"collection":[{"href":"https:\/\/slaskipegaz.bs.katowice.pl\/index.php?rest_route=\/wp\/v2\/posts"}],"about":[{"href":"https:\/\/slaskipegaz.bs.katowice.pl\/index.php?rest_route=\/wp\/v2\/types\/post"}],"author":[{"embeddable":true,"href":"https:\/\/slaskipegaz.bs.katowice.pl\/index.php?rest_route=\/wp\/v2\/users\/2"}],"replies":[{"embeddable":true,"href":"https:\/\/slaskipegaz.bs.katowice.pl\/index.php?rest_route=%2Fwp%2Fv2%2Fcomments&post=23174"}],"version-history":[{"count":1,"href":"https:\/\/slaskipegaz.bs.katowice.pl\/index.php?rest_route=\/wp\/v2\/posts\/23174\/revisions"}],"predecessor-version":[{"id":23176,"href":"https:\/\/slaskipegaz.bs.katowice.pl\/index.php?rest_route=\/wp\/v2\/posts\/23174\/revisions\/23176"}],"wp:attachment":[{"href":"https:\/\/slaskipegaz.bs.katowice.pl\/index.php?rest_route=%2Fwp%2Fv2%2Fmedia&parent=23174"}],"wp:term":[{"taxonomy":"category","embeddable":true,"href":"https:\/\/slaskipegaz.bs.katowice.pl\/index.php?rest_route=%2Fwp%2Fv2%2Fcategories&post=23174"},{"taxonomy":"post_tag","embeddable":true,"href":"https:\/\/slaskipegaz.bs.katowice.pl\/index.php?rest_route=%2Fwp%2Fv2%2Ftags&post=23174"}],"curies":[{"name":"wp","href":"https:\/\/api.w.org\/{rel}","templated":true}]}}