{"id":23295,"date":"2026-03-06T08:36:44","date_gmt":"2026-03-06T07:36:44","guid":{"rendered":"https:\/\/slaskipegaz.bs.katowice.pl\/?p=23295"},"modified":"2026-03-06T08:36:44","modified_gmt":"2026-03-06T07:36:44","slug":"zapowiedz-miejska-biblioteka-publiczna-w-gliwicach-19","status":"publish","type":"post","link":"https:\/\/slaskipegaz.bs.katowice.pl\/?p=23295","title":{"rendered":"[Zapowied\u017a] MIEJSKA BIBLIOTEKA PUBLICZNA W GLIWICACH"},"content":{"rendered":"\n<div class=\"wp-block-media-text is-stacked-on-mobile is-vertically-aligned-top\"><figure class=\"wp-block-media-text__media\"><img loading=\"lazy\" decoding=\"async\" width=\"902\" height=\"902\" src=\"https:\/\/slaskipegaz.bs.katowice.pl\/wp-content\/uploads\/2026\/03\/BC_JEDRYKA_baner_900x900.jpg\" alt=\"Grafika z bia\u0142ym tle, kwadratowa, u g\u00f3ry zdj\u0119cie m\u0119\u017cczyzny na tle grafiki (ogromnego wydruku?) z przmys\u0142owym brazem i napisem &quot;Netflix&quot; oraz &quot;O\u0142owiane dzieci&quot;. M\u0119zczyna ma siw\u0105 brod\u0119, kapelusz z ma\u0142ym rondem oraz ciemnoszar\u0105 marynark\u0119 i czarne spodnie. Po prawej stronie tego zdj\u0119cia znajduje si\u0119 \u017c\u00f3\u0142ta fotografia \/ ok\u0142adka przedstawiaj\u0105ca dawne zdj\u0119cie grupowe przedstawiaj\u0105ca dzieci (niekt\u00f3re twarze si\u0119 pozakre\u015blane). Poni\u017cej tych dw\u00f3ch zdj\u0119c \/ grafik znajduj\u0105 si\u0119 czarne i czerwone napisy zgodne z opisem wydarzenia \" class=\"wp-image-23297 size-full\" srcset=\"https:\/\/slaskipegaz.bs.katowice.pl\/wp-content\/uploads\/2026\/03\/BC_JEDRYKA_baner_900x900.jpg 902w, https:\/\/slaskipegaz.bs.katowice.pl\/wp-content\/uploads\/2026\/03\/BC_JEDRYKA_baner_900x900-300x300.jpg 300w, https:\/\/slaskipegaz.bs.katowice.pl\/wp-content\/uploads\/2026\/03\/BC_JEDRYKA_baner_900x900-150x150.jpg 150w, https:\/\/slaskipegaz.bs.katowice.pl\/wp-content\/uploads\/2026\/03\/BC_JEDRYKA_baner_900x900-768x768.jpg 768w\" sizes=\"auto, (max-width: 902px) 100vw, 902px\" \/><\/figure><div class=\"wp-block-media-text__content\">\n<p><strong>Micha\u0142 J\u0119dryka: \u201eO\u0142owiane dzieci\u201d. Spotkanie autorskie<\/strong><\/p>\n\n\n\n<p><strong>12 marca 2026 r., godz. 18.00<\/strong><br><strong>Biblioteka Centralna, ul. Ko\u015bciuszki 17<\/strong>, <strong>Gliwice<\/strong><\/p>\n\n\n\n<p>Miejska Biblioteka Publiczna w Gliwicach zaprasza na spotkanie autorskie z Micha\u0142em J\u0119dryk\u0105. Autor \u201eO\u0142owianych dzieci\u201d urodzi\u0142 si\u0119 w 1962 roku w Siemianowicach \u015al\u0105skich. Jest polonist\u0105, pedagogiem, pisarzem i scenarzyst\u0105, a tak\u017ce malarzem i copywritterem.\u00a0<\/p>\n\n\n\n<p>Prywatnie \u015bl\u0105ski s\u0142oik, \u017cyj\u0105cy pomi\u0119dzy Warszaw\u0105 a Katowicami, podr\u00f3\u017cnik, cyklista i filmo\u017cerca.&nbsp;&nbsp;<\/p>\n\n\n\n<!--more-->\n\n\n\n<p>Autor niezliczonej ilo\u015bci tekst\u00f3w reklamowych, akwareli &#8211; album \u201e\u015al\u0105sk- Last Minute\u201d na temat g\u00f3rno\u015bl\u0105skiego postindustrialu, przewrotnego poradnika \u201ePopkultury dla blondynek\u201d, fabularyzowanego reporta\u017cu \u201eO\u0142owiane dzieci, na temat&nbsp; epidemii o\u0142owicy w\u015br\u00f3d dzieci na G\u00f3rnym \u015al\u0105sku i bohaterskiej lekarki Jolanty Wadowskiej-Kr\u00f3l podejmuj\u0105cej samotn\u0105 walk\u0119 z&nbsp;totalitarnym systemem, (na podstawie ksi\u0105\u017cki powsta\u0142 serial Netflixa), audiobooka \u201ePrzemilczana epidemia\u201d, \u201eWielkiej herezji\u201d.<\/p>\n\n\n\n<p>W swojej tw\u00f3rczo\u015bci wielokrotnie wraca na G\u00f3rny \u015al\u0105sk, do swoich rodzinnych korzeni, a tak\u017ce w\u0142asnych wspomnie\u0144. Ostatni\u0105, jak na razie podr\u00f3\u017c\u0105 sentymentaln\u0105 jest \u201eSzlagier dla Hitlera\u201d (2025). To oparta na faktach opowie\u015b\u0107 o dw\u00f3ch zapomnianych muzykach z rodzinnego miasta Autora, artystach, kt\u00f3rym przysz\u0142o si\u0119 zmaga\u0107 z bezlitosnymi demonami&nbsp; XX wieku.&nbsp; Utwory jednego&nbsp; z nich zosta\u0142y wykorzystane m.in. w filmach W. Petersena (\u201eOkr\u0119t\u201d) J. J. Annauda (\u201eWr\u00f3g u bram\u201d) i Q. Tarantina (\u201eB\u0119karty wojny), drugi gra\u0142 prekursorsko jazz w zespole \u201eThe Jolly Boy\u2019s Band, oraz -co nie mniej wa\u017cne\u2026 by\u0142 dziadkiem Micha\u0142a J\u0119dryki.&nbsp; W planach niemieckie wydanie ksi\u0105\u017cki.<\/p>\n\n\n\n<p>Prowadzenie Agnieszka Zientarska.<\/p>\n<\/div><\/div>\n","protected":false},"excerpt":{"rendered":"<p>Micha\u0142 J\u0119dryka: \u201eO\u0142owiane dzieci\u201d. Spotkanie autorskie 12 marca 2026 r., godz. 18.00Biblioteka Centralna, ul. Ko\u015bciuszki 17, Gliwice Miejska Biblioteka Publiczna w Gliwicach zaprasza na spotkanie autorskie z Micha\u0142em J\u0119dryk\u0105. Autor \u201eO\u0142owianych dzieci\u201d urodzi\u0142 si\u0119 w 1962 roku w Siemianowicach \u015al\u0105skich. Jest polonist\u0105, pedagogiem, pisarzem i scenarzyst\u0105, a tak\u017ce malarzem i copywritterem.\u00a0 Prywatnie \u015bl\u0105ski s\u0142oik, \u017cyj\u0105cy &hellip; <a href=\"https:\/\/slaskipegaz.bs.katowice.pl\/?p=23295\" class=\"more-link\">Czytaj dalej <span class=\"screen-reader-text\">[Zapowied\u017a] MIEJSKA BIBLIOTEKA PUBLICZNA W GLIWICACH<\/span> <span class=\"meta-nav\">&rarr;<\/span><\/a><\/p>\n","protected":false},"author":2,"featured_media":0,"comment_status":"closed","ping_status":"open","sticky":false,"template":"","format":"standard","meta":{"_acf_changed":false,"_exactmetrics_skip_tracking":false,"_exactmetrics_sitenote_active":false,"_exactmetrics_sitenote_note":"","_exactmetrics_sitenote_category":0,"footnotes":""},"categories":[6],"tags":[33],"class_list":["post-23295","post","type-post","status-publish","format-standard","hentry","category-aktualnosci","tag-miejska-biblitoeka-publiczna-w-gliwicach"],"acf":[],"jetpack_featured_media_url":"","_links":{"self":[{"href":"https:\/\/slaskipegaz.bs.katowice.pl\/index.php?rest_route=\/wp\/v2\/posts\/23295","targetHints":{"allow":["GET"]}}],"collection":[{"href":"https:\/\/slaskipegaz.bs.katowice.pl\/index.php?rest_route=\/wp\/v2\/posts"}],"about":[{"href":"https:\/\/slaskipegaz.bs.katowice.pl\/index.php?rest_route=\/wp\/v2\/types\/post"}],"author":[{"embeddable":true,"href":"https:\/\/slaskipegaz.bs.katowice.pl\/index.php?rest_route=\/wp\/v2\/users\/2"}],"replies":[{"embeddable":true,"href":"https:\/\/slaskipegaz.bs.katowice.pl\/index.php?rest_route=%2Fwp%2Fv2%2Fcomments&post=23295"}],"version-history":[{"count":1,"href":"https:\/\/slaskipegaz.bs.katowice.pl\/index.php?rest_route=\/wp\/v2\/posts\/23295\/revisions"}],"predecessor-version":[{"id":23298,"href":"https:\/\/slaskipegaz.bs.katowice.pl\/index.php?rest_route=\/wp\/v2\/posts\/23295\/revisions\/23298"}],"wp:attachment":[{"href":"https:\/\/slaskipegaz.bs.katowice.pl\/index.php?rest_route=%2Fwp%2Fv2%2Fmedia&parent=23295"}],"wp:term":[{"taxonomy":"category","embeddable":true,"href":"https:\/\/slaskipegaz.bs.katowice.pl\/index.php?rest_route=%2Fwp%2Fv2%2Fcategories&post=23295"},{"taxonomy":"post_tag","embeddable":true,"href":"https:\/\/slaskipegaz.bs.katowice.pl\/index.php?rest_route=%2Fwp%2Fv2%2Ftags&post=23295"}],"curies":[{"name":"wp","href":"https:\/\/api.w.org\/{rel}","templated":true}]}}