{"id":23300,"date":"2026-03-13T13:26:05","date_gmt":"2026-03-13T12:26:05","guid":{"rendered":"https:\/\/slaskipegaz.bs.katowice.pl\/?p=23300"},"modified":"2026-03-13T13:26:05","modified_gmt":"2026-03-13T12:26:05","slug":"zapowiedz-miejska-i-powiatowa-biblioteka-publiczna-w-raciborzu-49","status":"publish","type":"post","link":"https:\/\/slaskipegaz.bs.katowice.pl\/?p=23300","title":{"rendered":"[Zapowied\u017a] MIEJSKA I POWIATOWA BIBLIOTEKA PUBLICZNA W RACIBORZU"},"content":{"rendered":"\n<div class=\"wp-block-media-text is-stacked-on-mobile is-vertically-aligned-top\"><figure class=\"wp-block-media-text__media\"><img loading=\"lazy\" decoding=\"async\" width=\"1024\" height=\"576\" src=\"https:\/\/slaskipegaz.bs.katowice.pl\/wp-content\/uploads\/2026\/03\/Noc-z-Andersenem-baner-FB-1024x576.png\" alt=\"Grafika (ilustracja), na kt\u00f3rej czworo dzieci spogl\u0105da przed siebie i pomi\u0119dzy otwartymi drzwiami widzi \u015bnie\u017cna krain\u0119. W kierunku dzieci zwr\u00f3cony jest lew (kt\u00f3ry znajduje si\u0119 w tej krainie). Scena rozgrywa si\u0119 w nocy, na niebie wida\u0107 ksi\u0119\u017cyc i gwiazdy.\" class=\"wp-image-23301 size-full\" srcset=\"https:\/\/slaskipegaz.bs.katowice.pl\/wp-content\/uploads\/2026\/03\/Noc-z-Andersenem-baner-FB-1024x576.png 1024w, https:\/\/slaskipegaz.bs.katowice.pl\/wp-content\/uploads\/2026\/03\/Noc-z-Andersenem-baner-FB-300x169.png 300w, https:\/\/slaskipegaz.bs.katowice.pl\/wp-content\/uploads\/2026\/03\/Noc-z-Andersenem-baner-FB-768x432.png 768w, https:\/\/slaskipegaz.bs.katowice.pl\/wp-content\/uploads\/2026\/03\/Noc-z-Andersenem-baner-FB-1536x864.png 1536w, https:\/\/slaskipegaz.bs.katowice.pl\/wp-content\/uploads\/2026\/03\/Noc-z-Andersenem-baner-FB.png 1920w\" sizes=\"auto, (max-width: 1024px) 100vw, 1024px\" \/><\/figure><div class=\"wp-block-media-text__content\">\n<p><strong>Noc z Andersenem 2026: \u201eW krainie Aslana\u201d<\/strong>.<\/p>\n\n\n\n<p>Ju\u017c w pi\u0105tek, 27 marca o godz. 19:00, w Bibliotece przy ul. Kasprowicza 12 w Raciborzu odb\u0119dzie si\u0119 wyj\u0105tkowe wydarzenie dla najm\u0142odszych czytelnik\u00f3w &#8211; Noc z Andersenem 2026: \u201eW krainie Aslana\u201d.<\/p>\n\n\n\n<p>Podczas tej niezwyk\u0142ej, magicznej nocy dzieci wyrusz\u0105 w podr\u00f3\u017c do \u015bwiata znanego z \u201eOpowie\u015bci z Narnii\u201d. W programie przewidziano liczne gry, zagadki, wsp\u00f3lne czytanie oraz zabawy inspirowane literatur\u0105 i wyobra\u017ani\u0105. Uczestnicy spotkaj\u0105 niezwyk\u0142ych bohater\u00f3w, odkryj\u0105 tajemnice Narnii i prze\u017cyj\u0105 niezapomnian\u0105 noc pe\u0142n\u0105 przyg\u00f3d.<\/p>\n\n\n\n<p>Noc z Andersenem to mi\u0119dzynarodowa inicjatywa bibliotek promuj\u0105ca czytelnictwo w\u015br\u00f3d dzieci i upami\u0119tniaj\u0105ca tw\u00f3rczo\u015b\u0107 Hansa Christiana Andersena. Miejska i Powiatowa Biblioteka Publiczna w Raciborzu od lat w\u0142\u0105cza si\u0119 w to wydarzenie, przygotowuj\u0105c dla m\u0142odych czytelnik\u00f3w wyj\u0105tkowe literackie przygody.<\/p>\n\n\n\n<p>Wydarzenie przeznaczone jest dla dzieci w wieku 8-11 lat.<\/p>\n\n\n\n<p>Obowi\u0105zuj\u0105 wcze\u015bniejsze zapisy do 19 marca 2026 we wszystkich filiach bibliotecznych i w EURECE. Liczba miejsc ograniczona.<\/p>\n<\/div><\/div>\n","protected":false},"excerpt":{"rendered":"<p>Noc z Andersenem 2026: \u201eW krainie Aslana\u201d. Ju\u017c w pi\u0105tek, 27 marca o godz. 19:00, w Bibliotece przy ul. Kasprowicza 12 w Raciborzu odb\u0119dzie si\u0119 wyj\u0105tkowe wydarzenie dla najm\u0142odszych czytelnik\u00f3w &#8211; Noc z Andersenem 2026: \u201eW krainie Aslana\u201d. Podczas tej niezwyk\u0142ej, magicznej nocy dzieci wyrusz\u0105 w podr\u00f3\u017c do \u015bwiata znanego z \u201eOpowie\u015bci z Narnii\u201d. W &hellip; <a href=\"https:\/\/slaskipegaz.bs.katowice.pl\/?p=23300\" class=\"more-link\">Czytaj dalej <span class=\"screen-reader-text\">[Zapowied\u017a] MIEJSKA I POWIATOWA BIBLIOTEKA PUBLICZNA W RACIBORZU<\/span> <span class=\"meta-nav\">&rarr;<\/span><\/a><\/p>\n","protected":false},"author":2,"featured_media":0,"comment_status":"closed","ping_status":"open","sticky":false,"template":"","format":"standard","meta":{"_acf_changed":false,"_exactmetrics_skip_tracking":false,"_exactmetrics_sitenote_active":false,"_exactmetrics_sitenote_note":"","_exactmetrics_sitenote_category":0,"footnotes":""},"categories":[6],"tags":[48],"class_list":["post-23300","post","type-post","status-publish","format-standard","hentry","category-aktualnosci","tag-miejska-i-powiatowa-biblioteka-publiczna-w-raciborzu"],"acf":[],"jetpack_featured_media_url":"","_links":{"self":[{"href":"https:\/\/slaskipegaz.bs.katowice.pl\/index.php?rest_route=\/wp\/v2\/posts\/23300","targetHints":{"allow":["GET"]}}],"collection":[{"href":"https:\/\/slaskipegaz.bs.katowice.pl\/index.php?rest_route=\/wp\/v2\/posts"}],"about":[{"href":"https:\/\/slaskipegaz.bs.katowice.pl\/index.php?rest_route=\/wp\/v2\/types\/post"}],"author":[{"embeddable":true,"href":"https:\/\/slaskipegaz.bs.katowice.pl\/index.php?rest_route=\/wp\/v2\/users\/2"}],"replies":[{"embeddable":true,"href":"https:\/\/slaskipegaz.bs.katowice.pl\/index.php?rest_route=%2Fwp%2Fv2%2Fcomments&post=23300"}],"version-history":[{"count":2,"href":"https:\/\/slaskipegaz.bs.katowice.pl\/index.php?rest_route=\/wp\/v2\/posts\/23300\/revisions"}],"predecessor-version":[{"id":23303,"href":"https:\/\/slaskipegaz.bs.katowice.pl\/index.php?rest_route=\/wp\/v2\/posts\/23300\/revisions\/23303"}],"wp:attachment":[{"href":"https:\/\/slaskipegaz.bs.katowice.pl\/index.php?rest_route=%2Fwp%2Fv2%2Fmedia&parent=23300"}],"wp:term":[{"taxonomy":"category","embeddable":true,"href":"https:\/\/slaskipegaz.bs.katowice.pl\/index.php?rest_route=%2Fwp%2Fv2%2Fcategories&post=23300"},{"taxonomy":"post_tag","embeddable":true,"href":"https:\/\/slaskipegaz.bs.katowice.pl\/index.php?rest_route=%2Fwp%2Fv2%2Ftags&post=23300"}],"curies":[{"name":"wp","href":"https:\/\/api.w.org\/{rel}","templated":true}]}}