{"id":23422,"date":"2026-04-28T10:08:16","date_gmt":"2026-04-28T08:08:16","guid":{"rendered":"https:\/\/slaskipegaz.bs.katowice.pl\/?p=23422"},"modified":"2026-04-28T10:23:45","modified_gmt":"2026-04-28T08:23:45","slug":"zapowiedz-miejska-biblioteka-publiczna-w-jastrzebiu-zdroju-8","status":"publish","type":"post","link":"https:\/\/slaskipegaz.bs.katowice.pl\/?p=23422","title":{"rendered":"[Zapowied\u017a] MIEJSKA BIBLIOTEKA PUBLICZNA W JASTRZ\u0118BIU-ZDROJU"},"content":{"rendered":"\n<div class=\"wp-block-media-text is-stacked-on-mobile is-vertically-aligned-top\"><figure class=\"wp-block-media-text__media\"><img loading=\"lazy\" decoding=\"async\" width=\"724\" height=\"1024\" src=\"https:\/\/slaskipegaz.bs.katowice.pl\/wp-content\/uploads\/2026\/04\/Plakat-konferencja-1-724x1024.png\" alt=\"Plakat - t\u0142o jasne, u do\u0142u minimalistyczna grafika w kolorze bordo - otwarta ksi\u0105\u017cka. Znad ksi\u0105\u017cki wy\u0142aniaj\u0105 si\u0119 ma\u0142e obiekty w delikatnym odcieniu, kojarz\u0105ce si\u0119 z cyfrowo\u015bci\u0105. Poza tym na plakacie znajduj\u0105 si\u0119 napisy w kolorze bordo oraz czarnym zgodne z opisem wydarzenia.\" class=\"wp-image-23423 size-full\" srcset=\"https:\/\/slaskipegaz.bs.katowice.pl\/wp-content\/uploads\/2026\/04\/Plakat-konferencja-1-724x1024.png 724w, https:\/\/slaskipegaz.bs.katowice.pl\/wp-content\/uploads\/2026\/04\/Plakat-konferencja-1-212x300.png 212w, https:\/\/slaskipegaz.bs.katowice.pl\/wp-content\/uploads\/2026\/04\/Plakat-konferencja-1-768x1086.png 768w, https:\/\/slaskipegaz.bs.katowice.pl\/wp-content\/uploads\/2026\/04\/Plakat-konferencja-1-1086x1536.png 1086w, https:\/\/slaskipegaz.bs.katowice.pl\/wp-content\/uploads\/2026\/04\/Plakat-konferencja-1-1448x2048.png 1448w, https:\/\/slaskipegaz.bs.katowice.pl\/wp-content\/uploads\/2026\/04\/Plakat-konferencja-1.png 1587w\" sizes=\"auto, (max-width: 724px) 100vw, 724px\" \/><\/figure><div class=\"wp-block-media-text__content\">\n<p><strong>Konferencja \u201ePrzysz\u0142o\u015b\u0107 czytania\u201d *<\/strong><br><strong>8 maja 2026 r. ,  godz. 10:00<\/strong><\/p>\n\n\n\n<p>Miejska Biblioteka Publiczna w Jastrz\u0119biu-Zdroju serdecznie zaprasza do udzia\u0142u w konferencji \u201ePrzysz\u0142o\u015b\u0107 czytania\u201d, po\u015bwi\u0119conej wyzwaniom wsp\u00f3\u0142czesnego bibliotekarstwa.<\/p>\n\n\n\n<p>Podczas spotkania zaprezentowane zostan\u0105 nowoczesne metody pracy z czytelnikami oraz skuteczne sposoby promocji czytelnictwa. Wydarzenie b\u0119dzie r\u00f3wnie\u017c doskona\u0142\u0105 okazj\u0105 do wymiany do\u015bwiadcze\u0144 i inspiracji w gronie os\u00f3b zaanga\u017cowanych w rozw\u00f3j bibliotek i kultury.<\/p>\n\n\n\n<p>Konferencja odbywa si\u0119 pod Honorowym Patronatem Prezydenta Miasta Jastrz\u0119bie-Zdr\u00f3j w ramach projektu <strong>\u201eCzytanie \u0142\u0105czy \u2013 nowe strategie pracy z czytelnikiem\u201d<\/strong>, realizowanego dzi\u0119ki dofinansowaniu Ministra Kultury i Dziedzictwa Narodowego z Funduszu Promocji Kultury.<\/p>\n\n\n\n<p>Wydarzenie odb\u0119dzie si\u0119 <strong>8 maja 2026 r. o godz. 10:00<\/strong>&nbsp;w Bibliotece G\u0142\u00f3wnej, ul. Wielkopolska 1a w Jastrz\u0119biu-Zdroju.<\/p>\n\n\n\n<!--more-->\n\n\n\n<p>Udzia\u0142 w konferencji jest bezp\u0142atny. Koszty dojazdu pozostaj\u0105 po stronie uczestnika.<\/p>\n\n\n\n<p>Zapisy poprzez <a href=\"https:\/\/docs.google.com\/forms\/d\/e\/1FAIpQLScbAXrRqNONF8LYi9fsAi4ZqbZ09PCrbMnEEvfA_08uxp5oCQ\/viewform?usp=dialog\">formularz elektroniczny.<\/a><\/p>\n\n\n\n<p>Zapisy prowadzone s\u0105 do wyczerpania miejsc, decyduje kolejno\u015b\u0107 zg\u0142osze\u0144. Po przes\u0142aniu zg\u0142oszenia uczestnicy otrzymaj\u0105 potwierdzenie zg\u0142oszenia i udzia\u0142u w konferencji.<\/p>\n\n\n\n<p><\/p>\n\n\n\n<p>Konferencja b\u0119dzie prowadzona w j\u0119zyku polskim.<\/p>\n\n\n\n<p><strong>PROGRAM KONFERENCJI<\/strong>:<\/p>\n\n\n\n<p>9:30\u201310:00 Rejestracja uczestnik\u00f3w<\/p>\n\n\n\n<p>10:00 Rozpocz\u0119cie konferencji Dyrektor Miejskiej Biblioteki Publicznej w Jastrz\u0119biu-Zdroju \u2013 Marzena Kuta,<br>Prezydent Miasta Jastrz\u0119bie-Zdr\u00f3j \u2013 Micha\u0142 Urgo\u0142<\/p>\n\n\n\n<p>10:15\u201311:00 \u201eBiblioteka dla tych, kt\u00f3rych jeszcze w niej nie ma \u2013 jak dotrze\u0107 do \u201enie u\u017cytkownik\u00f3w\u201d? \u2013 Agnieszka Koszowska<\/p>\n\n\n\n<p>11:00\u201311:45 \u201ePerspektywy pracy z najm\u0142odszym czytelnikiem i rodzin\u0105, w kontek\u015bcie wsp\u00f3lnotowo\u015bci i nowych metod animuj\u0105cych czytelnictwo\u201d \u2013 Anna Giniewska (CzytAnia)<\/p>\n\n\n\n<p>11:45\u201312:30 Przerwa kawowa<\/p>\n\n\n\n<p>12:30\u201313:15 \u201eRazem mo\u017cemy wi\u0119cej. Biblioteka inkluzywna, dost\u0119pna i integruj\u0105ca\u201d \u2013<br>dr Wanda Matras-Mastalerz<\/p>\n\n\n\n<p>13:15\u201314:00 \u201eMa\u0142a skala, wielka si\u0142a: Filia biblioteczna jako centrum dowodzenia lokaln\u0105<br>spo\u0142eczno\u015bci\u0105\u201d \u2013 Marcin Duda<\/p>\n\n\n\n<p>14:00\u201314:30 Podsumowanie i wnioski<\/p>\n\n\n\n<p><\/p>\n<\/div><\/div>\n","protected":false},"excerpt":{"rendered":"<p>Konferencja \u201ePrzysz\u0142o\u015b\u0107 czytania\u201d *8 maja 2026 r. , godz. 10:00 Miejska Biblioteka Publiczna w Jastrz\u0119biu-Zdroju serdecznie zaprasza do udzia\u0142u w konferencji \u201ePrzysz\u0142o\u015b\u0107 czytania\u201d, po\u015bwi\u0119conej wyzwaniom wsp\u00f3\u0142czesnego bibliotekarstwa. Podczas spotkania zaprezentowane zostan\u0105 nowoczesne metody pracy z czytelnikami oraz skuteczne sposoby promocji czytelnictwa. Wydarzenie b\u0119dzie r\u00f3wnie\u017c doskona\u0142\u0105 okazj\u0105 do wymiany do\u015bwiadcze\u0144 i inspiracji w gronie os\u00f3b zaanga\u017cowanych &hellip; <a href=\"https:\/\/slaskipegaz.bs.katowice.pl\/?p=23422\" class=\"more-link\">Czytaj dalej <span class=\"screen-reader-text\">[Zapowied\u017a] MIEJSKA BIBLIOTEKA PUBLICZNA W JASTRZ\u0118BIU-ZDROJU<\/span> <span class=\"meta-nav\">&rarr;<\/span><\/a><\/p>\n","protected":false},"author":2,"featured_media":0,"comment_status":"closed","ping_status":"open","sticky":false,"template":"","format":"standard","meta":{"_acf_changed":false,"_exactmetrics_skip_tracking":false,"_exactmetrics_sitenote_active":false,"_exactmetrics_sitenote_note":"","_exactmetrics_sitenote_category":0,"footnotes":""},"categories":[6],"tags":[111],"class_list":["post-23422","post","type-post","status-publish","format-standard","hentry","category-aktualnosci","tag-miejska-biblioteka-publiczna-w-jastrzebiu-zdroju"],"acf":[],"jetpack_featured_media_url":"","_links":{"self":[{"href":"https:\/\/slaskipegaz.bs.katowice.pl\/index.php?rest_route=\/wp\/v2\/posts\/23422","targetHints":{"allow":["GET"]}}],"collection":[{"href":"https:\/\/slaskipegaz.bs.katowice.pl\/index.php?rest_route=\/wp\/v2\/posts"}],"about":[{"href":"https:\/\/slaskipegaz.bs.katowice.pl\/index.php?rest_route=\/wp\/v2\/types\/post"}],"author":[{"embeddable":true,"href":"https:\/\/slaskipegaz.bs.katowice.pl\/index.php?rest_route=\/wp\/v2\/users\/2"}],"replies":[{"embeddable":true,"href":"https:\/\/slaskipegaz.bs.katowice.pl\/index.php?rest_route=%2Fwp%2Fv2%2Fcomments&post=23422"}],"version-history":[{"count":3,"href":"https:\/\/slaskipegaz.bs.katowice.pl\/index.php?rest_route=\/wp\/v2\/posts\/23422\/revisions"}],"predecessor-version":[{"id":23427,"href":"https:\/\/slaskipegaz.bs.katowice.pl\/index.php?rest_route=\/wp\/v2\/posts\/23422\/revisions\/23427"}],"wp:attachment":[{"href":"https:\/\/slaskipegaz.bs.katowice.pl\/index.php?rest_route=%2Fwp%2Fv2%2Fmedia&parent=23422"}],"wp:term":[{"taxonomy":"category","embeddable":true,"href":"https:\/\/slaskipegaz.bs.katowice.pl\/index.php?rest_route=%2Fwp%2Fv2%2Fcategories&post=23422"},{"taxonomy":"post_tag","embeddable":true,"href":"https:\/\/slaskipegaz.bs.katowice.pl\/index.php?rest_route=%2Fwp%2Fv2%2Ftags&post=23422"}],"curies":[{"name":"wp","href":"https:\/\/api.w.org\/{rel}","templated":true}]}}