{"id":23758,"date":"2026-08-31T12:20:31","date_gmt":"2026-08-31T10:20:31","guid":{"rendered":"https:\/\/slaskipegaz.bs.katowice.pl\/?p=23758"},"modified":"2026-08-31T12:21:15","modified_gmt":"2026-08-31T10:21:15","slug":"zapowiedz-miejska-biblioteka-publiczna-w-zorach-53","status":"publish","type":"post","link":"https:\/\/slaskipegaz.bs.katowice.pl\/?p=23758","title":{"rendered":"[Zapowied\u017a] MIEJSKA BIBLIOTEKA PUBLICZNA W \u017bORACH"},"content":{"rendered":"\n<div class=\"wp-block-media-text is-stacked-on-mobile is-vertically-aligned-top\"><figure class=\"wp-block-media-text__media\"><a href=\"https:\/\/slaskipegaz.bs.katowice.pl\/wp-content\/uploads\/2026\/08\/Kadziak_wydarzenie_facebook.png\"><img loading=\"lazy\" decoding=\"async\" width=\"1000\" height=\"523\" src=\"https:\/\/slaskipegaz.bs.katowice.pl\/wp-content\/uploads\/2026\/08\/Kadziak_wydarzenie_facebook.png\" alt=\"Poziomy baner, po prawej stronie zdj\u0119cie ksi\u0105\u017cki stoj\u0105cej na zielonym pod\u0142o\u017cu\/ Poza tym bia\u0142e napisy zgodne z opisem wydarzenia.\" class=\"wp-image-23759 size-full\" srcset=\"https:\/\/slaskipegaz.bs.katowice.pl\/wp-content\/uploads\/2026\/08\/Kadziak_wydarzenie_facebook.png 1000w, https:\/\/slaskipegaz.bs.katowice.pl\/wp-content\/uploads\/2026\/08\/Kadziak_wydarzenie_facebook-300x157.png 300w, https:\/\/slaskipegaz.bs.katowice.pl\/wp-content\/uploads\/2026\/08\/Kadziak_wydarzenie_facebook-768x402.png 768w\" sizes=\"auto, (max-width: 1000px) 100vw, 1000px\" \/><\/a><\/figure><div class=\"wp-block-media-text__content\">\n<p class=\"wp-block-paragraph\"><strong>Spotkanie z El\u017cbiet\u0105 Kadziak<\/strong><\/p>\n\n\n\n<p class=\"wp-block-paragraph\"><strong>3 wrze\u015bnia 2026 r. o godz. 18:00<\/strong> w Miejskiej Bibliotece Publicznej w \u017borach odb\u0119dzie si\u0119 wiecz\u00f3r poezji El\u017cbiety Kadziak \u2013 \u017corskiej poetki, dla kt\u00f3rej poezja jest sensem \u017cycia.<\/p>\n\n\n\n<p class=\"wp-block-paragraph\">Motywem przewodnim spotkania b\u0119dzie tw\u00f3rczo\u015b\u0107 autorki, jej najnowszy tomik oraz oczywi\u015bcie mi\u0142o\u015b\u0107.<\/p>\n\n\n\n<p class=\"wp-block-paragraph\">El\u017cbieta Kadziak jest absolwentk\u0105 Uniwersytetu \u015al\u0105skiego i z wykszta\u0142cenia nauczycielk\u0105. Nale\u017cy do Ko\u0142a Poet\u00f3w \u017borskich, a jej wiersze publikowane s\u0105 m.in. w zeszycie poetyckim \u201eWena\u201d oraz \u201eKalendarzu \u017borskim\u201d. W swojej tw\u00f3rczo\u015bci inspiruje si\u0119 przede wszystkim cz\u0142owiekiem, jego prze\u017cyciami i emocjami.<\/p>\n\n\n\n<p class=\"wp-block-paragraph\">Spotkanie b\u0119dzie okazj\u0105 do bli\u017cszego poznania tw\u00f3rczo\u015bci poetki, rozmowy o poezji i mi\u0142o\u015bci oraz wys\u0142uchania jej wierszy.<\/p>\n\n\n\n<!--more-->\n\n\n\n<p class=\"wp-block-paragraph\">Udzia\u0142 w wydarzeniu jest bezp\u0142atny.<\/p>\n\n\n\n<p class=\"wp-block-paragraph\">Zapisy: informacja@mbpzory.pl, tel. 32 43 43 197, 32 43 44 584, osobi\u015bcie w Informacji &#8211; Recepcji, przez <a href=\"https:\/\/docs.google.com\/forms\/d\/e\/1FAIpQLSeSt4b_L6e8iF6W0sg1SJELUE-WRmhCo0m7Dx7D-CZ0uCoRkQ\/viewform?usp=sharing&amp;ouid=113396660718814283993\">formularz online<\/a>.<br>Udzia\u0142 w wydarzeniu oznacza zgod\u0119 na publikacj\u0119 wizerunku w mediach spo\u0142eczno\u015bciowych i na stronie internetowej biblioteki.<\/p>\n<\/div><\/div>\n","protected":false},"excerpt":{"rendered":"<p>Spotkanie z El\u017cbiet\u0105 Kadziak 3 wrze\u015bnia 2026 r. o godz. 18:00 w Miejskiej Bibliotece Publicznej w \u017borach odb\u0119dzie si\u0119 wiecz\u00f3r poezji El\u017cbiety Kadziak \u2013 \u017corskiej poetki, dla kt\u00f3rej poezja jest sensem \u017cycia. Motywem przewodnim spotkania b\u0119dzie tw\u00f3rczo\u015b\u0107 autorki, jej najnowszy tomik oraz oczywi\u015bcie mi\u0142o\u015b\u0107. El\u017cbieta Kadziak jest absolwentk\u0105 Uniwersytetu \u015al\u0105skiego i z wykszta\u0142cenia nauczycielk\u0105. Nale\u017cy &hellip; <a href=\"https:\/\/slaskipegaz.bs.katowice.pl\/?p=23758\" class=\"more-link\">Czytaj dalej <span class=\"screen-reader-text\">[Zapowied\u017a] MIEJSKA BIBLIOTEKA PUBLICZNA W \u017bORACH<\/span> <span class=\"meta-nav\">&rarr;<\/span><\/a><\/p>\n","protected":false},"author":2,"featured_media":0,"comment_status":"closed","ping_status":"open","sticky":false,"template":"","format":"standard","meta":{"_acf_changed":false,"_exactmetrics_skip_tracking":false,"footnotes":""},"categories":[6],"tags":[28],"class_list":["post-23758","post","type-post","status-publish","format-standard","hentry","category-aktualnosci","tag-miejska-biblioteka-publiczna-w-zorach"],"acf":[],"jetpack_featured_media_url":"","_links":{"self":[{"href":"https:\/\/slaskipegaz.bs.katowice.pl\/index.php?rest_route=\/wp\/v2\/posts\/23758","targetHints":{"allow":["GET"]}}],"collection":[{"href":"https:\/\/slaskipegaz.bs.katowice.pl\/index.php?rest_route=\/wp\/v2\/posts"}],"about":[{"href":"https:\/\/slaskipegaz.bs.katowice.pl\/index.php?rest_route=\/wp\/v2\/types\/post"}],"author":[{"embeddable":true,"href":"https:\/\/slaskipegaz.bs.katowice.pl\/index.php?rest_route=\/wp\/v2\/users\/2"}],"replies":[{"embeddable":true,"href":"https:\/\/slaskipegaz.bs.katowice.pl\/index.php?rest_route=%2Fwp%2Fv2%2Fcomments&post=23758"}],"version-history":[{"count":2,"href":"https:\/\/slaskipegaz.bs.katowice.pl\/index.php?rest_route=\/wp\/v2\/posts\/23758\/revisions"}],"predecessor-version":[{"id":23761,"href":"https:\/\/slaskipegaz.bs.katowice.pl\/index.php?rest_route=\/wp\/v2\/posts\/23758\/revisions\/23761"}],"wp:attachment":[{"href":"https:\/\/slaskipegaz.bs.katowice.pl\/index.php?rest_route=%2Fwp%2Fv2%2Fmedia&parent=23758"}],"wp:term":[{"taxonomy":"category","embeddable":true,"href":"https:\/\/slaskipegaz.bs.katowice.pl\/index.php?rest_route=%2Fwp%2Fv2%2Fcategories&post=23758"},{"taxonomy":"post_tag","embeddable":true,"href":"https:\/\/slaskipegaz.bs.katowice.pl\/index.php?rest_route=%2Fwp%2Fv2%2Ftags&post=23758"}],"curies":[{"name":"wp","href":"https:\/\/api.w.org\/{rel}","templated":true}]}}