{"id":23774,"date":"2026-09-04T14:00:12","date_gmt":"2026-09-04T12:00:12","guid":{"rendered":"https:\/\/slaskipegaz.bs.katowice.pl\/?p=23774"},"modified":"2026-09-04T14:27:49","modified_gmt":"2026-09-04T12:27:49","slug":"zapowiedz-miejska-biblioteka-publiczna-w-sosnowcu-203","status":"publish","type":"post","link":"https:\/\/slaskipegaz.bs.katowice.pl\/?p=23774","title":{"rendered":"[Zapowied\u017a] MIEJSKA BIBLIOTEKA PUBLICZNA W SOSNOWCU"},"content":{"rendered":"\n<div class=\"wp-block-media-text is-stacked-on-mobile is-vertically-aligned-top\"><figure class=\"wp-block-media-text__media\"><a href=\"https:\/\/slaskipegaz.bs.katowice.pl\/wp-content\/uploads\/2026\/09\/WIEZY-KRWI-GLIWICE-wystawa-PLAKAT.png\"><img loading=\"lazy\" decoding=\"async\" width=\"723\" height=\"1024\" src=\"https:\/\/slaskipegaz.bs.katowice.pl\/wp-content\/uploads\/2026\/09\/WIEZY-KRWI-GLIWICE-wystawa-PLAKAT-723x1024.png\" alt=\"Na plakacie zdj\u0119cie wype\u0142niaj\u0105ce ca\u0142\u0105 szeroko\u015b\u0107 i d\u0142ugo\u015b\u0107 plakatu, przedstawiaj\u0105ce le\u017c\u0105c\u0105 matk\u0119 (zdj\u0119cie od ty\u0142u wi\u0119c twarzy matki nie wida\u0107) tul\u0105c\u0105 noworodka (dziecko p\u0142acz\u0105ce, zwr\u00f3cone twarz\u0105 do twarzy mamy w niewielkiej odleg\u0142o\u015bci).\" class=\"wp-image-23775 size-full\" srcset=\"https:\/\/slaskipegaz.bs.katowice.pl\/wp-content\/uploads\/2026\/09\/WIEZY-KRWI-GLIWICE-wystawa-PLAKAT-723x1024.png 723w, https:\/\/slaskipegaz.bs.katowice.pl\/wp-content\/uploads\/2026\/09\/WIEZY-KRWI-GLIWICE-wystawa-PLAKAT-212x300.png 212w, https:\/\/slaskipegaz.bs.katowice.pl\/wp-content\/uploads\/2026\/09\/WIEZY-KRWI-GLIWICE-wystawa-PLAKAT-768x1087.png 768w, https:\/\/slaskipegaz.bs.katowice.pl\/wp-content\/uploads\/2026\/09\/WIEZY-KRWI-GLIWICE-wystawa-PLAKAT-1085x1536.png 1085w, https:\/\/slaskipegaz.bs.katowice.pl\/wp-content\/uploads\/2026\/09\/WIEZY-KRWI-GLIWICE-wystawa-PLAKAT.png 1413w\" sizes=\"auto, (max-width: 723px) 100vw, 723px\" \/><\/a><\/figure><div class=\"wp-block-media-text__content\">\n<p class=\"wp-block-paragraph\"><strong>\u201eWi\u0119zy krwi\u201d &#8211; zbiorowa wystawa prac cz\u0142onk\u00f3w Stowarzyszenia Fotoedukacja [8.09-23.10.2026]<\/strong><\/p>\n\n\n\n<p class=\"wp-block-paragraph\">Stowarzyszenie Fotoedukacja i Zag\u0142\u0119biowska Mediateka maj\u0105 zaszczyt zaprosi\u0107 na wernisa\u017c trzeciej zbiorowej wystawy fotografii cz\u0142onk\u00f3w Stowarzyszenia pt. \u201eWi\u0119zy krwi\u201d, kt\u00f3ry odb\u0119dzie si\u0119 8 wrze\u015bnia 2026 o godz. 18.00 w\u00a0Zag\u0142\u0119biowskiej Mediatece przy ul. Ko\u015bcielnej 11 w Sosnowcu. Ekspozycja udost\u0119pniana b\u0119dzie w godzinach otwarcia biblioteki do 23 pa\u017adziernika 2026. Wst\u0119p wolny.<\/p>\n\n\n\n<p class=\"wp-block-paragraph\">Wystawa pt. \u201eWi\u0119zy krwi\u201d jest efektem kolejnego cyklu fotograficznych spotka\u0144, w&nbsp;ramach kt\u00f3rych cz\u0142onkowie Stowarzyszenia, poprzez wsp\u00f3lne dzia\u0142anie w obr\u0119bie wybranego tematu, mieli mo\u017cliwo\u015b\u0107 g\u0142\u0119bszego zastanowienia si\u0119 nad tym, jak postrzegaj\u0105 rodzinne relacje, biologiczne powi\u0105zania, w\u0142asne dziedzictwo&#8230;<\/p>\n\n\n\n<!--more-->\n\n\n\n<p class=\"wp-block-paragraph\">Dwunastu fotograf\u00f3w r\u00f3\u017cnorodnie zinterpretowa\u0142o tytu\u0142owe \u201ewi\u0119zi\u201d \u2013 niekt\u00f3rzy skupili si\u0119 na opowie\u015bci o relacjach, kt\u00f3re kszta\u0142tuj\u0105 nas od pierwszych chwil \u017cycia. Inni uchwycili intymne momenty codzienno\u015bci. Niekt\u00f3rzy skupili si\u0119 na podobie\u0144stwie, a inni \u2013 na ich ca\u0142kowitym braku. Ka\u017cdy z fotograf\u00f3w, pracuj\u0105c nad swoj\u0105 interpretacj\u0105 tematu, mia\u0142 okazj\u0119 do \u0107wiczenia uwa\u017cno\u015bci, eksperymentowania czy te\u017c wyj\u015bcia ze strefy komfortu.<\/p>\n\n\n\n<p class=\"wp-block-paragraph\">Fotografie z cyklu \u201eWi\u0119zy krwi\u201d z&nbsp;pewno\u015bci\u0105 zapraszaj\u0105 widza do osobistej refleksji nad w\u0142asnymi korzeniami i&nbsp;relacjami, kt\u00f3re \u2013 cho\u0107 czasem trudne \u2013 tworz\u0105 fundament naszej to\u017csamo\u015bci.<\/p>\n\n\n\n<p class=\"wp-block-paragraph\">\u201eWi\u0119zy krwi\u201d to trzecia zbiorowa wystawa cz\u0142onk\u00f3w Stowarzyszenia Fotoedukacja (wcze\u015bniejsze wystawy fotografii: \u201eNiepok\u00f3j\u201d [2023-2024], \u201eKolorowego dnia!\u201d [2024-2025]). Kuratorem wystawy jest Arkadiusz \u0141awrywianiec (Prezes Zarz\u0105du Zwi\u0105zku Polskich Artyst\u00f3w Fotografik\u00f3w \u2013 Okr\u0119g \u015al\u0105ski, fotograf i&nbsp;fotoreporter).<\/p>\n\n\n\n<p class=\"wp-block-paragraph\">W ramach wystawy swoje fotografie zaprezentuj\u0105:<\/p>\n\n\n\n<ul class=\"wp-block-list\">\n<li>Ma\u0142gorzata August<\/li>\n\n\n\n<li>Magdalena Darmo\u0144<\/li>\n\n\n\n<li>Daria Delanowska<\/li>\n\n\n\n<li>Wies\u0142awa Gago\u015b<\/li>\n\n\n\n<li>Dariusz Krawczyk<\/li>\n\n\n\n<li>Mateusz Lukoszek<\/li>\n\n\n\n<li>Anita Nowak<\/li>\n\n\n\n<li>Anna Oleszko<\/li>\n\n\n\n<li>\u0141ukasz Pajor<\/li>\n\n\n\n<li>Szymon Ropiak<\/li>\n\n\n\n<li>Anna Sokoli\u0144ska<\/li>\n\n\n\n<li>Adrianna Szymanek<\/li>\n<\/ul>\n\n\n\n<p class=\"wp-block-paragraph\">Wszystkich zainteresowanych otrzymywaniem regularnych informacji o ofercie Miejskiej Biblioteki Publicznej w Sosnowcu zach\u0119camy do zapisania si\u0119 do newslettera za po\u015brednictwem strony www.biblioteka.sosnowiec.pl i \u015bledzenia nas w mediach spo\u0142eczno\u015bciowych (Facebook, YouTube, Instagram, TikTok).<\/p>\n<\/div><\/div>\n","protected":false},"excerpt":{"rendered":"<p>\u201eWi\u0119zy krwi\u201d &#8211; zbiorowa wystawa prac cz\u0142onk\u00f3w Stowarzyszenia Fotoedukacja [8.09-23.10.2026] Stowarzyszenie Fotoedukacja i Zag\u0142\u0119biowska Mediateka maj\u0105 zaszczyt zaprosi\u0107 na wernisa\u017c trzeciej zbiorowej wystawy fotografii cz\u0142onk\u00f3w Stowarzyszenia pt. \u201eWi\u0119zy krwi\u201d, kt\u00f3ry odb\u0119dzie si\u0119 8 wrze\u015bnia 2026 o godz. 18.00 w\u00a0Zag\u0142\u0119biowskiej Mediatece przy ul. Ko\u015bcielnej 11 w Sosnowcu. Ekspozycja udost\u0119pniana b\u0119dzie w godzinach otwarcia biblioteki do 23 &hellip; <a href=\"https:\/\/slaskipegaz.bs.katowice.pl\/?p=23774\" class=\"more-link\">Czytaj dalej <span class=\"screen-reader-text\">[Zapowied\u017a] MIEJSKA BIBLIOTEKA PUBLICZNA W SOSNOWCU<\/span> <span class=\"meta-nav\">&rarr;<\/span><\/a><\/p>\n","protected":false},"author":2,"featured_media":0,"comment_status":"closed","ping_status":"open","sticky":false,"template":"","format":"standard","meta":{"_acf_changed":false,"_exactmetrics_skip_tracking":false,"footnotes":""},"categories":[6],"tags":[146],"class_list":["post-23774","post","type-post","status-publish","format-standard","hentry","category-aktualnosci","tag-miejska-biblioteka-publiczna-w-sosnowcu"],"acf":[],"jetpack_featured_media_url":"","_links":{"self":[{"href":"https:\/\/slaskipegaz.bs.katowice.pl\/index.php?rest_route=\/wp\/v2\/posts\/23774","targetHints":{"allow":["GET"]}}],"collection":[{"href":"https:\/\/slaskipegaz.bs.katowice.pl\/index.php?rest_route=\/wp\/v2\/posts"}],"about":[{"href":"https:\/\/slaskipegaz.bs.katowice.pl\/index.php?rest_route=\/wp\/v2\/types\/post"}],"author":[{"embeddable":true,"href":"https:\/\/slaskipegaz.bs.katowice.pl\/index.php?rest_route=\/wp\/v2\/users\/2"}],"replies":[{"embeddable":true,"href":"https:\/\/slaskipegaz.bs.katowice.pl\/index.php?rest_route=%2Fwp%2Fv2%2Fcomments&post=23774"}],"version-history":[{"count":3,"href":"https:\/\/slaskipegaz.bs.katowice.pl\/index.php?rest_route=\/wp\/v2\/posts\/23774\/revisions"}],"predecessor-version":[{"id":23785,"href":"https:\/\/slaskipegaz.bs.katowice.pl\/index.php?rest_route=\/wp\/v2\/posts\/23774\/revisions\/23785"}],"wp:attachment":[{"href":"https:\/\/slaskipegaz.bs.katowice.pl\/index.php?rest_route=%2Fwp%2Fv2%2Fmedia&parent=23774"}],"wp:term":[{"taxonomy":"category","embeddable":true,"href":"https:\/\/slaskipegaz.bs.katowice.pl\/index.php?rest_route=%2Fwp%2Fv2%2Fcategories&post=23774"},{"taxonomy":"post_tag","embeddable":true,"href":"https:\/\/slaskipegaz.bs.katowice.pl\/index.php?rest_route=%2Fwp%2Fv2%2Ftags&post=23774"}],"curies":[{"name":"wp","href":"https:\/\/api.w.org\/{rel}","templated":true}]}}