{"id":23777,"date":"2026-09-03T13:28:09","date_gmt":"2026-09-03T11:28:09","guid":{"rendered":"https:\/\/slaskipegaz.bs.katowice.pl\/?p=23777"},"modified":"2026-09-03T13:28:09","modified_gmt":"2026-09-03T11:28:09","slug":"zapowiedz-biblioteka-slaska-w-katowicach-62","status":"publish","type":"post","link":"https:\/\/slaskipegaz.bs.katowice.pl\/?p=23777","title":{"rendered":"[Zapowied\u017a] BIBLIOTEKA \u015aL\u0104SKA W KATOWICACH"},"content":{"rendered":"\n<div class=\"wp-block-media-text is-stacked-on-mobile is-vertically-aligned-top\" style=\"grid-template-columns:42% auto\"><figure class=\"wp-block-media-text__media\"><a href=\"https:\/\/slaskipegaz.bs.katowice.pl\/wp-content\/uploads\/2026\/09\/kwadrat_NC_2026-300x300-1.png\"><img loading=\"lazy\" decoding=\"async\" width=\"300\" height=\"300\" src=\"https:\/\/slaskipegaz.bs.katowice.pl\/wp-content\/uploads\/2026\/09\/kwadrat_NC_2026-300x300-1.png\" alt=\"Plakat - proporcje kwadratu, dooko\u0142a czarna zdobiona ramka, t\u0142o plakatu bia\u0142e, u g\u00f3ry po lewej ma\u0142a flaga polski, u g\u00f3ry na \u015brodku w dw\u00f3ch wierszach du\u017cy napis Adam Mickiewicz Dziady, poza tym czarne napisy zgodne z opisem wydarzenia.\" class=\"wp-image-23778 size-full\" srcset=\"https:\/\/slaskipegaz.bs.katowice.pl\/wp-content\/uploads\/2026\/09\/kwadrat_NC_2026-300x300-1.png 300w, https:\/\/slaskipegaz.bs.katowice.pl\/wp-content\/uploads\/2026\/09\/kwadrat_NC_2026-300x300-1-150x150.png 150w\" sizes=\"auto, (max-width: 300px) 100vw, 300px\" \/><\/a><\/figure><div class=\"wp-block-media-text__content\">\n<p class=\"wp-block-paragraph\"><strong>Co\u00a0to\u00a0b\u0119dzie? Dziady! \u2013 Narodowe Czytanie 2026 w\u00a0Bibliotece \u015al\u0105skiej<\/strong><\/p>\n\n\n\n<p class=\"wp-block-paragraph\"><strong>5 wrze\u015bnia 2026\u00a0r. | godz.\u00a012.00 | Plac Rady Europy 1, Katowice<\/strong><\/p>\n\n\n\n<p class=\"wp-block-paragraph\">\u201eCiemno wsz\u0119dzie, g\u0142ucho wsz\u0119dzie \/ Co\u00a0to\u00a0b\u0119dzie, co\u00a0to\u00a0b\u0119dzie?\u201d \u2013 kto nie\u00a0pami\u0119ta tej\u00a0frazy z\u00a0lekcji j\u0119zyka polskiego?<\/p>\n\n\n\n<p class=\"wp-block-paragraph\">Zach\u0119ceni przez\u00a0organizator\u00f3w Narodowego Czytania w\u00a0tym roku si\u0119gamy po\u00a0dzie\u0142o wieszcza romantyzmu \u2013 \u201eDziady\u201d Adama Mickiewicza. \u201eTo w\u0142a\u015bnie w\u00a0Dziadach \u0142\u0105czno\u015b\u0107 z\u00a0dawnymi dziejami wpisana jest w\u00a0histori\u0119 Polski i\u00a0przypomina o\u00a0warto\u015bciach kszta\u0142tuj\u0105cych nar\u00f3d\u201d \u2013 podkre\u015bli\u0142a Para Prezydencka w\u00a0swoim przes\u0142aniu z\u00a0okazji 15. edycji Narodowego Czytania.<\/p>\n\n\n\n<p class=\"wp-block-paragraph\">\u201eNiech ksi\u0119\u017cyca jasno\u015b\u0107 blada, \/ Szczelinami tu&nbsp;nie&nbsp;wpada\u201d \u2013 napisa\u0142 Mickiewicz. My&nbsp;za&nbsp;to&nbsp;spotykamy si\u0119 w&nbsp;samo po\u0142udnie przed&nbsp;budynkiem Biblioteki w&nbsp;Czytelni Plenerowej. Wydarzenie b\u0119dzie relacjonowa\u0107 Radio Katowice.<\/p>\n\n\n\n<!--more-->\n\n\n\n<p class=\"wp-block-paragraph\">\u201eOto obchodzimy Dziady! Zst\u0119pujcie w\u00a0\u015bwi\u0119ty przybytek\u201d \u2013 nasze zaproszenie do\u00a0wsp\u00f3lnego czytania w\u00a015. edycji Narodowego Czytania przyj\u0119li przedstawiciele w\u0142adz samorz\u0105dowych, naukowcy, publicy\u015bci. Udzia\u0142 zapowiedzieli: Joanna Bojczuk, Alina Bednarz, Piotr Czarnynoga, Maciej Stachura, Krzysztof Kraus, Krzysztof Pieczy\u0144ski, El\u017cbieta Grodzka-\u0141opuszy\u0144ska, Piotr Pietrasz, Adam Szymczyk, prof.\u00a0Jolanta Tambor, prof.\u00a0Pawe\u0142 Sarna, Ewelina Kosa\u0142ka-Passia. Wsp\u00f3lnie z\u00a0go\u015b\u0107mi czyta\u0107 b\u0119dzie gospodarz miejsca, dr\u00a0Artur Madali\u0144ski, dyrektor Biblioteki \u015al\u0105skiej.<\/p>\n\n\n\n<p class=\"wp-block-paragraph\">Lekturze b\u0119d\u0105 towarzyszy\u0107 d\u017awi\u0119ki wyj\u0105tkowego instrumentu: liry korbowej. O\u00a0jej znaczeniu dla obrz\u0119du dziad\u00f3w opowie Pawe\u0142 P\u0142osko\u0144 \u2013 wirtuoz tego instrumentu, kompozytor i\u00a0dyrygent oraz\u00a0jedyny w\u00a0Polsce wyk\u0142adowca i\u00a0nauczyciel akademicki gry na\u00a0lirze korbowej.<\/p>\n\n\n\n<p class=\"wp-block-paragraph\">\u201eJest ja\u0142mu\u017cna, s\u0105&nbsp;pacierze \/ i&nbsp;jedzenie, i&nbsp;napitek\u201d \u2013 to&nbsp;mia\u0142o przyci\u0105gn\u0105\u0107 duchy. Za&nbsp;to&nbsp;dla naszych go\u015bci Dzia\u0142 Zbior\u00f3w Specjalnych Biblioteki \u015al\u0105skiej przygotowa\u0142 \u201educhow\u0105 straw\u0119\u201d \u2013 ekspozycj\u0119 prezentuj\u0105c\u0105 unikatowe r\u0119kopisy, druki i&nbsp;fotografie zwi\u0105zane z&nbsp;\u201eDziadami\u201d Adama Mickiewicza. B\u0119dzie mo\u017cna zobaczy\u0107 najstarszy polski tekst sceniczny utworu z&nbsp;lwowskiej inscenizacji w&nbsp;1889&nbsp;r. (z&nbsp;adnotacj\u0105 austriackiej cenzury) oraz&nbsp;egzemplarz teatralny kantaty Stanis\u0142awa Moniuszki \u201eWidma\u201d (na&nbsp;podstawie II&nbsp;cz\u0119\u015bci \u201eDziad\u00f3w\u201d) z&nbsp;decyzj\u0105 rosyjskiej cenzury z&nbsp;1897&nbsp;r. Najs\u0142ynniejsze przedstawienie \u201eDziad\u00f3w\u201d z&nbsp;31 pa\u017adziernika 1901&nbsp;r. w&nbsp;inscenizacji Stanis\u0142awa Wyspia\u0144skiego przybli\u017c\u0105 unikaty z&nbsp;epoki: egzemplarz re\u017cyserski Adolfa Walewskiego oraz&nbsp;archiwalne poczt\u00f3wki ze&nbsp;scenami z&nbsp;tego krakowskiego przedstawienia. Z&nbsp;katowickich realizacji scenicznych \u201eDziad\u00f3w\u201d przypomniano s\u0142ynn\u0105 inscenizacj\u0119 Leopolda Kielanowskiego z&nbsp;1935&nbsp;r. Sceny z&nbsp;tego przedstawienia uwieczni\u0142 znany \u015bl\u0105ski fotograf Czes\u0142aw Datka. Na&nbsp;wystawie prezentowane s\u0105&nbsp;te\u017c edycje \u201eDziad\u00f3w\u201d, kt\u00f3re ukaza\u0142y si\u0119 za&nbsp;\u017cycia Adama Mickiewicza w&nbsp;latach 1828\u20131844 w&nbsp;Pary\u017cu i&nbsp;Petersburgu. Te&nbsp;unikatowe materia\u0142y b\u0119d\u0105 dost\u0119pne dla czytelnik\u00f3w do&nbsp;15 wrze\u015bnia 2026&nbsp;r.<\/p>\n\n\n\n<p class=\"wp-block-paragraph\">Prowadzenie: Marta Paluch<\/p>\n\n\n\n<p class=\"wp-block-paragraph\">Spotkajmy si\u0119 na&nbsp;wsp\u00f3lnym czytaniu \u201eDziad\u00f3w\u201d!<\/p>\n\n\n\n<p class=\"wp-block-paragraph\">Biblioteka \u015al\u0105ska, Czytelnia Plenerowa<br>Plac Rady Europy 1, Katowice<\/p>\n\n\n\n<p class=\"wp-block-paragraph\">Wst\u0119p wolny! Zapraszamy!<\/p>\n<\/div><\/div>\n","protected":false},"excerpt":{"rendered":"<p>Co\u00a0to\u00a0b\u0119dzie? Dziady! \u2013 Narodowe Czytanie 2026 w\u00a0Bibliotece \u015al\u0105skiej 5 wrze\u015bnia 2026\u00a0r. | godz.\u00a012.00 | Plac Rady Europy 1, Katowice \u201eCiemno wsz\u0119dzie, g\u0142ucho wsz\u0119dzie \/ Co\u00a0to\u00a0b\u0119dzie, co\u00a0to\u00a0b\u0119dzie?\u201d \u2013 kto nie\u00a0pami\u0119ta tej\u00a0frazy z\u00a0lekcji j\u0119zyka polskiego? Zach\u0119ceni przez\u00a0organizator\u00f3w Narodowego Czytania w\u00a0tym roku si\u0119gamy po\u00a0dzie\u0142o wieszcza romantyzmu \u2013 \u201eDziady\u201d Adama Mickiewicza. \u201eTo w\u0142a\u015bnie w\u00a0Dziadach \u0142\u0105czno\u015b\u0107 z\u00a0dawnymi dziejami wpisana jest &hellip; <a href=\"https:\/\/slaskipegaz.bs.katowice.pl\/?p=23777\" class=\"more-link\">Czytaj dalej <span class=\"screen-reader-text\">[Zapowied\u017a] BIBLIOTEKA \u015aL\u0104SKA W KATOWICACH<\/span> <span class=\"meta-nav\">&rarr;<\/span><\/a><\/p>\n","protected":false},"author":2,"featured_media":0,"comment_status":"closed","ping_status":"open","sticky":false,"template":"","format":"standard","meta":{"_acf_changed":false,"_exactmetrics_skip_tracking":false,"footnotes":""},"categories":[6],"tags":[47],"class_list":["post-23777","post","type-post","status-publish","format-standard","hentry","category-aktualnosci","tag-biblioteka-slaska-w-katowicach"],"acf":[],"jetpack_featured_media_url":"","_links":{"self":[{"href":"https:\/\/slaskipegaz.bs.katowice.pl\/index.php?rest_route=\/wp\/v2\/posts\/23777","targetHints":{"allow":["GET"]}}],"collection":[{"href":"https:\/\/slaskipegaz.bs.katowice.pl\/index.php?rest_route=\/wp\/v2\/posts"}],"about":[{"href":"https:\/\/slaskipegaz.bs.katowice.pl\/index.php?rest_route=\/wp\/v2\/types\/post"}],"author":[{"embeddable":true,"href":"https:\/\/slaskipegaz.bs.katowice.pl\/index.php?rest_route=\/wp\/v2\/users\/2"}],"replies":[{"embeddable":true,"href":"https:\/\/slaskipegaz.bs.katowice.pl\/index.php?rest_route=%2Fwp%2Fv2%2Fcomments&post=23777"}],"version-history":[{"count":1,"href":"https:\/\/slaskipegaz.bs.katowice.pl\/index.php?rest_route=\/wp\/v2\/posts\/23777\/revisions"}],"predecessor-version":[{"id":23779,"href":"https:\/\/slaskipegaz.bs.katowice.pl\/index.php?rest_route=\/wp\/v2\/posts\/23777\/revisions\/23779"}],"wp:attachment":[{"href":"https:\/\/slaskipegaz.bs.katowice.pl\/index.php?rest_route=%2Fwp%2Fv2%2Fmedia&parent=23777"}],"wp:term":[{"taxonomy":"category","embeddable":true,"href":"https:\/\/slaskipegaz.bs.katowice.pl\/index.php?rest_route=%2Fwp%2Fv2%2Fcategories&post=23777"},{"taxonomy":"post_tag","embeddable":true,"href":"https:\/\/slaskipegaz.bs.katowice.pl\/index.php?rest_route=%2Fwp%2Fv2%2Ftags&post=23777"}],"curies":[{"name":"wp","href":"https:\/\/api.w.org\/{rel}","templated":true}]}}