{"id":23780,"date":"2026-09-04T09:02:16","date_gmt":"2026-09-04T07:02:16","guid":{"rendered":"https:\/\/slaskipegaz.bs.katowice.pl\/?p=23780"},"modified":"2026-09-04T09:02:16","modified_gmt":"2026-09-04T07:02:16","slug":"konkurs-miejska-i-powiatowa-biblioteka-publiczna-w-raciborzu-3","status":"publish","type":"post","link":"https:\/\/slaskipegaz.bs.katowice.pl\/?p=23780","title":{"rendered":"[Konkurs] MIEJSKA I POWIATOWA BIBLIOTEKA PUBLICZNA W RACIBORZU"},"content":{"rendered":"\n<div class=\"wp-block-media-text is-stacked-on-mobile is-vertically-aligned-top\"><figure class=\"wp-block-media-text__media\"><a href=\"https:\/\/slaskipegaz.bs.katowice.pl\/wp-content\/uploads\/2026\/09\/Raciborz-Proza-Zaczarowany-baner.png\"><img loading=\"lazy\" decoding=\"async\" width=\"1024\" height=\"576\" src=\"https:\/\/slaskipegaz.bs.katowice.pl\/wp-content\/uploads\/2026\/09\/Raciborz-Proza-Zaczarowany-baner-1024x576.png\" alt=\"Baner poziomy, kt\u00f3ry zawiera zdj\u0119cie przedstawiaj\u0105ce d\u0142o\u0144 trzymaj\u0105c\u0105 d\u0142ugopis i pisz\u0105c\u0105 w notatniku. T\u0142o Ciemne. Napisy g\u0142\u00f3wnie bia\u0142e, zgodne z opisem wydarzenia.\" class=\"wp-image-23781 size-full\" srcset=\"https:\/\/slaskipegaz.bs.katowice.pl\/wp-content\/uploads\/2026\/09\/Raciborz-Proza-Zaczarowany-baner-1024x576.png 1024w, https:\/\/slaskipegaz.bs.katowice.pl\/wp-content\/uploads\/2026\/09\/Raciborz-Proza-Zaczarowany-baner-300x169.png 300w, https:\/\/slaskipegaz.bs.katowice.pl\/wp-content\/uploads\/2026\/09\/Raciborz-Proza-Zaczarowany-baner-768x432.png 768w, https:\/\/slaskipegaz.bs.katowice.pl\/wp-content\/uploads\/2026\/09\/Raciborz-Proza-Zaczarowany-baner-1536x864.png 1536w, https:\/\/slaskipegaz.bs.katowice.pl\/wp-content\/uploads\/2026\/09\/Raciborz-Proza-Zaczarowany-baner.png 1920w\" sizes=\"auto, (max-width: 1024px) 100vw, 1024px\" \/><\/a><\/figure><div class=\"wp-block-media-text__content\">\n<p class=\"wp-block-paragraph\"><strong>Pi\u00f3ra w d\u0142o\u0144! Rusza XIII edycja Og\u00f3lnopolskiego Konkursu Racib\u00f3rz Proz\u0105 Zaczarowany<\/strong><\/p>\n\n\n\n<p class=\"wp-block-paragraph\">Ka\u017cda opowie\u015b\u0107 ma sw\u00f3j pocz\u0105tek. Czasem wystarczy jedno miejsce, wspomnienie albo chwila, by da\u0107 pocz\u0105tek historii. A mo\u017ce w\u0142a\u015bnie Racib\u00f3rz i Powiat Raciborski jest miejscem, gdzie zaczyna si\u0119 Twoja opowie\u015b\u0107? Miejska i Powiatowa Biblioteka Publiczna w Raciborzu zaprasza do udzia\u0142u w XIII edycji Og\u00f3lnopolskiego Konkursu Literackiego \u201eRacib\u00f3rz Proz\u0105 Zaczarowany \u2013 Tam, gdzie zaczyna si\u0119 opowie\u015b\u0107\u201d pod patronatem oraz przy wsparciu finansowym Starosty Powiatu Raciborskiego Grzegorza Swobody.<\/p>\n\n\n\n<!--more-->\n\n\n\n<p class=\"wp-block-paragraph\">Dotychczas konkursowe opowie\u015bci mog\u0142y dotyczy\u0107 wy\u0142\u0105cznie Raciborza. W tegorocznej edycji pozwalamy wyobra\u017ani si\u0119gn\u0105\u0107 dalej \u2013 a\u017c po ca\u0142y Powiat Raciborski.<\/p>\n\n\n\n<p class=\"wp-block-paragraph\">Do udzia\u0142u w konkursie zakwalifikowane zostan\u0105 prace pisane proz\u0105 (nie mniej ni\u017c 5 i nie wi\u0119cej ni\u017c 10 stron znormalizowanego maszynopisu). Forma opowie\u015bci jest ca\u0142kowicie dowolna \u2013 mo\u017ce to by\u0107 realistyczna proza, fantastyczna narracja, historia alternatywna, krymina\u0142, groza, ba\u015b\u0144 czy futurystyczna wizja w zupe\u0142nie innej epoce. Bo ka\u017cda historia mo\u017ce zacz\u0105\u0107 si\u0119 w\u0142a\u015bnie tutaj. Termin nadsy\u0142ania prac: 6 listopada 2026. Og\u0142oszenie wynik\u00f3w nast\u0105pi 27 listopada\u00a02026. Na zwyci\u0119zc\u00f3w czekaj\u0105 nagrody rzeczowe ufundowane przez Starostwo Powiatowe w Raciborzu. Regulamin i\u00a0formularze zg\u0142oszenia dost\u0119pne na stronie internetowej biblioteki:\u00a0<a href=\"https:\/\/www.biblrac.pl\/pl\/site\/wydarzenie\/4205-ogolnopolski-konkurs-literacki----raciborz-proza-zaczarowany---tam--gdzie-zaczyna-sie-opowiesc---.html%20\">https:\/\/www.biblrac.pl\/pl\/site\/wydarzenie\/4205-ogolnopolski-konkurs-literacki&#8212;-raciborz-proza-zaczarowany&#8212;tam&#8211;gdzie-zaczyna-sie-opowiesc&#8212;.html<\/a><\/p>\n<\/div><\/div>\n","protected":false},"excerpt":{"rendered":"<p>Pi\u00f3ra w d\u0142o\u0144! Rusza XIII edycja Og\u00f3lnopolskiego Konkursu Racib\u00f3rz Proz\u0105 Zaczarowany Ka\u017cda opowie\u015b\u0107 ma sw\u00f3j pocz\u0105tek. Czasem wystarczy jedno miejsce, wspomnienie albo chwila, by da\u0107 pocz\u0105tek historii. A mo\u017ce w\u0142a\u015bnie Racib\u00f3rz i Powiat Raciborski jest miejscem, gdzie zaczyna si\u0119 Twoja opowie\u015b\u0107? Miejska i Powiatowa Biblioteka Publiczna w Raciborzu zaprasza do udzia\u0142u w XIII edycji Og\u00f3lnopolskiego &hellip; <a href=\"https:\/\/slaskipegaz.bs.katowice.pl\/?p=23780\" class=\"more-link\">Czytaj dalej <span class=\"screen-reader-text\">[Konkurs] MIEJSKA I POWIATOWA BIBLIOTEKA PUBLICZNA W RACIBORZU<\/span> <span class=\"meta-nav\">&rarr;<\/span><\/a><\/p>\n","protected":false},"author":2,"featured_media":0,"comment_status":"closed","ping_status":"open","sticky":false,"template":"","format":"standard","meta":{"_acf_changed":false,"_exactmetrics_skip_tracking":false,"footnotes":""},"categories":[6],"tags":[48],"class_list":["post-23780","post","type-post","status-publish","format-standard","hentry","category-aktualnosci","tag-miejska-i-powiatowa-biblioteka-publiczna-w-raciborzu"],"acf":[],"jetpack_featured_media_url":"","_links":{"self":[{"href":"https:\/\/slaskipegaz.bs.katowice.pl\/index.php?rest_route=\/wp\/v2\/posts\/23780","targetHints":{"allow":["GET"]}}],"collection":[{"href":"https:\/\/slaskipegaz.bs.katowice.pl\/index.php?rest_route=\/wp\/v2\/posts"}],"about":[{"href":"https:\/\/slaskipegaz.bs.katowice.pl\/index.php?rest_route=\/wp\/v2\/types\/post"}],"author":[{"embeddable":true,"href":"https:\/\/slaskipegaz.bs.katowice.pl\/index.php?rest_route=\/wp\/v2\/users\/2"}],"replies":[{"embeddable":true,"href":"https:\/\/slaskipegaz.bs.katowice.pl\/index.php?rest_route=%2Fwp%2Fv2%2Fcomments&post=23780"}],"version-history":[{"count":1,"href":"https:\/\/slaskipegaz.bs.katowice.pl\/index.php?rest_route=\/wp\/v2\/posts\/23780\/revisions"}],"predecessor-version":[{"id":23782,"href":"https:\/\/slaskipegaz.bs.katowice.pl\/index.php?rest_route=\/wp\/v2\/posts\/23780\/revisions\/23782"}],"wp:attachment":[{"href":"https:\/\/slaskipegaz.bs.katowice.pl\/index.php?rest_route=%2Fwp%2Fv2%2Fmedia&parent=23780"}],"wp:term":[{"taxonomy":"category","embeddable":true,"href":"https:\/\/slaskipegaz.bs.katowice.pl\/index.php?rest_route=%2Fwp%2Fv2%2Fcategories&post=23780"},{"taxonomy":"post_tag","embeddable":true,"href":"https:\/\/slaskipegaz.bs.katowice.pl\/index.php?rest_route=%2Fwp%2Fv2%2Ftags&post=23780"}],"curies":[{"name":"wp","href":"https:\/\/api.w.org\/{rel}","templated":true}]}}