{"id":3469,"date":"2015-06-16T10:48:22","date_gmt":"2015-06-16T08:48:22","guid":{"rendered":"http:\/\/slaskipegaz.bs.katowice.pl\/?p=3469"},"modified":"2015-07-01T11:38:36","modified_gmt":"2015-07-01T09:38:36","slug":"relacja-miejsko-powiatowa-biblioteka-publiczna-w-pszczynie-10","status":"publish","type":"post","link":"https:\/\/slaskipegaz.bs.katowice.pl\/?p=3469","title":{"rendered":"[Relacja] MIEJSKO-POWIATOWA BIBLIOTEKA PUBLICZNA W PSZCZYNIE"},"content":{"rendered":"<h6 style=\"text-align: center;\">Og\u00f3lnopolski Tydzie\u0144 Czytania Dzieciom<\/h6>\n<p><a href=\"https:\/\/slaskipegaz.bs.katowice.pl\/wp-content\/uploads\/2015\/06\/IMG_2710.jpg\"><img loading=\"lazy\" decoding=\"async\" class=\" size-medium wp-image-3470 alignleft\" src=\"https:\/\/slaskipegaz.bs.katowice.pl\/wp-content\/uploads\/2015\/06\/IMG_2710-300x225.jpg\" alt=\"IMG_2710\" width=\"300\" height=\"225\" srcset=\"https:\/\/slaskipegaz.bs.katowice.pl\/wp-content\/uploads\/2015\/06\/IMG_2710-300x225.jpg 300w, https:\/\/slaskipegaz.bs.katowice.pl\/wp-content\/uploads\/2015\/06\/IMG_2710-1024x768.jpg 1024w\" sizes=\"auto, (max-width: 300px) 100vw, 300px\" \/><\/a>Co roku w miesi\u0105cu czerwcu obchodzony jest w ca\u0142ym kraju Og\u00f3lnopolski Tydzie\u0144 Czytania Dzieciom. Miejsko-Powiatowa Biblioteka Publiczna w Pszczynie tak\u017ce w\u0142\u0105czy\u0142a si\u0119 do akcji promuj\u0105cej czytelnictwo i ksi\u0105\u017ck\u0119 w\u015br\u00f3d dzieci.<\/p>\n<p>&nbsp;<\/p>\n<p><!--more--><br \/>\n<span style=\"font-size: medium;\">&#8222;Ca\u0142a Polska Czyta w Bibliotekach&#8221;<\/span><span style=\"font-size: medium;\"> to has\u0142o tegorocznego<\/span><span style=\"font-size: medium;\"> XIV Og\u00f3lnopolskiego Tygodnia Czytania Dzieciom<\/span><span style=\"font-size: medium;\"> obchodzonego w dniach 30.05-6.06 2015 r. w ramach <\/span><span style=\"font-size: medium;\">Fundacji ABCXXI \u201eCa\u0142a Polska czyta dzieciom\u201d<\/span><span style=\"font-size: medium;\">.<\/span><\/p>\n<p><span style=\"font-size: medium;\"><a href=\"https:\/\/slaskipegaz.bs.katowice.pl\/wp-content\/uploads\/2015\/06\/IMG_2749.jpg\"><img loading=\"lazy\" decoding=\"async\" class=\"aligncenter size-medium wp-image-3471\" src=\"https:\/\/slaskipegaz.bs.katowice.pl\/wp-content\/uploads\/2015\/06\/IMG_2749-300x225.jpg\" alt=\"IMG_2749\" width=\"300\" height=\"225\" srcset=\"https:\/\/slaskipegaz.bs.katowice.pl\/wp-content\/uploads\/2015\/06\/IMG_2749-300x225.jpg 300w, https:\/\/slaskipegaz.bs.katowice.pl\/wp-content\/uploads\/2015\/06\/IMG_2749-1024x768.jpg 1024w\" sizes=\"auto, (max-width: 300px) 100vw, 300px\" \/><\/a><br \/>\nW tych dniach Bibliotek\u0119 odwiedzi\u0142o 120 dzieci by wzi\u0105\u0107 udzia\u0142 w Dniu Dziecka z Czarnymi Charakterami Disneya, Konkursie Pi\u0119knego Czytania, wys\u0142ucha\u0107 ksi\u0105\u017cki pt: &#8222;Nowe Przygody detektywa PozytywkI&#8221; i zata\u0144czy\u0107 w Bibliotece sals\u0119. By\u0142y zaj\u0119cia z literatury w formie zabaw i zagadek. Zaproszeni go\u015bcie opowiedzieli o swojej pasji do ta\u0144ca .<br \/>\nUczniowie z du\u017cym zaanga\u017cowaniem i rado\u015bci\u0105 brali udzia\u0142 w zadaniach.<\/span><\/p>\n<p><a href=\"https:\/\/slaskipegaz.bs.katowice.pl\/wp-content\/uploads\/2015\/06\/IMG_2718.jpg\"><img loading=\"lazy\" decoding=\"async\" class=\"aligncenter size-medium wp-image-3472\" src=\"https:\/\/slaskipegaz.bs.katowice.pl\/wp-content\/uploads\/2015\/06\/IMG_2718-300x225.jpg\" alt=\"IMG_2718\" width=\"300\" height=\"225\" srcset=\"https:\/\/slaskipegaz.bs.katowice.pl\/wp-content\/uploads\/2015\/06\/IMG_2718-300x225.jpg 300w, https:\/\/slaskipegaz.bs.katowice.pl\/wp-content\/uploads\/2015\/06\/IMG_2718-1024x768.jpg 1024w\" sizes=\"auto, (max-width: 300px) 100vw, 300px\" \/><\/a><\/p>\n<p><strong><span style=\"font-family: Times New Roman,serif;\"><span style=\"font-size: medium;\">2015r<\/span><\/span><\/strong><span style=\"font-family: Times New Roman,serif;\"><span style=\"font-size: medium;\">. Dzie\u0144 Dziecka z Czarnymi Charakterami Disneya. W postacie wcieli\u0142a si\u0119 m\u0142odzie\u017c ze STowarzyszenia ARTystycznego &#8222;take tam&#8230;&#8221;.<\/span><\/span><\/p>\n<p><strong><span style=\"font-family: Times New Roman,serif;\"><span style=\"font-size: medium;\">1.06.2015r.<\/span><\/span><\/strong><span style=\"font-family: Times New Roman,serif;\"><span style=\"font-size: medium;\"> Bibliotek\u0119 odwiedzi\u0142a zer\u00f3wka z SP -18 <\/span><\/span><\/p>\n<p><strong><span style=\"font-family: Times New Roman,serif;\"><span style=\"font-size: medium;\">3.06.2015r.<\/span><\/span><\/strong><span style=\"font-family: Times New Roman,serif;\"><span style=\"font-size: medium;\"> Rozta\u0144czona biblioteka. Zaproszeni go\u015bcie Pani Kinga Grynpeter i Pan Rafa\u0142 Pietryja opowiedzieli o swojej pasji i zach\u0119cili do ta\u0144ca. <\/span><\/span><\/p>\n<p>Nades\u0142a\u0142a: M-PBP w Pszczynie<\/p>\n","protected":false},"excerpt":{"rendered":"<p>Og\u00f3lnopolski Tydzie\u0144 Czytania Dzieciom Co roku w miesi\u0105cu czerwcu obchodzony jest w ca\u0142ym kraju Og\u00f3lnopolski Tydzie\u0144 Czytania Dzieciom. Miejsko-Powiatowa Biblioteka Publiczna w Pszczynie tak\u017ce w\u0142\u0105czy\u0142a si\u0119 do akcji promuj\u0105cej czytelnictwo i ksi\u0105\u017ck\u0119 w\u015br\u00f3d dzieci. &nbsp;<\/p>\n","protected":false},"author":3,"featured_media":3473,"comment_status":"closed","ping_status":"closed","sticky":false,"template":"","format":"standard","meta":{"_acf_changed":false,"_exactmetrics_skip_tracking":false,"_exactmetrics_sitenote_active":false,"_exactmetrics_sitenote_note":"","_exactmetrics_sitenote_category":0,"footnotes":""},"categories":[294],"tags":[155],"class_list":["post-3469","post","type-post","status-publish","format-standard","has-post-thumbnail","hentry","category-nr-10-lipiec-2015","tag-miejsko-powiatowa-biblioteka-publiczna-w-pszczynie"],"acf":[],"jetpack_featured_media_url":"https:\/\/slaskipegaz.bs.katowice.pl\/wp-content\/uploads\/2015\/06\/IMG_2792.jpg","_links":{"self":[{"href":"https:\/\/slaskipegaz.bs.katowice.pl\/index.php?rest_route=\/wp\/v2\/posts\/3469","targetHints":{"allow":["GET"]}}],"collection":[{"href":"https:\/\/slaskipegaz.bs.katowice.pl\/index.php?rest_route=\/wp\/v2\/posts"}],"about":[{"href":"https:\/\/slaskipegaz.bs.katowice.pl\/index.php?rest_route=\/wp\/v2\/types\/post"}],"author":[{"embeddable":true,"href":"https:\/\/slaskipegaz.bs.katowice.pl\/index.php?rest_route=\/wp\/v2\/users\/3"}],"replies":[{"embeddable":true,"href":"https:\/\/slaskipegaz.bs.katowice.pl\/index.php?rest_route=%2Fwp%2Fv2%2Fcomments&post=3469"}],"version-history":[{"count":2,"href":"https:\/\/slaskipegaz.bs.katowice.pl\/index.php?rest_route=\/wp\/v2\/posts\/3469\/revisions"}],"predecessor-version":[{"id":3475,"href":"https:\/\/slaskipegaz.bs.katowice.pl\/index.php?rest_route=\/wp\/v2\/posts\/3469\/revisions\/3475"}],"wp:featuredmedia":[{"embeddable":true,"href":"https:\/\/slaskipegaz.bs.katowice.pl\/index.php?rest_route=\/wp\/v2\/media\/3473"}],"wp:attachment":[{"href":"https:\/\/slaskipegaz.bs.katowice.pl\/index.php?rest_route=%2Fwp%2Fv2%2Fmedia&parent=3469"}],"wp:term":[{"taxonomy":"category","embeddable":true,"href":"https:\/\/slaskipegaz.bs.katowice.pl\/index.php?rest_route=%2Fwp%2Fv2%2Fcategories&post=3469"},{"taxonomy":"post_tag","embeddable":true,"href":"https:\/\/slaskipegaz.bs.katowice.pl\/index.php?rest_route=%2Fwp%2Fv2%2Ftags&post=3469"}],"curies":[{"name":"wp","href":"https:\/\/api.w.org\/{rel}","templated":true}]}}