{"id":4660,"date":"2015-10-01T13:26:08","date_gmt":"2015-10-01T11:26:08","guid":{"rendered":"http:\/\/slaskipegaz.bs.katowice.pl\/?p=4660"},"modified":"2015-10-01T13:26:08","modified_gmt":"2015-10-01T11:26:08","slug":"relacja-biblioteka-miejska-w-cieszynie-3","status":"publish","type":"post","link":"https:\/\/slaskipegaz.bs.katowice.pl\/?p=4660","title":{"rendered":"[Relacja] BIBLIOTEKA MIEJSKA W CIESZYNIE"},"content":{"rendered":"<h6 style=\"text-align: center;\" align=\"CENTER\">Narodowe Czytanie w cieszy\u0144skiej bibliotece<\/h6>\n<p align=\"JUSTIFY\"><a href=\"https:\/\/slaskipegaz.bs.katowice.pl\/wp-content\/uploads\/2015\/10\/DSCF2001.jpg\"><img loading=\"lazy\" decoding=\"async\" class=\" size-medium wp-image-4661 alignleft\" src=\"https:\/\/slaskipegaz.bs.katowice.pl\/wp-content\/uploads\/2015\/10\/DSCF2001-300x225.jpg\" alt=\"NARODOWE CZYTANIE\" width=\"300\" height=\"225\" srcset=\"https:\/\/slaskipegaz.bs.katowice.pl\/wp-content\/uploads\/2015\/10\/DSCF2001-300x225.jpg 300w, https:\/\/slaskipegaz.bs.katowice.pl\/wp-content\/uploads\/2015\/10\/DSCF2001.jpg 807w\" sizes=\"auto, (max-width: 300px) 100vw, 300px\" \/><\/a>5 wrze\u015bnia przed siedzib\u0105 Biblioteki Miejskiej w Cieszynie odby\u0142o si\u0119 Narodowe Czytanie \u201eLalki\u201e Boles\u0142awa Prusa pod patronatem Pary Prezydenckiej RP. Z romantycznymi i realistycznymi tekstami powie\u015bci ,,Lalka\u201d zmierzyli si\u0119: Ryszard Macura \u2013 Burmistrz Cieszyna, Maria Cie\u015blar \u2013 Wicestarosta Cieszy\u0144ski, Aleksandra Trybu\u015b \u2013 Pos\u0142anka na Sejm RP, Janusz Dziedzic \u2013 Cz\u0142onek Zarz\u0105du, Andrzej Bacza \u2013 Przewodnicz\u0105cy Rady Powiatu, Krzysztof Kasztura &#8211; Przewodnicz\u0105cy Rady Miejskiej, Remigiusz Jankowski \u2013 Przewodnicz\u0105cy Komisji O\u015bwiaty, Kultury i Sportu, inni radni Rady Powiatu i Miasta, przedstawiciele cieszy\u0144skich stowarzysze\u0144 i instytucji kultury oraz mieszka\u0144cy naszego miasta. <!--more--><\/p>\n<p>Skupienie widowni s\u0142uchaj\u0105cej o losach Stanis\u0142awa Wokulskiego, Izabeli \u0141\u0119ckiej \u015bwiadczy\u0142o, i\u017c przekaz s\u0142owa by\u0142 ciekawy. Wsp\u00f3lne czytanie u\u015bwietni\u0142y: wyst\u0119p aktor\u00f3w Sceny Polskiej Teatru w Czeskim Cieszynie, warsztaty plastyczne, taneczne oraz konkursy wiedzy, podczas kt\u00f3rych mo\u017cna by\u0142o wygra\u0107 ksi\u0105\u017cki lub audiobooki z dzie\u0142ami B. Prusa. Najwi\u0119kszym jednak powodzeniem cieszy\u0142y si\u0119 warsztaty plastyczne z najm\u0142odszymi uczestnikami imprezy, podczas kt\u00f3rych powstawa\u0142y cudowne lalki i teatrzyki. Uczestnicy imprezy mogli r\u00f3wnie\u017c podziwia\u0107 w witrynach Biblioteki wspania\u0142\u0105 wystaw\u0119 pt. \u201eSklep z towarami kolonialnymi S. Wokulskiego\u201d, przygotowan\u0105 na okoliczno\u015b\u0107 akcji Narodowe Czytanie.<\/p>\n<p>Wszyscy uczestnicy czytelniczej imprezy mogli liczy\u0107 na pami\u0105tkow\u0105 piecz\u0119\u0107, kt\u00f3r\u0105 specjalnie z okazji Narodowego Czytania przes\u0142ano do cieszy\u0144skiej Biblioteki z Kancelarii Prezydenta RP.<\/p>\n<p align=\"JUSTIFY\">Happening czytelniczy to jedna z trzech imprez zaplanowanych w ramach akcji Narodowe Czytanie w Cieszynie, kt\u00f3ra uzyska\u0142a dofinansowanie z Narodowego Centrum Kultury.<\/p>\n<p align=\"JUSTIFY\">4 wrze\u015bnia odby\u0142o si\u0119 spotkanie z Leszkiem Mazanem i Mieczys\u0142awem Czum\u0105 po\u0142\u0105czone z koncertem wiede\u0144skiej muzyki salonowej w wykonaniu grupy Amadeus Trio. Natomiast w sobotnie popo\u0142udnie mieszka\u0144cy Cieszyna wzi\u0119li udzia\u0142 w otwartej konferencji pt. \u201eAustriackie czasy na \u015al\u0105sku Cieszy\u0144skim \u2013 historia, kultura i polityka drugiej po\u0142owy XIX wieku\u201d.<\/p>\n<p>Narodowe Czytanie w Cieszynie odby\u0142o si\u0119 po raz trzeci. Jego g\u0142\u00f3wn\u0105 ide\u0105 by\u0142o, jak zwykle upowszechnianie czytelnictwa, ale r\u00f3wnie\u017c zwr\u00f3cenie uwagi na bogactwo literatury polskiej i pi\u0119kno j\u0119zyka polskiego, poprzez odwo\u0142anie si\u0119 do tych lektur, kt\u00f3re od lat kszta\u0142towa\u0142y nasze poczucie to\u017csamo\u015bci narodowej.<\/p>\n<p align=\"JUSTIFY\"><a href=\"https:\/\/slaskipegaz.bs.katowice.pl\/wp-content\/uploads\/2015\/10\/DSCF2074.jpg\"><img loading=\"lazy\" decoding=\"async\" class=\"aligncenter size-medium wp-image-4662\" src=\"https:\/\/slaskipegaz.bs.katowice.pl\/wp-content\/uploads\/2015\/10\/DSCF2074-300x225.jpg\" alt=\"zajecia\" width=\"300\" height=\"225\" srcset=\"https:\/\/slaskipegaz.bs.katowice.pl\/wp-content\/uploads\/2015\/10\/DSCF2074-300x225.jpg 300w, https:\/\/slaskipegaz.bs.katowice.pl\/wp-content\/uploads\/2015\/10\/DSCF2074.jpg 692w\" sizes=\"auto, (max-width: 300px) 100vw, 300px\" \/><\/a><a href=\"https:\/\/slaskipegaz.bs.katowice.pl\/wp-content\/uploads\/2015\/10\/DSCF2101.jpg\"><img loading=\"lazy\" decoding=\"async\" class=\"aligncenter size-medium wp-image-4663\" src=\"https:\/\/slaskipegaz.bs.katowice.pl\/wp-content\/uploads\/2015\/10\/DSCF2101-300x225.jpg\" alt=\"widzowie\" width=\"300\" height=\"225\" srcset=\"https:\/\/slaskipegaz.bs.katowice.pl\/wp-content\/uploads\/2015\/10\/DSCF2101-300x225.jpg 300w, https:\/\/slaskipegaz.bs.katowice.pl\/wp-content\/uploads\/2015\/10\/DSCF2101.jpg 922w\" sizes=\"auto, (max-width: 300px) 100vw, 300px\" \/><\/a>Nades\u0142a\u0142a: Biblioteka Miejska w Cieszynie<\/p>\n","protected":false},"excerpt":{"rendered":"<p>Narodowe Czytanie w cieszy\u0144skiej bibliotece 5 wrze\u015bnia przed siedzib\u0105 Biblioteki Miejskiej w Cieszynie odby\u0142o si\u0119 Narodowe Czytanie \u201eLalki\u201e Boles\u0142awa Prusa pod patronatem Pary Prezydenckiej RP. Z romantycznymi i realistycznymi tekstami powie\u015bci ,,Lalka\u201d zmierzyli si\u0119: Ryszard Macura \u2013 Burmistrz Cieszyna, Maria Cie\u015blar \u2013 Wicestarosta Cieszy\u0144ski, Aleksandra Trybu\u015b \u2013 Pos\u0142anka na Sejm RP, Janusz Dziedzic \u2013 Cz\u0142onek &hellip; <a href=\"https:\/\/slaskipegaz.bs.katowice.pl\/?p=4660\" class=\"more-link\">Czytaj dalej <span class=\"screen-reader-text\">[Relacja] BIBLIOTEKA MIEJSKA W CIESZYNIE<\/span> <span class=\"meta-nav\">&rarr;<\/span><\/a><\/p>\n","protected":false},"author":3,"featured_media":4661,"comment_status":"closed","ping_status":"closed","sticky":false,"template":"","format":"standard","meta":{"_acf_changed":false,"_exactmetrics_skip_tracking":false,"_exactmetrics_sitenote_active":false,"_exactmetrics_sitenote_note":"","_exactmetrics_sitenote_category":0,"footnotes":""},"categories":[338],"tags":[237,322],"class_list":["post-4660","post","type-post","status-publish","format-standard","has-post-thumbnail","hentry","category-nr-13-pazdziernik-2015","tag-biblioteka-miejska-w-cieszynie","tag-narodowe-czytanie-2015"],"acf":[],"jetpack_featured_media_url":"https:\/\/slaskipegaz.bs.katowice.pl\/wp-content\/uploads\/2015\/10\/DSCF2001.jpg","_links":{"self":[{"href":"https:\/\/slaskipegaz.bs.katowice.pl\/index.php?rest_route=\/wp\/v2\/posts\/4660","targetHints":{"allow":["GET"]}}],"collection":[{"href":"https:\/\/slaskipegaz.bs.katowice.pl\/index.php?rest_route=\/wp\/v2\/posts"}],"about":[{"href":"https:\/\/slaskipegaz.bs.katowice.pl\/index.php?rest_route=\/wp\/v2\/types\/post"}],"author":[{"embeddable":true,"href":"https:\/\/slaskipegaz.bs.katowice.pl\/index.php?rest_route=\/wp\/v2\/users\/3"}],"replies":[{"embeddable":true,"href":"https:\/\/slaskipegaz.bs.katowice.pl\/index.php?rest_route=%2Fwp%2Fv2%2Fcomments&post=4660"}],"version-history":[{"count":1,"href":"https:\/\/slaskipegaz.bs.katowice.pl\/index.php?rest_route=\/wp\/v2\/posts\/4660\/revisions"}],"predecessor-version":[{"id":4664,"href":"https:\/\/slaskipegaz.bs.katowice.pl\/index.php?rest_route=\/wp\/v2\/posts\/4660\/revisions\/4664"}],"wp:featuredmedia":[{"embeddable":true,"href":"https:\/\/slaskipegaz.bs.katowice.pl\/index.php?rest_route=\/wp\/v2\/media\/4661"}],"wp:attachment":[{"href":"https:\/\/slaskipegaz.bs.katowice.pl\/index.php?rest_route=%2Fwp%2Fv2%2Fmedia&parent=4660"}],"wp:term":[{"taxonomy":"category","embeddable":true,"href":"https:\/\/slaskipegaz.bs.katowice.pl\/index.php?rest_route=%2Fwp%2Fv2%2Fcategories&post=4660"},{"taxonomy":"post_tag","embeddable":true,"href":"https:\/\/slaskipegaz.bs.katowice.pl\/index.php?rest_route=%2Fwp%2Fv2%2Ftags&post=4660"}],"curies":[{"name":"wp","href":"https:\/\/api.w.org\/{rel}","templated":true}]}}