{"id":6172,"date":"2016-02-11T10:16:56","date_gmt":"2016-02-11T09:16:56","guid":{"rendered":"http:\/\/slaskipegaz.bs.katowice.pl\/?p=6172"},"modified":"2016-02-11T10:16:56","modified_gmt":"2016-02-11T09:16:56","slug":"relacja-miejska-i-powiatowa-biblioteka-publiczna-w-raciborzu-93","status":"publish","type":"post","link":"https:\/\/slaskipegaz.bs.katowice.pl\/?p=6172","title":{"rendered":"[Relacja] MIEJSKA I POWIATOWA BIBLIOTEKA PUBLICZNA W RACIBORZU"},"content":{"rendered":"<h6 style=\"text-align: center;\">Raciborzanie wybrali Ksi\u0105\u017ck\u0119 Roku 2015<\/h6>\n<p><a href=\"https:\/\/slaskipegaz.bs.katowice.pl\/wp-content\/uploads\/2016\/02\/Malarz.jpg\" rel=\"attachment wp-att-6173\"><img loading=\"lazy\" decoding=\"async\" class=\"size-medium wp-image-6173 alignleft\" src=\"https:\/\/slaskipegaz.bs.katowice.pl\/wp-content\/uploads\/2016\/02\/Malarz-209x300.jpg\" alt=\"plakat\" width=\"209\" height=\"300\" srcset=\"https:\/\/slaskipegaz.bs.katowice.pl\/wp-content\/uploads\/2016\/02\/Malarz-209x300.jpg 209w, https:\/\/slaskipegaz.bs.katowice.pl\/wp-content\/uploads\/2016\/02\/Malarz-768x1102.jpg 768w, https:\/\/slaskipegaz.bs.katowice.pl\/wp-content\/uploads\/2016\/02\/Malarz-713x1024.jpg 713w, https:\/\/slaskipegaz.bs.katowice.pl\/wp-content\/uploads\/2016\/02\/Malarz.jpg 836w\" sizes=\"auto, (max-width: 209px) 100vw, 209px\" \/><\/a>Dobieg\u0142 ko\u0144ca zorganizowany przez raciborsk\u0105 bibliotek\u0119 Plebiscyt na Ksi\u0105\u017ck\u0119 Roku 2015! Najwi\u0119cej g\u0142os\u00f3w otrzyma\u0142a debiutancka powie\u015b\u0107 raciborzanina Przemys\u0142awa Wilczy\u0144skiego <em>Malarz ob\u0142\u0119du<\/em> \u2013 thriller psychologiczny z Raciborzem w tle.<!--more--><\/p>\n<p>&#8211; Nasi czytelnicy od pocz\u0105tku stycznia zg\u0142aszali swoje propozycje ksi\u0105\u017cek wydanych w 2015 roku. Otrzymali\u015bmy ich prawie 100, jednak nie wszystkie, zgodnie z regulaminem, kwalifikowa\u0142y si\u0119 do dalszego etapu \u2013 m\u00f3wi Ma\u0142gorzata Szczygielska, dyrektor MiPBP.<\/p>\n<p>W drugim etapie raciborzanie za po\u015brednictwem Facebooka lub bezpo\u015brednio w bibliotece g\u0142osowali na jedn\u0105 z pi\u0119\u0107dziesi\u0119ciu pozycji. W\u015br\u00f3d zg\u0142oszonych ksi\u0105\u017cek znalaz\u0142y si\u0119 zar\u00f3wno powie\u015bci obyczajowe, krymina\u0142y, ksi\u0105\u017cki popularnonaukowe czy fantastyka. Na kolejnych miejscach po <em>Malarzu ob\u0142\u0119du<\/em> uplasowa\u0142y si\u0119 ksi\u0105\u017cki <em>Co nas nie zabije<\/em> D. Lagercrantza, <em>Dotknij Boga<\/em> P. \u015awi\u0105tka, <em>Oddech<\/em> M. Jaruzelskiej i <em>Gra cieni<\/em> Ch. Link.<\/p>\n<p>&#8211; Dzi\u0119kujemy za wszystkie zg\u0142oszone propozycje i du\u017ce zainteresowanie Plebiscytem. Zapraszamy do wypo\u017cyczania ksi\u0105\u017cek w bibliotece i udzia\u0142u w kolejnej edycji konkursu, ju\u017c za rok \u2013 ko\u0144czy dyrektor MiPBP.<\/p>\n<p>Zwyci\u0119zcy Plebiscytu, wy\u0142onieni w drodze losowania, ju\u017c w najbli\u017cszy pi\u0105tek o godz. 16.00 odbior\u0105 w bibliotece przy ul. Kasprowicza 12 nagrody ksi\u0105\u017ckowe.<\/p>\n","protected":false},"excerpt":{"rendered":"<p>Raciborzanie wybrali Ksi\u0105\u017ck\u0119 Roku 2015 Dobieg\u0142 ko\u0144ca zorganizowany przez raciborsk\u0105 bibliotek\u0119 Plebiscyt na Ksi\u0105\u017ck\u0119 Roku 2015! Najwi\u0119cej g\u0142os\u00f3w otrzyma\u0142a debiutancka powie\u015b\u0107 raciborzanina Przemys\u0142awa Wilczy\u0144skiego Malarz ob\u0142\u0119du \u2013 thriller psychologiczny z Raciborzem w tle.<\/p>\n","protected":false},"author":3,"featured_media":6173,"comment_status":"closed","ping_status":"closed","sticky":false,"template":"","format":"standard","meta":{"_acf_changed":false,"_exactmetrics_skip_tracking":false,"_exactmetrics_sitenote_active":false,"_exactmetrics_sitenote_note":"","_exactmetrics_sitenote_category":0,"footnotes":""},"categories":[6,558],"tags":[513,48],"class_list":["post-6172","post","type-post","status-publish","format-standard","has-post-thumbnail","hentry","category-aktualnosci","category-nr-18-marzec-2016","tag-ksiazka-roku-2015","tag-miejska-i-powiatowa-biblioteka-publiczna-w-raciborzu"],"acf":[],"jetpack_featured_media_url":"https:\/\/slaskipegaz.bs.katowice.pl\/wp-content\/uploads\/2016\/02\/Malarz.jpg","_links":{"self":[{"href":"https:\/\/slaskipegaz.bs.katowice.pl\/index.php?rest_route=\/wp\/v2\/posts\/6172","targetHints":{"allow":["GET"]}}],"collection":[{"href":"https:\/\/slaskipegaz.bs.katowice.pl\/index.php?rest_route=\/wp\/v2\/posts"}],"about":[{"href":"https:\/\/slaskipegaz.bs.katowice.pl\/index.php?rest_route=\/wp\/v2\/types\/post"}],"author":[{"embeddable":true,"href":"https:\/\/slaskipegaz.bs.katowice.pl\/index.php?rest_route=\/wp\/v2\/users\/3"}],"replies":[{"embeddable":true,"href":"https:\/\/slaskipegaz.bs.katowice.pl\/index.php?rest_route=%2Fwp%2Fv2%2Fcomments&post=6172"}],"version-history":[{"count":1,"href":"https:\/\/slaskipegaz.bs.katowice.pl\/index.php?rest_route=\/wp\/v2\/posts\/6172\/revisions"}],"predecessor-version":[{"id":6174,"href":"https:\/\/slaskipegaz.bs.katowice.pl\/index.php?rest_route=\/wp\/v2\/posts\/6172\/revisions\/6174"}],"wp:featuredmedia":[{"embeddable":true,"href":"https:\/\/slaskipegaz.bs.katowice.pl\/index.php?rest_route=\/wp\/v2\/media\/6173"}],"wp:attachment":[{"href":"https:\/\/slaskipegaz.bs.katowice.pl\/index.php?rest_route=%2Fwp%2Fv2%2Fmedia&parent=6172"}],"wp:term":[{"taxonomy":"category","embeddable":true,"href":"https:\/\/slaskipegaz.bs.katowice.pl\/index.php?rest_route=%2Fwp%2Fv2%2Fcategories&post=6172"},{"taxonomy":"post_tag","embeddable":true,"href":"https:\/\/slaskipegaz.bs.katowice.pl\/index.php?rest_route=%2Fwp%2Fv2%2Ftags&post=6172"}],"curies":[{"name":"wp","href":"https:\/\/api.w.org\/{rel}","templated":true}]}}