{"id":6213,"date":"2016-02-16T10:06:07","date_gmt":"2016-02-16T09:06:07","guid":{"rendered":"http:\/\/slaskipegaz.bs.katowice.pl\/?p=6213"},"modified":"2016-02-16T10:06:07","modified_gmt":"2016-02-16T09:06:07","slug":"relacja-miejska-i-powiatowa-biblioteka-publiczna-w-raciborzu-97","status":"publish","type":"post","link":"https:\/\/slaskipegaz.bs.katowice.pl\/?p=6213","title":{"rendered":"[Relacja] MIEJSKA I POWIATOWA BIBLIOTEKA PUBLICZNA W RACIBORZU"},"content":{"rendered":"<h6 style=\"text-align: center;\">Poznaj \u201eTajemnic\u0119 pewnej s\u0105siadki\u201d w Akademii Detektyw\u00f3w<\/h6>\n<p><a href=\"https:\/\/slaskipegaz.bs.katowice.pl\/wp-content\/uploads\/2016\/02\/Plakat_Kapelusz.jpg\" rel=\"attachment wp-att-6214\"><img loading=\"lazy\" decoding=\"async\" class=\"size-medium wp-image-6214 alignleft\" src=\"https:\/\/slaskipegaz.bs.katowice.pl\/wp-content\/uploads\/2016\/02\/Plakat_Kapelusz-212x300.jpg\" alt=\"plakat\" width=\"212\" height=\"300\" srcset=\"https:\/\/slaskipegaz.bs.katowice.pl\/wp-content\/uploads\/2016\/02\/Plakat_Kapelusz-212x300.jpg 212w, https:\/\/slaskipegaz.bs.katowice.pl\/wp-content\/uploads\/2016\/02\/Plakat_Kapelusz-768x1086.jpg 768w, https:\/\/slaskipegaz.bs.katowice.pl\/wp-content\/uploads\/2016\/02\/Plakat_Kapelusz-724x1024.jpg 724w, https:\/\/slaskipegaz.bs.katowice.pl\/wp-content\/uploads\/2016\/02\/Plakat_Kapelusz.jpg 1754w\" sizes=\"auto, (max-width: 212px) 100vw, 212px\" \/><\/a>Raciborska biblioteka zaprasza 17 lutego 2016 r. wszystkich ma\u0142ych mi\u0142o\u015bnik\u00f3w krasnoludk\u00f3w, wr\u00f3\u017cek i innych magicznych stworze\u0144 na wyj\u0105tkowe spotkanie z Melani\u0105 Kapelusz &#8211; autork\u0105 ksi\u0105\u017cek dla dzieci (\u201eKinga i\u00a0co z niej wyro\u015bnie\u201d, \u201eKinga i\u00a0jak j\u0105 rozgry\u017a\u0107\u201d, \u201eKoty, czyli historie z pewnego podw\u00f3rka\u201d, \u201eKrasnoludki\u201d czy \u201eTajemnica pewnej s\u0105siadki\u201d) i pami\u0119tnika tytu\u0142owego bohatera magazynu \u201e\u015awierszczyk\u201d.<!--more--><\/p>\n<p>Melania Kapelusz to tajemnicza autorka z Krakowa, absolwentka prawa i studi\u00f3w literacko-artystycznych na Uniwersytecie Jagiello\u0144skim, o kt\u00f3rej mo\u017cemy przeczyta\u0107, \u017ce \u201episze bajki dla dzieci i ka\u017ce je czyta\u0107 doros\u0142ym; ma zielonego psa, kt\u00f3rego u\u017cywa jako poduszki pod g\u0142ow\u0119; nie umie \u015bpiewa\u0107, ale uwielbia ta\u0144czy\u0107 a z wszystkich rodzaj\u00f3w lod\u00f3w najbardziej lubi czekoladowe\u201d. Zapowiada si\u0119 bardzo ciekawe, pe\u0142ne dzieci\u0119cego humoru spotkanie!<\/p>\n<p><a href=\"https:\/\/slaskipegaz.bs.katowice.pl\/wp-content\/uploads\/2016\/02\/200909302158400.87873000d.jpg\" rel=\"attachment wp-att-6215\"><img loading=\"lazy\" decoding=\"async\" class=\"aligncenter size-medium wp-image-6215\" src=\"https:\/\/slaskipegaz.bs.katowice.pl\/wp-content\/uploads\/2016\/02\/200909302158400.87873000d-300x278.jpg\" alt=\"ksi\u0105\u017cka\" width=\"300\" height=\"278\" srcset=\"https:\/\/slaskipegaz.bs.katowice.pl\/wp-content\/uploads\/2016\/02\/200909302158400.87873000d-300x278.jpg 300w, https:\/\/slaskipegaz.bs.katowice.pl\/wp-content\/uploads\/2016\/02\/200909302158400.87873000d.jpg 518w\" sizes=\"auto, (max-width: 300px) 100vw, 300px\" \/><\/a><a href=\"https:\/\/slaskipegaz.bs.katowice.pl\/wp-content\/uploads\/2016\/02\/352x500.jpg\" rel=\"attachment wp-att-6216\"><img loading=\"lazy\" decoding=\"async\" class=\"aligncenter size-medium wp-image-6216\" src=\"https:\/\/slaskipegaz.bs.katowice.pl\/wp-content\/uploads\/2016\/02\/352x500-300x288.jpg\" alt=\"ksi\u0105\u017cka\" width=\"300\" height=\"288\" srcset=\"https:\/\/slaskipegaz.bs.katowice.pl\/wp-content\/uploads\/2016\/02\/352x500-300x288.jpg 300w, https:\/\/slaskipegaz.bs.katowice.pl\/wp-content\/uploads\/2016\/02\/352x500.jpg 352w\" sizes=\"auto, (max-width: 300px) 100vw, 300px\" \/><\/a>Melania Kapelusz odwiedzi bibliotek\u0119 w ramach Ferii z bibliotek\u0105 w \u015brod\u0119 17 lutego o godz. 11.00 w EURECE- Wypo\u017cyczalni dla Dzieci i M\u0142odzie\u017cy przy ul. Kasprowicza 12.<\/p>\n<p>&#8211; Przypominamy, \u017ce Akademia Detektyw\u00f3w b\u0119dzie dzia\u0142a\u0142a w trakcie ferii zimowych w dniach od 15 do 26 lutego. Zapraszamy codziennie, od poniedzia\u0142ku do pi\u0105tku w godz. 11.00-14.00 na bezp\u0142atne zaj\u0119cia animacyjne \u2013 informuje Ma\u0142gorzata Szczygielska, dyrektor biblioteki.<\/p>\n<p>Na m\u0142odszych i nieco starszych detektyw\u00f3w, w bibliotece czeka mn\u00f3stwo atrakcji m.in. warsztaty z rysownikiem Szymonem Telukiem, wycieczki do Zamku w Mosznej i do Opolskiego Teatru Lalki i Aktora, konwent mi\u0142o\u015bnik\u00f3w sesji RPG i gier planszowych<strong>, <\/strong>spektakl Teatru Edukacji i Profilaktyki Maska z Krakowa, Przyj\u0119cie na Baker Street 221b i wspomniane spotkanie autorskie z Melani\u0105 Kapelusz.<\/p>\n<p>Wi\u0119cej informacji w bibliotece oraz na <a href=\"http:\/\/www.biblrac.pl\">www.biblrac.pl<\/a>.<\/p>\n<p>Nades\u0142a\u0142a: Miejska i Powiatowa Biblioteka Publiczna w Raciborzu<\/p>\n","protected":false},"excerpt":{"rendered":"<p>Poznaj \u201eTajemnic\u0119 pewnej s\u0105siadki\u201d w Akademii Detektyw\u00f3w Raciborska biblioteka zaprasza 17 lutego 2016 r. wszystkich ma\u0142ych mi\u0142o\u015bnik\u00f3w krasnoludk\u00f3w, wr\u00f3\u017cek i innych magicznych stworze\u0144 na wyj\u0105tkowe spotkanie z Melani\u0105 Kapelusz &#8211; autork\u0105 ksi\u0105\u017cek dla dzieci (\u201eKinga i\u00a0co z niej wyro\u015bnie\u201d, \u201eKinga i\u00a0jak j\u0105 rozgry\u017a\u0107\u201d, \u201eKoty, czyli historie z pewnego podw\u00f3rka\u201d, \u201eKrasnoludki\u201d czy \u201eTajemnica pewnej s\u0105siadki\u201d) i &hellip; <a href=\"https:\/\/slaskipegaz.bs.katowice.pl\/?p=6213\" class=\"more-link\">Czytaj dalej <span class=\"screen-reader-text\">[Relacja] MIEJSKA I POWIATOWA BIBLIOTEKA PUBLICZNA W RACIBORZU<\/span> <span class=\"meta-nav\">&rarr;<\/span><\/a><\/p>\n","protected":false},"author":3,"featured_media":0,"comment_status":"closed","ping_status":"closed","sticky":false,"template":"","format":"standard","meta":{"_acf_changed":false,"_exactmetrics_skip_tracking":false,"_exactmetrics_sitenote_active":false,"_exactmetrics_sitenote_note":"","_exactmetrics_sitenote_category":0,"footnotes":""},"categories":[6],"tags":[576,48],"class_list":["post-6213","post","type-post","status-publish","format-standard","hentry","category-aktualnosci","tag-melania-kapelusz","tag-miejska-i-powiatowa-biblioteka-publiczna-w-raciborzu"],"acf":[],"jetpack_featured_media_url":"","_links":{"self":[{"href":"https:\/\/slaskipegaz.bs.katowice.pl\/index.php?rest_route=\/wp\/v2\/posts\/6213","targetHints":{"allow":["GET"]}}],"collection":[{"href":"https:\/\/slaskipegaz.bs.katowice.pl\/index.php?rest_route=\/wp\/v2\/posts"}],"about":[{"href":"https:\/\/slaskipegaz.bs.katowice.pl\/index.php?rest_route=\/wp\/v2\/types\/post"}],"author":[{"embeddable":true,"href":"https:\/\/slaskipegaz.bs.katowice.pl\/index.php?rest_route=\/wp\/v2\/users\/3"}],"replies":[{"embeddable":true,"href":"https:\/\/slaskipegaz.bs.katowice.pl\/index.php?rest_route=%2Fwp%2Fv2%2Fcomments&post=6213"}],"version-history":[{"count":1,"href":"https:\/\/slaskipegaz.bs.katowice.pl\/index.php?rest_route=\/wp\/v2\/posts\/6213\/revisions"}],"predecessor-version":[{"id":6217,"href":"https:\/\/slaskipegaz.bs.katowice.pl\/index.php?rest_route=\/wp\/v2\/posts\/6213\/revisions\/6217"}],"wp:attachment":[{"href":"https:\/\/slaskipegaz.bs.katowice.pl\/index.php?rest_route=%2Fwp%2Fv2%2Fmedia&parent=6213"}],"wp:term":[{"taxonomy":"category","embeddable":true,"href":"https:\/\/slaskipegaz.bs.katowice.pl\/index.php?rest_route=%2Fwp%2Fv2%2Fcategories&post=6213"},{"taxonomy":"post_tag","embeddable":true,"href":"https:\/\/slaskipegaz.bs.katowice.pl\/index.php?rest_route=%2Fwp%2Fv2%2Ftags&post=6213"}],"curies":[{"name":"wp","href":"https:\/\/api.w.org\/{rel}","templated":true}]}}