{"id":6352,"date":"2016-02-29T10:43:57","date_gmt":"2016-02-29T09:43:57","guid":{"rendered":"http:\/\/slaskipegaz.bs.katowice.pl\/?p=6352"},"modified":"2016-03-01T11:10:46","modified_gmt":"2016-03-01T10:10:46","slug":"relacja-miejsko-gminna-biblioteka-publiczna-w-siewierzu-filia-w-zelislawicach-3","status":"publish","type":"post","link":"https:\/\/slaskipegaz.bs.katowice.pl\/?p=6352","title":{"rendered":"[Relacja] MIEJSKO-GMINNA BIBLIOTEKA PUBLICZNA W SIEWIERZU, FILIA W \u017bELIS\u0141AWICACH"},"content":{"rendered":"<h6 style=\"text-align: center;\">Co dzia\u0142o si\u0119 w filii bibliotecznej w \u017belis\u0142awicach?<\/h6>\n<p><a href=\"https:\/\/slaskipegaz.bs.katowice.pl\/wp-content\/uploads\/2016\/01\/ksiazki.png\" rel=\"attachment wp-att-5983\"><img loading=\"lazy\" decoding=\"async\" class=\"size-full wp-image-5983 alignleft\" src=\"https:\/\/slaskipegaz.bs.katowice.pl\/wp-content\/uploads\/2016\/01\/ksiazki.png\" alt=\"obrazek\" width=\"139\" height=\"130\" \/><\/a>Pocz\u0105tek roku to dobra okazja, by podsumowa\u0107 swoj\u0105 dzia\u0142alno\u015b\u0107. Filia biblioteczna w \u017belis\u0142awicach przez ca\u0142y rok t\u0119tni gwarem m\u0142odych czytelnik\u00f3w. <!--more-->Zacz\u0119\u0142o si\u0119 od ferii zimowych pt. \u201eCiekawe dlaczego\u201d. Celem zaj\u0119\u0107 by\u0142o zagospodarowanie wolnego czasu naszym m\u0142odym czytelnikom, zach\u0119cenie ich do czytania oraz zorganizowanie dobrej zabawy. Chcieli\u015bmy, \u017ceby dzieciaki zainteresowa\u0142y si\u0119 s\u0142owem pisanym, a poprzez to otaczaj\u0105cym ich \u015bwiatem, aby poprzez zabaw\u0119 rozwija\u0142y wyobra\u017ani\u0119, umiej\u0119tno\u015b\u0107 wsp\u00f3\u0142dzia\u0142ania w grupie oraz sprawno\u015bci manualne. Podczas ferii w \u017belis\u0142awicach m\u0142odzi czytelnicy mieli mo\u017cliwo\u015b\u0107 udzia\u0142u w spotkaniu pt. \u201dW trosce o dzik\u0105 zwierzyn\u0119\u201d. Zosta\u0142o ono poprowadzone przez panie z Nadle\u015bnictwa Siewierz, kt\u00f3re opowiada\u0142y o \u017cyciu le\u015bnych zwierz\u0105t i radzi\u0142y jak powinno si\u0119 im pomaga\u0107 w zimie.<\/p>\n<p><a href=\"https:\/\/slaskipegaz.bs.katowice.pl\/wp-content\/uploads\/2016\/02\/IMG_1373.jpg\" rel=\"attachment wp-att-6445\"><img loading=\"lazy\" decoding=\"async\" class=\"aligncenter size-medium wp-image-6445\" src=\"https:\/\/slaskipegaz.bs.katowice.pl\/wp-content\/uploads\/2016\/02\/IMG_1373-300x225.jpg\" alt=\"zaj\u0119cia\" width=\"300\" height=\"225\" srcset=\"https:\/\/slaskipegaz.bs.katowice.pl\/wp-content\/uploads\/2016\/02\/IMG_1373-300x225.jpg 300w, https:\/\/slaskipegaz.bs.katowice.pl\/wp-content\/uploads\/2016\/02\/IMG_1373-768x576.jpg 768w, https:\/\/slaskipegaz.bs.katowice.pl\/wp-content\/uploads\/2016\/02\/IMG_1373-1024x768.jpg 1024w\" sizes=\"auto, (max-width: 300px) 100vw, 300px\" \/><\/a><\/p>\n<p>W programie biblioferii by\u0142o r\u00f3wnie\u017c g\u0142o\u015bne czytanie, warsztaty plastyczne, literackie, gry i zabawy ruchowe.<\/p>\n<p>Kolejnym wydarzeniem maj\u0105cym ju\u017c swoj\u0105 tradycj\u0119 by\u0142y bibliowakacje. Najm\u0142odsi bawi\u0105c i ucz\u0105c przekonali si\u0119, \u017ce zaj\u0119cia wakacyjne w bibliotece mog\u0105 by\u0107 bardzo interesuj\u0105ce<em>.<\/em> Tematem przewodnim zaj\u0119\u0107 by\u0142o: Zachowaj Trze\u017awy Umys\u0142 \u2013 Grajmy w jednej dru\u017cynie. Celem przedsi\u0119wzi\u0119cia by\u0142a promocja zdrowego i bezpiecznego stylu \u017cycia, z dala od u\u017cywek oraz integracja i upowszechnianie szeroko poj\u0119tej profilaktyki. Zaproszeni go\u015bcie zwr\u00f3cili uwag\u0119, \u017ce narkotyki, papierosy, dopalacze s\u0105 nie dla tych, kt\u00f3rzy chc\u0105 uprawia\u0107 sport, chc\u0105 by\u0107 zdrowi. Om\u00f3wione zosta\u0142y zasady bezpiecznego zachowania nad wod\u0105. Przypomniano tak\u017ce o bezpiecze\u0144stwie na drodze oraz ostrzegano przed na\u0142ogami.<\/p>\n<p><a href=\"https:\/\/slaskipegaz.bs.katowice.pl\/wp-content\/uploads\/2016\/02\/IMG_1540.jpg\" rel=\"attachment wp-att-6448\"><img loading=\"lazy\" decoding=\"async\" class=\"aligncenter size-medium wp-image-6448\" src=\"https:\/\/slaskipegaz.bs.katowice.pl\/wp-content\/uploads\/2016\/02\/IMG_1540-300x225.jpg\" alt=\"w\u00f3z stra\u017cacki\" width=\"300\" height=\"225\" srcset=\"https:\/\/slaskipegaz.bs.katowice.pl\/wp-content\/uploads\/2016\/02\/IMG_1540-300x225.jpg 300w, https:\/\/slaskipegaz.bs.katowice.pl\/wp-content\/uploads\/2016\/02\/IMG_1540-768x576.jpg 768w, https:\/\/slaskipegaz.bs.katowice.pl\/wp-content\/uploads\/2016\/02\/IMG_1540-1024x768.jpg 1024w\" sizes=\"auto, (max-width: 300px) 100vw, 300px\" \/><\/a><\/p>\n<p>Dzieciom i m\u0142odzie\u017cy zosta\u0142a przekazana wiedza dotycz\u0105ca zagro\u017ce\u0144 zwi\u0105zanych ze spo\u017cywaniem substancji psychoaktywnych, jak papierosy, alkohol, narkotyki, dopalacze. Uczestnicy mogli mi\u0142o sp\u0119dza\u0107 czas, a przy okazji uczy\u0107 si\u0119 asertywno\u015bci, rozwija\u0107 swoje zainteresowania i pasje. Brali udzia\u0142 w r\u00f3\u017cnych zaj\u0119ciach i pogadankach profilaktycznych maj\u0105cych na celu u\u015bwiadomienie, \u017ce sp\u0119dzanie czasu wolnego w ciekawy spos\u00f3b mo\u017ce by\u0107 najlepsz\u0105 alternatyw\u0105 dla zachowa\u0144 ryzykownych.<\/p>\n<p>Przypadaj\u0105ca w tym czasie 70 rocznica wydania \u201dPippi Po\u0144czoszanki\u201d sta\u0142a si\u0119 doskona\u0142\u0105 okazj\u0105 do przypomnienia sobie o tej niezwykle barwnej postaci. Dzieci wykorzystuj\u0105c surowce wt\u00f3rne stworzy\u0142y posta\u0107 Pippi, kt\u00f3ra na sta\u0142e zadomowi\u0142a si\u0119 w bibliotece w\u015br\u00f3d ksi\u0119gozbioru i kt\u00f3r\u0105 mo\u017cna zobaczy\u0107 w siedzibie filii. Rekreacyjne i zdrowe wakacyjne \u015brody by\u0142y wype\u0142nione grami i zabawami ruchowymi.<\/p>\n<p>Miejsko-Gminna Biblioteka Publiczna w Siewierzu wraz z filiami w Brudzowicach, Wojkowicach Ko\u015bcielnych i \u017belis\u0142awicach wzi\u0119\u0142a r\u00f3wnie\u017c udzia\u0142 w projekcie \u201eCzytam sobie w bibliotece\u201d. Celem tego projektu by\u0142a promocja czytelnictwa w\u015br\u00f3d najm\u0142odszych czytelnik\u00f3w. Biblioteka otrzyma\u0142a komplet ksi\u0105\u017cek z serii \u201eCzytam sobie\u201d oraz scenariusze do zaj\u0119\u0107 i materia\u0142y promocyjne. Na podstawie tych materia\u0142\u00f3w przeprowadzone zosta\u0142y warsztaty, na kt\u00f3rych dzieci w kreatywny spos\u00f3b zinterpretowa\u0142y literatur\u0119.<\/p>\n<p>Lekcje jakie odby\u0142y si\u0119 w ramach warsztat\u00f3w w \u017belis\u0142awicach to:<\/p>\n<p>\u201eMaja na tropie jaja\u201d &#8211; dzieci wykazywa\u0142y si\u0119 swoj\u0105 pomys\u0142owo\u015bci\u0105 i zaanga\u017cowaniem w pakowaniu walizki, pozna\u0142y \u015brodki jakimi poruszaj\u0105 si\u0119 ludzie na \u015bwiecie rozwi\u0105zywa\u0142y wiele zagadek zwi\u0105zanych z ksi\u0105\u017ck\u0105. Dzieci by\u0142y bardzo kreatywne i zaanga\u017cowane oraz \u201eSyrop maga Abrakabry\u201d podczas tych warsztat\u00f3w dzieci bawi\u0142y si\u0119 w mag\u00f3w, wypowiada\u0142y i uk\u0142ada\u0142y zakl\u0119cia. Podpisywa\u0142y rysunki dotycz\u0105ce fragment\u00f3w ksi\u0105\u017cki. Wys\u0142ucha\u0142y muzyki arabskiej. Warsztaty odbywa\u0142y si\u0119 w dw\u00f3ch grupach wiekowych II i III klasy szko\u0142y podstawowej. Dzieci zdoby\u0142y i rozwin\u0119\u0142y nowe umiej\u0119tno\u015bci, a przede wszystkim zacz\u0119\u0142y kojarzy\u0107 czytanie z przyjemno\u015bci\u0105. Przy okazji obchod\u00f3w Dnia Pluszowego Misia odby\u0142o si\u0119 kilka spotka\u0144 z przedszkolakami.<\/p>\n<p>Lekcje mia\u0142y na celu pokazanie dzieciom kim tak naprawd\u0119 jest pluszowy mi\u015b. Maluchy wys\u0142ucha\u0142y historii powstania znanej wszystkim maskotki. Na spotkaniu zaprezentowano najbardziej znane sylwetki misi\u00f3w m.in.: Uszatka, Puchatka, Coralgola, Paddingtona, Gumisi\u00f3w, Troskliwych Misi\u00f3w jak i wielu innych. Po prezentacji misi\u00f3w ka\u017cde z dzieci mia\u0142o mo\u017cliwo\u015b\u0107 opowiedzenia o swoim pluszaku. Przedszkolaki ch\u0119tnie opowiada\u0142y jak ich misie maj\u0105 na imi\u0119 i jak si\u0119 u nich znalaz\u0142y. Potem rozmawiali\u015bmy na temat tego co z misiami mo\u017cna robi\u0107. Dzieci zgodnie stwierdzi\u0142y, \u017ce misie to ich najlepsi przyjaciele. Dzieci pos\u0142ucha\u0142y ksi\u0105\u017cki Czes\u0142awa Janczarskiego pod tytu\u0142em &#8222;Przygody i w\u0119dr\u00f3wki Misia Uszatka&#8221;. Maluchom bardzo podoba\u0142y si\u0119 przygody misia. Nast\u0119pnie wys\u0142ucha\u0142y informacji o \u017cyciu i zwyczajach prawdziwych nied\u017awiedzi. Odpowiada\u0142y na zadane pytania. Uk\u0142ada\u0142y z puzzli obrazki misi\u00f3w. Dzieci dosta\u0142y r\u00f3wnie\u017c obrazki z postaciami misi\u00f3w, kt\u00f3re przepi\u0119knie pomalowa\u0142y. Obrazki te s\u0105 wywieszone w bibliotece. Na zako\u0144czenie kosztowali\u015bmy przysmaku misi\u00f3w czyli miodu. Wszystkim spotkaniom towarzyszy\u0142y wystawki okoliczno\u015bciowe i zwi\u0105zane z tematem lekcji.<\/p>\n<p>Ch\u0119tnych dzieci do udzia\u0142u w zaj\u0119ciach nie brakowa\u0142o. Cieszymy si\u0119, \u017ce m\u0142odzi ludzie mogli zapisa\u0107 w swej pami\u0119ci bibliotek\u0119 jako miejsce ciekawe i atrakcyjne, w kt\u00f3rym mo\u017cna zdobywa\u0107 wiedz\u0119 i fajnie sp\u0119dza\u0107 czas.<\/p>\n<p><a href=\"https:\/\/slaskipegaz.bs.katowice.pl\/wp-content\/uploads\/2016\/02\/IMG_1666.jpg\" rel=\"attachment wp-att-6449\"><img loading=\"lazy\" decoding=\"async\" class=\"aligncenter size-medium wp-image-6449\" src=\"https:\/\/slaskipegaz.bs.katowice.pl\/wp-content\/uploads\/2016\/02\/IMG_1666-300x225.jpg\" alt=\"zaj\u0119cia\" width=\"300\" height=\"225\" srcset=\"https:\/\/slaskipegaz.bs.katowice.pl\/wp-content\/uploads\/2016\/02\/IMG_1666-300x225.jpg 300w, https:\/\/slaskipegaz.bs.katowice.pl\/wp-content\/uploads\/2016\/02\/IMG_1666-768x576.jpg 768w, https:\/\/slaskipegaz.bs.katowice.pl\/wp-content\/uploads\/2016\/02\/IMG_1666-1024x768.jpg 1024w\" sizes=\"auto, (max-width: 300px) 100vw, 300px\" \/><\/a><\/p>\n<p>Nades\u0142a\u0142a: Madejska Justyna, filia biblioteczna w \u017belis\u0142awicach\u00a0Miejsko-Gminnej Biblioteki Publicznej w Siewierzu<\/p>\n<p>&nbsp;<\/p>\n","protected":false},"excerpt":{"rendered":"<p>Co dzia\u0142o si\u0119 w filii bibliotecznej w \u017belis\u0142awicach? Pocz\u0105tek roku to dobra okazja, by podsumowa\u0107 swoj\u0105 dzia\u0142alno\u015b\u0107. Filia biblioteczna w \u017belis\u0142awicach przez ca\u0142y rok t\u0119tni gwarem m\u0142odych czytelnik\u00f3w.<\/p>\n","protected":false},"author":3,"featured_media":5983,"comment_status":"closed","ping_status":"closed","sticky":false,"template":"","format":"standard","meta":{"_acf_changed":false,"_exactmetrics_skip_tracking":false,"_exactmetrics_sitenote_active":false,"_exactmetrics_sitenote_note":"","_exactmetrics_sitenote_category":0,"footnotes":""},"categories":[558],"tags":[184,67,304],"class_list":["post-6352","post","type-post","status-publish","format-standard","has-post-thumbnail","hentry","category-nr-18-marzec-2016","tag-ferie-z-biblioteka","tag-miejsko-gminna-biblioteka-publiczna-w-siewierzu","tag-wakacje-w-bibliotece"],"acf":[],"jetpack_featured_media_url":"https:\/\/slaskipegaz.bs.katowice.pl\/wp-content\/uploads\/2016\/01\/ksiazki.png","_links":{"self":[{"href":"https:\/\/slaskipegaz.bs.katowice.pl\/index.php?rest_route=\/wp\/v2\/posts\/6352","targetHints":{"allow":["GET"]}}],"collection":[{"href":"https:\/\/slaskipegaz.bs.katowice.pl\/index.php?rest_route=\/wp\/v2\/posts"}],"about":[{"href":"https:\/\/slaskipegaz.bs.katowice.pl\/index.php?rest_route=\/wp\/v2\/types\/post"}],"author":[{"embeddable":true,"href":"https:\/\/slaskipegaz.bs.katowice.pl\/index.php?rest_route=\/wp\/v2\/users\/3"}],"replies":[{"embeddable":true,"href":"https:\/\/slaskipegaz.bs.katowice.pl\/index.php?rest_route=%2Fwp%2Fv2%2Fcomments&post=6352"}],"version-history":[{"count":4,"href":"https:\/\/slaskipegaz.bs.katowice.pl\/index.php?rest_route=\/wp\/v2\/posts\/6352\/revisions"}],"predecessor-version":[{"id":6450,"href":"https:\/\/slaskipegaz.bs.katowice.pl\/index.php?rest_route=\/wp\/v2\/posts\/6352\/revisions\/6450"}],"wp:featuredmedia":[{"embeddable":true,"href":"https:\/\/slaskipegaz.bs.katowice.pl\/index.php?rest_route=\/wp\/v2\/media\/5983"}],"wp:attachment":[{"href":"https:\/\/slaskipegaz.bs.katowice.pl\/index.php?rest_route=%2Fwp%2Fv2%2Fmedia&parent=6352"}],"wp:term":[{"taxonomy":"category","embeddable":true,"href":"https:\/\/slaskipegaz.bs.katowice.pl\/index.php?rest_route=%2Fwp%2Fv2%2Fcategories&post=6352"},{"taxonomy":"post_tag","embeddable":true,"href":"https:\/\/slaskipegaz.bs.katowice.pl\/index.php?rest_route=%2Fwp%2Fv2%2Ftags&post=6352"}],"curies":[{"name":"wp","href":"https:\/\/api.w.org\/{rel}","templated":true}]}}