{"id":6396,"date":"2016-03-01T09:45:12","date_gmt":"2016-03-01T08:45:12","guid":{"rendered":"http:\/\/slaskipegaz.bs.katowice.pl\/?p=6396"},"modified":"2016-03-01T10:02:01","modified_gmt":"2016-03-01T09:02:01","slug":"relacja-miejska-biblioteka-publiczna-w-siemianowicach-slaskich-16","status":"publish","type":"post","link":"https:\/\/slaskipegaz.bs.katowice.pl\/?p=6396","title":{"rendered":"[Relacja] MIEJSKA BIBLIOTEKA PUBLICZNA W SIEMIANOWICACH \u015aL\u0104SKICH"},"content":{"rendered":"<p><a href=\"https:\/\/slaskipegaz.bs.katowice.pl\/wp-content\/uploads\/2016\/03\/wernisa\u017c-Pani-Prezydent-otwiera-wystaw\u0119.jpg\" rel=\"attachment wp-att-6398\"><img loading=\"lazy\" decoding=\"async\" class=\"alignleft size-medium wp-image-6398\" src=\"https:\/\/slaskipegaz.bs.katowice.pl\/wp-content\/uploads\/2016\/03\/wernisa\u017c-Pani-Prezydent-otwiera-wystaw\u0119-300x200.jpg\" alt=\"Wernisa\u017c - spotkanie w bibliotece \" width=\"300\" height=\"200\" srcset=\"https:\/\/slaskipegaz.bs.katowice.pl\/wp-content\/uploads\/2016\/03\/wernisa\u017c-Pani-Prezydent-otwiera-wystaw\u0119-300x200.jpg 300w, https:\/\/slaskipegaz.bs.katowice.pl\/wp-content\/uploads\/2016\/03\/wernisa\u017c-Pani-Prezydent-otwiera-wystaw\u0119-768x512.jpg 768w, https:\/\/slaskipegaz.bs.katowice.pl\/wp-content\/uploads\/2016\/03\/wernisa\u017c-Pani-Prezydent-otwiera-wystaw\u0119-1024x683.jpg 1024w\" sizes=\"auto, (max-width: 300px) 100vw, 300px\" \/><\/a><strong>Wernisa\u017c<\/strong><\/p>\n<p>11 lutego w Miejskiej Bibliotece Publicznej w Siemianowicach \u015al\u0105skich odby\u0142 si\u0119 wernisa\u017c wystawy rysunk\u00f3w, grafik i ilustracji Antoniego Halora, wybitnego siemianowiczanina. Wystawa zosta\u0142a przygotowana dla upami\u0119tnienia 5. rocznicy \u015bmierci artysty. Mo\u017cemy na niej podziwia\u0107 tw\u00f3rczo\u015b\u0107 graficzn\u0105 , s\u0105 zatem szkice, rysunki, grafiki, ilustracje ksi\u0105\u017ckowe\u00a0i inne prace z r\u00f3\u017cnych okres\u00f3w \u017cycia . Wernisa\u017cowi towarzyszy\u0142o inne, nie mniej wa\u017cne wydarzenie kulturalne \u00a0&#8211; otwarcie nowej czytelni, w kt\u00f3rej umieszczono dwie kolekcje ksi\u0105\u017cek ze zbior\u00f3w dw\u00f3ch zas\u0142u\u017conych dla kultury i medycyny siemianowiczan: Antoniego Halora oraz Stanis\u0142awa Sakiela.<!--more--><\/p>\n<p><a href=\"https:\/\/slaskipegaz.bs.katowice.pl\/wp-content\/uploads\/2016\/03\/wiecz\u00f3r-umila\u0142-swoim-mini-koncertem-Krystian-Hadasz-Dyrektor-Muzuem-Miejskiego.jpg\" rel=\"attachment wp-att-6399\"><img loading=\"lazy\" decoding=\"async\" class=\"wp-image-6399 aligncenter\" src=\"https:\/\/slaskipegaz.bs.katowice.pl\/wp-content\/uploads\/2016\/03\/wiecz\u00f3r-umila\u0142-swoim-mini-koncertem-Krystian-Hadasz-Dyrektor-Muzuem-Miejskiego-300x200.jpg\" alt=\"Gra na pianinie podczas wernisa\u017cu\" width=\"378\" height=\"252\" srcset=\"https:\/\/slaskipegaz.bs.katowice.pl\/wp-content\/uploads\/2016\/03\/wiecz\u00f3r-umila\u0142-swoim-mini-koncertem-Krystian-Hadasz-Dyrektor-Muzuem-Miejskiego-300x200.jpg 300w, https:\/\/slaskipegaz.bs.katowice.pl\/wp-content\/uploads\/2016\/03\/wiecz\u00f3r-umila\u0142-swoim-mini-koncertem-Krystian-Hadasz-Dyrektor-Muzuem-Miejskiego-768x512.jpg 768w, https:\/\/slaskipegaz.bs.katowice.pl\/wp-content\/uploads\/2016\/03\/wiecz\u00f3r-umila\u0142-swoim-mini-koncertem-Krystian-Hadasz-Dyrektor-Muzuem-Miejskiego-1024x683.jpg 1024w\" sizes=\"auto, (max-width: 378px) 100vw, 378px\" \/><\/a><\/p>\n<p>Obydwa wydarzenia zgromadzi\u0142y liczn\u0105 publiczno\u015b\u0107, w\u015br\u00f3d kt\u00f3rej nie zabrak\u0142o w\u0142adz miasta reprezentowanych przez Pani\u0105 Prezydent Ann\u0119 Zasad\u0119 \u2013 Chorab oraz najwa\u017cniejszych os\u00f3b, czyli Bogumi\u0142y Hrapkowicz-Halor oraz Jakuba Halora, czyli \u017cony oraz syna pana Antoniego Halora, dzi\u0119ki kt\u00f3rym nie tylko wystawa mog\u0142a doj\u015b\u0107 do skutku ale tak\u017ce kt\u00f3rzy przekazali w depozyt ksi\u0119gozbi\u00f3r, Antoniego Halora. Go\u015bciem honorowym by\u0142a tak\u017ce Pani Monika Sakiel, \u017cona dr Stanis\u0142awa Sakiela, kt\u00f3ra przekaza\u0142a w darze ksi\u0119gozbi\u00f3r m\u0119\u017ca. Obydwa ksi\u0119gozbiory maj\u0105 teraz swoje szczeg\u00f3lne miejsce , mo\u017cna z nich korzysta\u0107 na miejscu. Po cz\u0119\u015bci oficjalnej, go\u015bcie mogli nie tylko kontemplowa\u0107 prezentowane prace , ale tak\u017ce wys\u0142ucha\u0107 mini koncertu w wykonaniu Krystiana Hadasza &#8211; Dyrektora Muzeum Miejskiego, oraz odda\u0107 si\u0119 rozmowom kuluarowym przy kawie .<\/p>\n<p><a href=\"https:\/\/slaskipegaz.bs.katowice.pl\/wp-content\/uploads\/2016\/03\/zgromadzona-podczas-wernisa\u017cu-publiczno\u015b\u0107.jpg\" rel=\"attachment wp-att-6400\"><img loading=\"lazy\" decoding=\"async\" class=\"wp-image-6400 aligncenter\" src=\"https:\/\/slaskipegaz.bs.katowice.pl\/wp-content\/uploads\/2016\/03\/zgromadzona-podczas-wernisa\u017cu-publiczno\u015b\u0107-300x200.jpg\" alt=\"Wernisa\u017c\" width=\"386\" height=\"257\" srcset=\"https:\/\/slaskipegaz.bs.katowice.pl\/wp-content\/uploads\/2016\/03\/zgromadzona-podczas-wernisa\u017cu-publiczno\u015b\u0107-300x200.jpg 300w, https:\/\/slaskipegaz.bs.katowice.pl\/wp-content\/uploads\/2016\/03\/zgromadzona-podczas-wernisa\u017cu-publiczno\u015b\u0107-768x512.jpg 768w, https:\/\/slaskipegaz.bs.katowice.pl\/wp-content\/uploads\/2016\/03\/zgromadzona-podczas-wernisa\u017cu-publiczno\u015b\u0107-1024x683.jpg 1024w\" sizes=\"auto, (max-width: 386px) 100vw, 386px\" \/><\/a><\/p>\n<p>Wystaw\u0119 prac graficznych Antoniego Halora b\u0119dzie mo\u017cna ogl\u0105da\u0107 do 10 marca br. natomiast nowe ksi\u0119gozbiory s\u0105 ju\u017c dost\u0119pne dla naszych czytelnik\u00f3w i mo\u017cna z nich korzysta\u0107 w czytelni oraz specjalnie w tym celu utworzonym gabinecie.<\/p>\n<p>MBP<\/p>\n","protected":false},"excerpt":{"rendered":"<p>Wernisa\u017c 11 lutego w Miejskiej Bibliotece Publicznej w Siemianowicach \u015al\u0105skich odby\u0142 si\u0119 wernisa\u017c wystawy rysunk\u00f3w, grafik i ilustracji Antoniego Halora, wybitnego siemianowiczanina. Wystawa zosta\u0142a przygotowana dla upami\u0119tnienia 5. rocznicy \u015bmierci artysty. Mo\u017cemy na niej podziwia\u0107 tw\u00f3rczo\u015b\u0107 graficzn\u0105 , s\u0105 zatem szkice, rysunki, grafiki, ilustracje ksi\u0105\u017ckowe\u00a0i inne prace z r\u00f3\u017cnych okres\u00f3w \u017cycia . Wernisa\u017cowi towarzyszy\u0142o inne, &hellip; <a href=\"https:\/\/slaskipegaz.bs.katowice.pl\/?p=6396\" class=\"more-link\">Czytaj dalej <span class=\"screen-reader-text\">[Relacja] MIEJSKA BIBLIOTEKA PUBLICZNA W SIEMIANOWICACH \u015aL\u0104SKICH<\/span> <span class=\"meta-nav\">&rarr;<\/span><\/a><\/p>\n","protected":false},"author":2,"featured_media":0,"comment_status":"closed","ping_status":"closed","sticky":false,"template":"","format":"standard","meta":{"_acf_changed":false,"_exactmetrics_skip_tracking":false,"_exactmetrics_sitenote_active":false,"_exactmetrics_sitenote_note":"","_exactmetrics_sitenote_category":0,"footnotes":""},"categories":[558],"tags":[23,49],"class_list":["post-6396","post","type-post","status-publish","format-standard","hentry","category-nr-18-marzec-2016","tag-miejska-biblioteka-publiczna-w-siemianowicach-slaskich","tag-wernisaz"],"acf":[],"jetpack_featured_media_url":"","_links":{"self":[{"href":"https:\/\/slaskipegaz.bs.katowice.pl\/index.php?rest_route=\/wp\/v2\/posts\/6396","targetHints":{"allow":["GET"]}}],"collection":[{"href":"https:\/\/slaskipegaz.bs.katowice.pl\/index.php?rest_route=\/wp\/v2\/posts"}],"about":[{"href":"https:\/\/slaskipegaz.bs.katowice.pl\/index.php?rest_route=\/wp\/v2\/types\/post"}],"author":[{"embeddable":true,"href":"https:\/\/slaskipegaz.bs.katowice.pl\/index.php?rest_route=\/wp\/v2\/users\/2"}],"replies":[{"embeddable":true,"href":"https:\/\/slaskipegaz.bs.katowice.pl\/index.php?rest_route=%2Fwp%2Fv2%2Fcomments&post=6396"}],"version-history":[{"count":2,"href":"https:\/\/slaskipegaz.bs.katowice.pl\/index.php?rest_route=\/wp\/v2\/posts\/6396\/revisions"}],"predecessor-version":[{"id":6409,"href":"https:\/\/slaskipegaz.bs.katowice.pl\/index.php?rest_route=\/wp\/v2\/posts\/6396\/revisions\/6409"}],"wp:attachment":[{"href":"https:\/\/slaskipegaz.bs.katowice.pl\/index.php?rest_route=%2Fwp%2Fv2%2Fmedia&parent=6396"}],"wp:term":[{"taxonomy":"category","embeddable":true,"href":"https:\/\/slaskipegaz.bs.katowice.pl\/index.php?rest_route=%2Fwp%2Fv2%2Fcategories&post=6396"},{"taxonomy":"post_tag","embeddable":true,"href":"https:\/\/slaskipegaz.bs.katowice.pl\/index.php?rest_route=%2Fwp%2Fv2%2Ftags&post=6396"}],"curies":[{"name":"wp","href":"https:\/\/api.w.org\/{rel}","templated":true}]}}