{"id":650,"date":"2014-10-31T12:16:39","date_gmt":"2014-10-31T11:16:39","guid":{"rendered":"http:\/\/slaskipegaz.bs.katowice.pl\/?p=650"},"modified":"2014-10-31T14:24:17","modified_gmt":"2014-10-31T13:24:17","slug":"relacja-miejska-biblitoeka-publiczna-w-dabrowie-gorniczej","status":"publish","type":"post","link":"https:\/\/slaskipegaz.bs.katowice.pl\/?p=650","title":{"rendered":"[Relacja] MIEJSKA BIBLITOEKA PUBLICZNA W D\u0104BROWIE G\u00d3RNICZEJ"},"content":{"rendered":"<p style=\"text-align: center;\"><strong>Pogromcy byk\u00f3w w bibliotece!<\/strong><\/p>\n<p style=\"text-align: left;\"><a href=\"https:\/\/slaskipegaz.bs.katowice.pl\/wp-content\/uploads\/2014\/10\/DSC04789.jpg\"><img loading=\"lazy\" decoding=\"async\" class=\"alignnone size-medium wp-image-651\" src=\"https:\/\/slaskipegaz.bs.katowice.pl\/wp-content\/uploads\/2014\/10\/DSC04789-300x199.jpg\" alt=\"DSC04789\" width=\"300\" height=\"199\" srcset=\"https:\/\/slaskipegaz.bs.katowice.pl\/wp-content\/uploads\/2014\/10\/DSC04789-300x199.jpg 300w, https:\/\/slaskipegaz.bs.katowice.pl\/wp-content\/uploads\/2014\/10\/DSC04789.jpg 1024w\" sizes=\"auto, (max-width: 300px) 100vw, 300px\" \/><\/a> <a href=\"https:\/\/slaskipegaz.bs.katowice.pl\/wp-content\/uploads\/2014\/10\/DSC04813.jpg\"><img loading=\"lazy\" decoding=\"async\" class=\"alignnone size-medium wp-image-652\" src=\"https:\/\/slaskipegaz.bs.katowice.pl\/wp-content\/uploads\/2014\/10\/DSC04813-300x199.jpg\" alt=\"DSC04813\" width=\"300\" height=\"199\" srcset=\"https:\/\/slaskipegaz.bs.katowice.pl\/wp-content\/uploads\/2014\/10\/DSC04813-300x199.jpg 300w, https:\/\/slaskipegaz.bs.katowice.pl\/wp-content\/uploads\/2014\/10\/DSC04813.jpg 1024w\" sizes=\"auto, (max-width: 300px) 100vw, 300px\" \/><\/a><\/p>\n<p>W sobot\u0119, 18 pa\u017adziernika w d\u0105browskiej Bibliotece G\u0142\u00f3wnej odby\u0142a si\u0119 druga edycja Dyktanda D\u0105browskiego pod has\u0142em \u201eWalka z bykami, czyli ortograficzna corrida\u201d. Do niezwyk\u0142ych zmaga\u0144 z ortografi\u0105 przyst\u0105pi\u0142o 57 os\u00f3b.<!--more--><br \/>\nTegoroczny konkurs stanowi\u0142 nie\u0142atwy sprawdzian ze znajomo\u015bci regu\u0142 rz\u0105dz\u0105cych naszym j\u0119zykiem ojczystym. Tekst dyktanda przygotowa\u0142a dr Danuta Krzy\u017cyk \u2013 j\u0119zykoznawca, pracownik dydaktyczny i naukowy Katedry Dydaktyki J\u0119zyka i Literatury Polskiej Uniwersytetu \u015al\u0105skiego. Uczestnikom dyktanda najwi\u0119cej trudno\u015bci sprawi\u0142y takie wyra\u017cenia, jak: ni st\u0105d, ni zow\u0105d, pur\u00e9e z kart po\u017c\u00f3\u0142k\u0142ej encyklopedii, brudnobia\u0142y ohar, naczupurzona hajstra czy rzegocz\u0105ca rzekotka.<\/p>\n<p style=\"text-align: left;\">\u201eOrtograficzn\u0105 corrid\u0119\u201d poprowadzi\u0142a Agnieszka Strzemi\u0144ska &#8211; dziennikarka popularyzuj\u0105ca poprawn\u0105 polszczyzn\u0119 na antenie Polskiego Radia Katowice, uhonorowana przez Rad\u0119 J\u0119zyka Polskiego Medalem Ambasadora Polszczyzny. Zmagania uczestnik\u00f3w ocenia\u0142o jury w sk\u0142adzie: dr Danuta Krzy\u017cyk \u2013 przewodnicz\u0105ca, j\u0119zykoznawca, pracownik dydaktyczny i naukowy Katedry Dydaktyki J\u0119zyka i Literatury Polskiej Uniwersytetu \u015al\u0105skiego, Ma\u0142gorzata Majewska \u2013 dyrektor Pa\u0142acu Kultury Zag\u0142\u0119bia, polonistka, Agnieszka Strzemi\u0144ska \u2013 dziennikarka radiowa, Ambasador Polszczyzny, Pawe\u0142 Duraj \u2013 dyrektor MBP, polonista.<\/p>\n<p style=\"text-align: left;\">W oczekiwaniu na werdykt jury uczestnicy zabawy mieli okazj\u0119 wys\u0142ucha\u0107 wyst\u0119pu Jana Kude\u0142ki \u2013 wybitnego gitarzysty, absolwenta Akademii Muzycznej w Katowicach, laureata wielu konkurs\u00f3w gitarowych w kraju i za granic\u0105, cz\u0142onka \u015al\u0105skiego Oktetu Gitarowego, z kt\u00f3rym koncertowa\u0142 w Polsce, Szwecji, Danii, S\u0142owacji, Czechach, Grecji, W\u0142oszech i Anglii. Artysta wzbogaci\u0142 program \u201eOrtograficznej corridy\u201d brawurowym wykonaniem utwor\u00f3w w charakterze flamenco.<\/p>\n<p style=\"text-align: left;\">Wszyscy \u015bmia\u0142kowie, kt\u00f3rzy odwa\u017cyli si\u0119 wzi\u0105\u0107 udzia\u0142 w zmaganiach z ortografi\u0105, po wyczerpuj\u0105cej \u201ewalce z bykami\u201d mogli posili\u0107 si\u0119 przek\u0105skami przygotowanymi przez uczni\u00f3w Zespo\u0142u Szk\u00f3\u0142 Ekonomicznych im. Karola Adamieckiego w D\u0105browie G\u00f3rniczej. Uczestnicy dyktanda mieli okazj\u0119 zawalczy\u0107 nie tylko o nagrody g\u0142\u00f3wne przeznaczone dla laureat\u00f3w trzech pierwszych miejsc. Dodatkow\u0105 atrakcj\u0105 imprezy oraz szans\u0105 na zdobycie interesuj\u0105cych nagr\u00f3d ksi\u0105\u017ckowych by\u0142y kwizy j\u0119zykowe sprawdzaj\u0105ce umiej\u0119tno\u015b\u0107 pos\u0142ugiwania si\u0119 poprawn\u0105 polszczyzn\u0105. W potyczkach j\u0119zykowych wzi\u0119\u0142o udzia\u0142 15 os\u00f3b, kt\u00f3rym uda\u0142o si\u0119 wywalczy\u0107 ciekawe publikacje, m.in.: Jak pisa\u0107? Razem czy osobno?, Walczymy z bykami, Wiem, co m\u00f3wi\u0119.<\/p>\n<p style=\"text-align: left;\">Jednym z punkt\u00f3w programu by\u0142a loteria fantowa dla czytelnik\u00f3w d\u0105browskiej MBP, posiadaj\u0105cych aktywn\u0105 kart\u0119 biblioteczn\u0105. W puli loteryjnych nagr\u00f3d znalaz\u0142y si\u0119 takie wydawnictwa, jak: Wielki s\u0142ownik frazeologiczny PWN, Wielki s\u0142ownik poprawnej polszczyzny PWN, S\u0142ownik frazeologiczny z Bralczykiem, S\u0142ownik 100 tysi\u0119cy potrzebnych s\u0142\u00f3w, Wszystko zale\u017cy od przyimka.<\/p>\n<p style=\"text-align: left;\">Tegorocznym zwyci\u0119zc\u0105 \u201eWalki z bykami\u201d zosta\u0142 Stanis\u0142aw Gajos z M\u0142ynic, kt\u00f3ry otrzyma\u0142 I nagrod\u0119 w wysoko\u015bci 700 z\u0142 oraz tytu\u0142 \u201ePogromcy Byk\u00f3w\u201d. Kolejne miejsca na podium zaj\u0119li: Iwona Kruszec z Katowic (II miejsce \u2013 500 z\u0142) oraz Sergiusz Ka\u017amierski z Rojewa (III miejsce \u2013 300 z\u0142).<\/p>\n<p style=\"text-align: left;\">W zabawie wzi\u0119li udzia\u0142 tak\u017ce Agnieszka Pasternak \u2013 przewodnicz\u0105ca Rady Miasta w D\u0105browie G\u00f3rniczej, Iwona Wilk \u2013 dyrektor M\u0142odzie\u017cowego O\u015brodka Pracy Tw\u00f3rczej w D\u0105browie G\u00f3rniczej, Arkadiusz Stachura \u2013 zast\u0119pca prokuratora rejonowego w D\u0105browie G\u00f3rniczej oraz Artur Borowicz \u2013 radny Rady Miasta w D\u0105browie G\u00f3rniczej, kt\u00f3rzy stan\u0119li do \u201eortograficznej corridy\u201d jako reprezentanci kategorii VIP.<\/p>\n<p style=\"text-align: left;\">\nLaureatom konkursu oraz wszystkim uczestnikom dyktanda gratulujemy odwagi i \u017cyczymy sukces\u00f3w w walce z bykami!<\/p>\n<p>II Dyktando D\u0105browskie odby\u0142o si\u0119 w ramach festiwalu kultury \u201eZag\u0142\u0119bieWood\u201d, organizowanego przez Urz\u0105d Miejski w D\u0105browie G\u00f3rniczej, Pa\u0142ac Kultury Zag\u0142\u0119bia, Miejsk\u0105 Bibliotek\u0119 Publiczn\u0105 w D\u0105browie G\u00f3rniczej i Muzeum Miejskie \u201eSztygarka\u201d.<\/p>\n<p style=\"text-align: left;\">Nades\u0142a\u0142: Dzia\u0142 Marketingu, Miejska Biblioteka Publiczna, D\u0105browa G\u00f3rnicza<\/p>\n","protected":false},"excerpt":{"rendered":"<p>Pogromcy byk\u00f3w w bibliotece! W sobot\u0119, 18 pa\u017adziernika w d\u0105browskiej Bibliotece G\u0142\u00f3wnej odby\u0142a si\u0119 druga edycja Dyktanda D\u0105browskiego pod has\u0142em \u201eWalka z bykami, czyli ortograficzna corrida\u201d. Do niezwyk\u0142ych zmaga\u0144 z ortografi\u0105 przyst\u0105pi\u0142o 57 os\u00f3b.<\/p>\n","protected":false},"author":3,"featured_media":652,"comment_status":"closed","ping_status":"open","sticky":false,"template":"","format":"standard","meta":{"_acf_changed":false,"_exactmetrics_skip_tracking":false,"_exactmetrics_sitenote_active":false,"_exactmetrics_sitenote_note":"","_exactmetrics_sitenote_category":0,"footnotes":""},"categories":[66],"tags":[77,51],"class_list":["post-650","post","type-post","status-publish","format-standard","has-post-thumbnail","hentry","category-nr-2-listopad-2014","tag-dyktando","tag-miejska-biblioteka-publiczna-w-dabrowie-gorniczej"],"acf":[],"jetpack_featured_media_url":"https:\/\/slaskipegaz.bs.katowice.pl\/wp-content\/uploads\/2014\/10\/DSC04813.jpg","_links":{"self":[{"href":"https:\/\/slaskipegaz.bs.katowice.pl\/index.php?rest_route=\/wp\/v2\/posts\/650","targetHints":{"allow":["GET"]}}],"collection":[{"href":"https:\/\/slaskipegaz.bs.katowice.pl\/index.php?rest_route=\/wp\/v2\/posts"}],"about":[{"href":"https:\/\/slaskipegaz.bs.katowice.pl\/index.php?rest_route=\/wp\/v2\/types\/post"}],"author":[{"embeddable":true,"href":"https:\/\/slaskipegaz.bs.katowice.pl\/index.php?rest_route=\/wp\/v2\/users\/3"}],"replies":[{"embeddable":true,"href":"https:\/\/slaskipegaz.bs.katowice.pl\/index.php?rest_route=%2Fwp%2Fv2%2Fcomments&post=650"}],"version-history":[{"count":1,"href":"https:\/\/slaskipegaz.bs.katowice.pl\/index.php?rest_route=\/wp\/v2\/posts\/650\/revisions"}],"predecessor-version":[{"id":653,"href":"https:\/\/slaskipegaz.bs.katowice.pl\/index.php?rest_route=\/wp\/v2\/posts\/650\/revisions\/653"}],"wp:featuredmedia":[{"embeddable":true,"href":"https:\/\/slaskipegaz.bs.katowice.pl\/index.php?rest_route=\/wp\/v2\/media\/652"}],"wp:attachment":[{"href":"https:\/\/slaskipegaz.bs.katowice.pl\/index.php?rest_route=%2Fwp%2Fv2%2Fmedia&parent=650"}],"wp:term":[{"taxonomy":"category","embeddable":true,"href":"https:\/\/slaskipegaz.bs.katowice.pl\/index.php?rest_route=%2Fwp%2Fv2%2Fcategories&post=650"},{"taxonomy":"post_tag","embeddable":true,"href":"https:\/\/slaskipegaz.bs.katowice.pl\/index.php?rest_route=%2Fwp%2Fv2%2Ftags&post=650"}],"curies":[{"name":"wp","href":"https:\/\/api.w.org\/{rel}","templated":true}]}}