{"id":6501,"date":"2016-03-08T12:42:41","date_gmt":"2016-03-08T11:42:41","guid":{"rendered":"http:\/\/slaskipegaz.bs.katowice.pl\/?p=6501"},"modified":"2016-04-06T09:53:41","modified_gmt":"2016-04-06T07:53:41","slug":"relacja-miejska-i-powiatowa-biblioteka-publiczna-w-bedzinie-22","status":"publish","type":"post","link":"https:\/\/slaskipegaz.bs.katowice.pl\/?p=6501","title":{"rendered":"[Relacja] MIEJSKA I POWIATOWA BIBLIOTEKA PUBLICZNA W B\u0118DZINIE"},"content":{"rendered":"<h6 style=\"text-align: center;\"><strong>Wernisa\u017c wystawy &#8222;Naprawd\u0119, jaka jeste\u015b nie wie nikt&#8221;<\/strong><\/h6>\n<p><a href=\"https:\/\/slaskipegaz.bs.katowice.pl\/wp-content\/uploads\/2016\/03\/2.jpg\" rel=\"attachment wp-att-6502\"><img loading=\"lazy\" decoding=\"async\" class=\"size-medium wp-image-6502 alignleft\" src=\"https:\/\/slaskipegaz.bs.katowice.pl\/wp-content\/uploads\/2016\/03\/2-300x207.jpg\" alt=\"wernisa\u017c\" width=\"300\" height=\"207\" srcset=\"https:\/\/slaskipegaz.bs.katowice.pl\/wp-content\/uploads\/2016\/03\/2-300x207.jpg 300w, https:\/\/slaskipegaz.bs.katowice.pl\/wp-content\/uploads\/2016\/03\/2-768x531.jpg 768w, https:\/\/slaskipegaz.bs.katowice.pl\/wp-content\/uploads\/2016\/03\/2.jpg 1024w\" sizes=\"auto, (max-width: 300px) 100vw, 300px\" \/><\/a>4 marca w Galerii klubu &#8222;Pod Sow\u0105&#8221; Miejskiej i Powiatowej Biblioteki Publicznej w B\u0119dzinie odby\u0142 si\u0119 wernisa\u017c wystawy fotografii Beaty Or\u0142owskiej. Na spotkanie, kt\u00f3re otworzy\u0142 Krzysztof Malczewski, dyrektor biblioteki i Agata Biesiadecka przyby\u0142y licznie panie, b\u0119d\u0105ce od lat obiektem fotograficznych pasji artystki. <!--more-->W gronie modelek, przyjaci\u00f3\u0142 i rodziny Beata Or\u0142owska pokaza\u0142a sw\u00f3j niezwyk\u0142y temperament, szale\u0144stwo i umiej\u0119tno\u015b\u0107 patrzenia na drugiego cz\u0142owieka w spos\u00f3b, kt\u00f3rego wyj\u0105tkowo\u015b\u0107 odzwierciedlaj\u0105 prezentowane na wystawie &#8222;Naprawd\u0119, jaka jeste\u015b nie wie nikt&#8221; fotografie.<\/p>\n<p><a href=\"https:\/\/slaskipegaz.bs.katowice.pl\/wp-content\/uploads\/2016\/03\/5.jpg\" rel=\"attachment wp-att-6503\"><img loading=\"lazy\" decoding=\"async\" class=\"aligncenter size-medium wp-image-6503\" src=\"https:\/\/slaskipegaz.bs.katowice.pl\/wp-content\/uploads\/2016\/03\/5-300x187.jpg\" alt=\"spotkanie\" width=\"300\" height=\"187\" srcset=\"https:\/\/slaskipegaz.bs.katowice.pl\/wp-content\/uploads\/2016\/03\/5-300x187.jpg 300w, https:\/\/slaskipegaz.bs.katowice.pl\/wp-content\/uploads\/2016\/03\/5-768x478.jpg 768w, https:\/\/slaskipegaz.bs.katowice.pl\/wp-content\/uploads\/2016\/03\/5.jpg 1024w\" sizes=\"auto, (max-width: 300px) 100vw, 300px\" \/><\/a>Spotkanie swoimi wyst\u0119pami wokalnymi u\u015bwietni\u0142a utalentowana Kamila Dr\u00f3\u017cd\u017c, laureatka Nagrody Grand Prix w XIII powiatowym festiwalu piosenki obcoj\u0119zycznej<br \/>\nw Siewierzu oraz Bo\u017cena Zwi\u0105zek, kierownik sekcji muzycznej Stowarzyszenia Tw\u00f3rc\u00f3w Kultury Zag\u0142\u0119bia D\u0105browskiego w B\u0119dzinie. Z kolei Rajmund Kubiczek zachwyci\u0142 niezwyk\u0142\u0105 gr\u0105 na akordeonie, trafiaj\u0105c do serc wszystkich pa\u0144 interpretacj\u0105 tanga Bernadra Soltysika, muzyka i kompozytora, za\u0142o\u017cyciela zespo\u0142u Pro Contra.<\/p>\n<p><a href=\"https:\/\/slaskipegaz.bs.katowice.pl\/wp-content\/uploads\/2016\/03\/6.jpg\" rel=\"attachment wp-att-6504\"><img loading=\"lazy\" decoding=\"async\" class=\"aligncenter size-medium wp-image-6504\" src=\"https:\/\/slaskipegaz.bs.katowice.pl\/wp-content\/uploads\/2016\/03\/6-200x300.jpg\" alt=\"koncert\" width=\"200\" height=\"300\" srcset=\"https:\/\/slaskipegaz.bs.katowice.pl\/wp-content\/uploads\/2016\/03\/6-200x300.jpg 200w, https:\/\/slaskipegaz.bs.katowice.pl\/wp-content\/uploads\/2016\/03\/6-768x1152.jpg 768w, https:\/\/slaskipegaz.bs.katowice.pl\/wp-content\/uploads\/2016\/03\/6-683x1024.jpg 683w, https:\/\/slaskipegaz.bs.katowice.pl\/wp-content\/uploads\/2016\/03\/6.jpg 1024w\" sizes=\"auto, (max-width: 200px) 100vw, 200px\" \/><\/a>Wystawa fotografii Beaty Or\u0142owskiej, kt\u00f3ra jest uk\u0142onem w kierunku pi\u0119kna, finezji<br \/>\ni niezwyk\u0142ej kobiecej delikatno\u015bci, zosta\u0142a przygotowana pod auspicjami Prezydenta Miasta B\u0119dzina. W Galerii klubu \u201ePod Sow\u0105\u201d b\u0119dzi\u0144skiej biblioteki (ul. Pi\u0142sudskiego 39) b\u0119dzie prezentowana do 25 marca w godzinach pracy plac\u00f3wki.<\/p>\n<p><a href=\"https:\/\/slaskipegaz.bs.katowice.pl\/wp-content\/uploads\/2016\/03\/8.jpg\" rel=\"attachment wp-att-6505\"><img loading=\"lazy\" decoding=\"async\" class=\"aligncenter size-medium wp-image-6505\" src=\"https:\/\/slaskipegaz.bs.katowice.pl\/wp-content\/uploads\/2016\/03\/8-300x231.jpg\" alt=\"koncert\" width=\"300\" height=\"231\" srcset=\"https:\/\/slaskipegaz.bs.katowice.pl\/wp-content\/uploads\/2016\/03\/8-300x231.jpg 300w, https:\/\/slaskipegaz.bs.katowice.pl\/wp-content\/uploads\/2016\/03\/8-768x593.jpg 768w, https:\/\/slaskipegaz.bs.katowice.pl\/wp-content\/uploads\/2016\/03\/8.jpg 1024w\" sizes=\"auto, (max-width: 300px) 100vw, 300px\" \/><\/a>Nades\u0142a\u0142a: Miejska i Powiatowa Biblioteka Publiczna w B\u0119dzinie<\/p>\n","protected":false},"excerpt":{"rendered":"<p>Wernisa\u017c wystawy &#8222;Naprawd\u0119, jaka jeste\u015b nie wie nikt&#8221; 4 marca w Galerii klubu &#8222;Pod Sow\u0105&#8221; Miejskiej i Powiatowej Biblioteki Publicznej w B\u0119dzinie odby\u0142 si\u0119 wernisa\u017c wystawy fotografii Beaty Or\u0142owskiej. Na spotkanie, kt\u00f3re otworzy\u0142 Krzysztof Malczewski, dyrektor biblioteki i Agata Biesiadecka przyby\u0142y licznie panie, b\u0119d\u0105ce od lat obiektem fotograficznych pasji artystki.<\/p>\n","protected":false},"author":3,"featured_media":0,"comment_status":"closed","ping_status":"closed","sticky":false,"template":"","format":"standard","meta":{"_acf_changed":false,"_exactmetrics_skip_tracking":false,"_exactmetrics_sitenote_active":false,"_exactmetrics_sitenote_note":"","_exactmetrics_sitenote_category":0,"footnotes":""},"categories":[609],"tags":[72,49,24],"class_list":["post-6501","post","type-post","status-publish","format-standard","hentry","category-nr-19-kwiecien-2016","tag-miejska-i-powiatowa-biblioteka-publiczna-w-bedzinie","tag-wernisaz","tag-wystawa"],"acf":[],"jetpack_featured_media_url":"","_links":{"self":[{"href":"https:\/\/slaskipegaz.bs.katowice.pl\/index.php?rest_route=\/wp\/v2\/posts\/6501","targetHints":{"allow":["GET"]}}],"collection":[{"href":"https:\/\/slaskipegaz.bs.katowice.pl\/index.php?rest_route=\/wp\/v2\/posts"}],"about":[{"href":"https:\/\/slaskipegaz.bs.katowice.pl\/index.php?rest_route=\/wp\/v2\/types\/post"}],"author":[{"embeddable":true,"href":"https:\/\/slaskipegaz.bs.katowice.pl\/index.php?rest_route=\/wp\/v2\/users\/3"}],"replies":[{"embeddable":true,"href":"https:\/\/slaskipegaz.bs.katowice.pl\/index.php?rest_route=%2Fwp%2Fv2%2Fcomments&post=6501"}],"version-history":[{"count":1,"href":"https:\/\/slaskipegaz.bs.katowice.pl\/index.php?rest_route=\/wp\/v2\/posts\/6501\/revisions"}],"predecessor-version":[{"id":6506,"href":"https:\/\/slaskipegaz.bs.katowice.pl\/index.php?rest_route=\/wp\/v2\/posts\/6501\/revisions\/6506"}],"wp:attachment":[{"href":"https:\/\/slaskipegaz.bs.katowice.pl\/index.php?rest_route=%2Fwp%2Fv2%2Fmedia&parent=6501"}],"wp:term":[{"taxonomy":"category","embeddable":true,"href":"https:\/\/slaskipegaz.bs.katowice.pl\/index.php?rest_route=%2Fwp%2Fv2%2Fcategories&post=6501"},{"taxonomy":"post_tag","embeddable":true,"href":"https:\/\/slaskipegaz.bs.katowice.pl\/index.php?rest_route=%2Fwp%2Fv2%2Ftags&post=6501"}],"curies":[{"name":"wp","href":"https:\/\/api.w.org\/{rel}","templated":true}]}}