{"id":6594,"date":"2016-03-25T08:52:59","date_gmt":"2016-03-25T07:52:59","guid":{"rendered":"http:\/\/slaskipegaz.bs.katowice.pl\/?p=6594"},"modified":"2016-03-25T08:52:59","modified_gmt":"2016-03-25T07:52:59","slug":"zapowiedz-ksiaznica-beskidzka-w-bielsku-bialej-2","status":"publish","type":"post","link":"https:\/\/slaskipegaz.bs.katowice.pl\/?p=6594","title":{"rendered":"[Zapowied\u017a] KSI\u0104\u017bNICA BESKIDZKA W BIELSKU-BIA\u0141EJ"},"content":{"rendered":"<h6 style=\"text-align: center;\"><strong>Ksi\u0105\u017cnica Beskidzka- Filia Osiedle Karpackie<\/strong><\/h6>\n<p><a href=\"https:\/\/slaskipegaz.bs.katowice.pl\/wp-content\/uploads\/2016\/03\/img22.jpg\" rel=\"attachment wp-att-6595\"><img loading=\"lazy\" decoding=\"async\" class=\"size-medium wp-image-6595 alignleft\" src=\"https:\/\/slaskipegaz.bs.katowice.pl\/wp-content\/uploads\/2016\/03\/img22-300x214.jpg\" alt=\"obraz\" width=\"300\" height=\"214\" srcset=\"https:\/\/slaskipegaz.bs.katowice.pl\/wp-content\/uploads\/2016\/03\/img22-300x214.jpg 300w, https:\/\/slaskipegaz.bs.katowice.pl\/wp-content\/uploads\/2016\/03\/img22-768x548.jpg 768w, https:\/\/slaskipegaz.bs.katowice.pl\/wp-content\/uploads\/2016\/03\/img22.jpg 800w\" sizes=\"auto, (max-width: 300px) 100vw, 300px\" \/><\/a>W Ksi\u0105\u017cnicy Beskidzkiej w Filii na Osiedlu Karpackim mo\u017cna ogl\u0105da\u0107 wystaw\u0119 Mateusza Taranowskiego zatytu\u0142owan\u0105 \u201eReminiscencje bielskie\u201d. Mateusz Taranowski, m\u0142ody fotograf, absolwent Akademii Sztuk Pi\u0119knych we Wroc\u0142awiu przenosi nas w niesamowit\u0105 podr\u00f3\u017c w czasie. Prezentowany tutaj cykl fotograficzny przedstawia nam histori\u0119 Bielska-Bia\u0142ej, rodzinnego miasta autora. Jak sam autor pisze, zderzenie przesz\u0142o\u015bci z tera\u017aniejszo\u015bci\u0105 odzwierciedla przemiany, kt\u00f3re nast\u0105pi\u0142y na przestrzeni wiek\u00f3w. <!--more--><\/p>\n<p>Autor, dzi\u0119ki swojej nadzwyczajnej wnikliwo\u015bci w histori\u0119 miasta oraz precyzji wykonania, przygotowa\u0142 dla nas cykl, kt\u00f3ry pozwala wr\u0119cz dotkn\u0105\u0107 materii tego miejsca. Perfekcyjne zestawienie obraz\u00f3w sprzed lat ze wsp\u00f3\u0142czesnym widokiem miasta pot\u0119guje niesamowit\u0105 atmosfer\u0119 i magi\u0119 tego miejsca. Wszystkie prezentowane tutaj prace pochodz\u0105 bezpo\u015brednio od autora.<\/p>\n<p><a href=\"https:\/\/slaskipegaz.bs.katowice.pl\/wp-content\/uploads\/2016\/03\/img16.jpg\" rel=\"attachment wp-att-6596\"><img loading=\"lazy\" decoding=\"async\" class=\"aligncenter size-medium wp-image-6596\" src=\"https:\/\/slaskipegaz.bs.katowice.pl\/wp-content\/uploads\/2016\/03\/img16-300x214.jpg\" alt=\"plakat 2\" width=\"300\" height=\"214\" srcset=\"https:\/\/slaskipegaz.bs.katowice.pl\/wp-content\/uploads\/2016\/03\/img16-300x214.jpg 300w, https:\/\/slaskipegaz.bs.katowice.pl\/wp-content\/uploads\/2016\/03\/img16-768x548.jpg 768w, https:\/\/slaskipegaz.bs.katowice.pl\/wp-content\/uploads\/2016\/03\/img16.jpg 800w\" sizes=\"auto, (max-width: 300px) 100vw, 300px\" \/><\/a><a href=\"https:\/\/slaskipegaz.bs.katowice.pl\/wp-content\/uploads\/2016\/03\/img24.jpg\" rel=\"attachment wp-att-6597\"><img loading=\"lazy\" decoding=\"async\" class=\"aligncenter size-medium wp-image-6597\" src=\"https:\/\/slaskipegaz.bs.katowice.pl\/wp-content\/uploads\/2016\/03\/img24-300x214.jpg\" alt=\"ulica\" width=\"300\" height=\"214\" srcset=\"https:\/\/slaskipegaz.bs.katowice.pl\/wp-content\/uploads\/2016\/03\/img24-300x214.jpg 300w, https:\/\/slaskipegaz.bs.katowice.pl\/wp-content\/uploads\/2016\/03\/img24-768x548.jpg 768w, https:\/\/slaskipegaz.bs.katowice.pl\/wp-content\/uploads\/2016\/03\/img24.jpg 800w\" sizes=\"auto, (max-width: 300px) 100vw, 300px\" \/><\/a><\/p>\n<p>Wystaw\u0119 mo\u017cna ogl\u0105da\u0107 od 1.03.2016\u201331.03.2016 w czasie godzin otwarcia plac\u00f3wki. Serdecznie zapraszamy!<\/p>\n<p>Nades\u0142a\u0142a: Dorota Czy\u017c, Filia Osiedle Karpackie Ksi\u0105\u017cnicy Beskidzkiej<\/p>\n","protected":false},"excerpt":{"rendered":"<p>Ksi\u0105\u017cnica Beskidzka- Filia Osiedle Karpackie W Ksi\u0105\u017cnicy Beskidzkiej w Filii na Osiedlu Karpackim mo\u017cna ogl\u0105da\u0107 wystaw\u0119 Mateusza Taranowskiego zatytu\u0142owan\u0105 \u201eReminiscencje bielskie\u201d. Mateusz Taranowski, m\u0142ody fotograf, absolwent Akademii Sztuk Pi\u0119knych we Wroc\u0142awiu przenosi nas w niesamowit\u0105 podr\u00f3\u017c w czasie. Prezentowany tutaj cykl fotograficzny przedstawia nam histori\u0119 Bielska-Bia\u0142ej, rodzinnego miasta autora. Jak sam autor pisze, zderzenie przesz\u0142o\u015bci &hellip; <a href=\"https:\/\/slaskipegaz.bs.katowice.pl\/?p=6594\" class=\"more-link\">Czytaj dalej <span class=\"screen-reader-text\">[Zapowied\u017a] KSI\u0104\u017bNICA BESKIDZKA W BIELSKU-BIA\u0141EJ<\/span> <span class=\"meta-nav\">&rarr;<\/span><\/a><\/p>\n","protected":false},"author":3,"featured_media":0,"comment_status":"closed","ping_status":"closed","sticky":false,"template":"","format":"standard","meta":{"_acf_changed":false,"_exactmetrics_skip_tracking":false,"_exactmetrics_sitenote_active":false,"_exactmetrics_sitenote_note":"","_exactmetrics_sitenote_category":0,"footnotes":""},"categories":[6],"tags":[83,24],"class_list":["post-6594","post","type-post","status-publish","format-standard","hentry","category-aktualnosci","tag-ksiaznica-beskidzka","tag-wystawa"],"acf":[],"jetpack_featured_media_url":"","_links":{"self":[{"href":"https:\/\/slaskipegaz.bs.katowice.pl\/index.php?rest_route=\/wp\/v2\/posts\/6594","targetHints":{"allow":["GET"]}}],"collection":[{"href":"https:\/\/slaskipegaz.bs.katowice.pl\/index.php?rest_route=\/wp\/v2\/posts"}],"about":[{"href":"https:\/\/slaskipegaz.bs.katowice.pl\/index.php?rest_route=\/wp\/v2\/types\/post"}],"author":[{"embeddable":true,"href":"https:\/\/slaskipegaz.bs.katowice.pl\/index.php?rest_route=\/wp\/v2\/users\/3"}],"replies":[{"embeddable":true,"href":"https:\/\/slaskipegaz.bs.katowice.pl\/index.php?rest_route=%2Fwp%2Fv2%2Fcomments&post=6594"}],"version-history":[{"count":1,"href":"https:\/\/slaskipegaz.bs.katowice.pl\/index.php?rest_route=\/wp\/v2\/posts\/6594\/revisions"}],"predecessor-version":[{"id":6598,"href":"https:\/\/slaskipegaz.bs.katowice.pl\/index.php?rest_route=\/wp\/v2\/posts\/6594\/revisions\/6598"}],"wp:attachment":[{"href":"https:\/\/slaskipegaz.bs.katowice.pl\/index.php?rest_route=%2Fwp%2Fv2%2Fmedia&parent=6594"}],"wp:term":[{"taxonomy":"category","embeddable":true,"href":"https:\/\/slaskipegaz.bs.katowice.pl\/index.php?rest_route=%2Fwp%2Fv2%2Fcategories&post=6594"},{"taxonomy":"post_tag","embeddable":true,"href":"https:\/\/slaskipegaz.bs.katowice.pl\/index.php?rest_route=%2Fwp%2Fv2%2Ftags&post=6594"}],"curies":[{"name":"wp","href":"https:\/\/api.w.org\/{rel}","templated":true}]}}