{"id":662,"date":"2014-10-31T12:41:46","date_gmt":"2014-10-31T11:41:46","guid":{"rendered":"http:\/\/slaskipegaz.bs.katowice.pl\/?p=662"},"modified":"2015-02-02T07:53:11","modified_gmt":"2015-02-02T06:53:11","slug":"relacja-miejska-biblioteka-publiczna-w-tychach","status":"publish","type":"post","link":"https:\/\/slaskipegaz.bs.katowice.pl\/?p=662","title":{"rendered":"[Relacja] MIEJSKA BIBLIOTEKA PUBLICZNA W TYCHACH"},"content":{"rendered":"<p><a href=\"https:\/\/slaskipegaz.bs.katowice.pl\/wp-content\/uploads\/2014\/10\/6.jpg\"><img loading=\"lazy\" decoding=\"async\" class=\"alignnone size-medium wp-image-663\" src=\"https:\/\/slaskipegaz.bs.katowice.pl\/wp-content\/uploads\/2014\/10\/6-300x225.jpg\" alt=\"6\" width=\"300\" height=\"225\" srcset=\"https:\/\/slaskipegaz.bs.katowice.pl\/wp-content\/uploads\/2014\/10\/6-300x225.jpg 300w, https:\/\/slaskipegaz.bs.katowice.pl\/wp-content\/uploads\/2014\/10\/6-1024x768.jpg 1024w, https:\/\/slaskipegaz.bs.katowice.pl\/wp-content\/uploads\/2014\/10\/6.jpg 1200w\" sizes=\"auto, (max-width: 300px) 100vw, 300px\" \/><\/a> <a href=\"https:\/\/slaskipegaz.bs.katowice.pl\/wp-content\/uploads\/2014\/10\/12.jpg\"><img loading=\"lazy\" decoding=\"async\" class=\"alignnone size-medium wp-image-664\" src=\"https:\/\/slaskipegaz.bs.katowice.pl\/wp-content\/uploads\/2014\/10\/12-300x225.jpg\" alt=\"1\" width=\"300\" height=\"225\" srcset=\"https:\/\/slaskipegaz.bs.katowice.pl\/wp-content\/uploads\/2014\/10\/12-300x225.jpg 300w, https:\/\/slaskipegaz.bs.katowice.pl\/wp-content\/uploads\/2014\/10\/12-1024x768.jpg 1024w, https:\/\/slaskipegaz.bs.katowice.pl\/wp-content\/uploads\/2014\/10\/12.jpg 1200w\" sizes=\"auto, (max-width: 300px) 100vw, 300px\" \/><\/a>19 pa\u017adziernika 2014 odby\u0142o si\u0119 przyj\u0119cie urodzinowe Klubu Motyli Ksi\u0105\u017ckowych, kt\u00f3ry od 10 lat dzia\u0142a w filii nr 7 dla dzieci i m\u0142odzie\u017cy (Al.Niepodleg\u0142o\u015bci 110). <!--more--><\/p>\n<p>Pomys\u0142odawczyni\u0105 spotka\u0144 dla najm\u0142odszych i ich rodzic\u00f3w jest kierownik plac\u00f3wki Gabriela Ferdyn. Maj\u0105 one na celu zach\u0119cenie rodzic\u00f3w do\u00a0 czytania swoim pociechom &#8211; cho\u0107by 20 minut ale &#8230; codziennie. Nie od dzi\u015b wiadomo, \u017ce czytanie wzbogaca s\u0142ownictwo, rozbudza wyobra\u017ani\u0119, uspokaja, wycisza i wyd\u0142u\u017ca koncentracj\u0119.<\/p>\n<p>Ju\u017c 10 lat najm\u0142odsi odwiedzaj\u0105 bibliotek\u0119 regularnie, co czwartek, by wys\u0142ucha\u0107 czytanego przez zaproszonych go\u015bci tekstu, odgadn\u0105\u0107 zgadywanki i \u0142amig\u0142\u00f3wki a tak\u017ce uczestniczy\u0107 w zabawach ruchowych czy plastycznych.\u00a0 Na\u00a0 urodzinach nie mog\u0142o zabrakn\u0105\u0107 tortu, przedstawienia przygotowanego przez nasze Motylki i oczywi\u015bcie czytania &#8222;Lokomotywy&#8221; Juliana Tuwima przez znamienitych go\u015bci.<\/p>\n<p>Przyj\u0119cie urodzinowe Klubu zgromadzi\u0142o nie tylko obecne Motylki, ale r\u00f3wnie\u017c tych, kt\u00f3rzy przychodzili 10 czy 5 lat temu. Na zawsze ju\u017c pozostan\u0105 Motylami Ksi\u0105\u017ckowymi i przyjaci\u00f3\u0142mi naszej Biblioteki.<span style=\"font-family: Arial,sans-serif;\"><span style=\"font-size: xx-small;\"><br \/>\n<\/span><\/span><\/p>\n<p>&nbsp;<\/p>\n<p>Nades\u0142a\u0142a: El\u017cbieta Pytel, Miejska Biblioteka Publiczna, Tychy<\/p>\n<p><span style=\"font-family: Arial,sans-serif;\"><span style=\"font-size: xx-small;\">\u00a0<\/span><\/span><\/p>\n<p>&nbsp;<\/p>\n","protected":false},"excerpt":{"rendered":"<p>19 pa\u017adziernika 2014 odby\u0142o si\u0119 przyj\u0119cie urodzinowe Klubu Motyli Ksi\u0105\u017ckowych, kt\u00f3ry od 10 lat dzia\u0142a w filii nr 7 dla dzieci i m\u0142odzie\u017cy (Al.Niepodleg\u0142o\u015bci 110).<\/p>\n","protected":false},"author":3,"featured_media":664,"comment_status":"closed","ping_status":"closed","sticky":false,"template":"","format":"standard","meta":{"_acf_changed":false,"_exactmetrics_skip_tracking":false,"_exactmetrics_sitenote_active":false,"_exactmetrics_sitenote_note":"","_exactmetrics_sitenote_category":0,"footnotes":""},"categories":[66],"tags":[78,79],"class_list":["post-662","post","type-post","status-publish","format-standard","has-post-thumbnail","hentry","category-nr-2-listopad-2014","tag-miejska-biblitoeka-publiczna-w-tychach","tag-zajecia-dla-dzieci"],"acf":[],"jetpack_featured_media_url":"https:\/\/slaskipegaz.bs.katowice.pl\/wp-content\/uploads\/2014\/10\/12.jpg","_links":{"self":[{"href":"https:\/\/slaskipegaz.bs.katowice.pl\/index.php?rest_route=\/wp\/v2\/posts\/662","targetHints":{"allow":["GET"]}}],"collection":[{"href":"https:\/\/slaskipegaz.bs.katowice.pl\/index.php?rest_route=\/wp\/v2\/posts"}],"about":[{"href":"https:\/\/slaskipegaz.bs.katowice.pl\/index.php?rest_route=\/wp\/v2\/types\/post"}],"author":[{"embeddable":true,"href":"https:\/\/slaskipegaz.bs.katowice.pl\/index.php?rest_route=\/wp\/v2\/users\/3"}],"replies":[{"embeddable":true,"href":"https:\/\/slaskipegaz.bs.katowice.pl\/index.php?rest_route=%2Fwp%2Fv2%2Fcomments&post=662"}],"version-history":[{"count":3,"href":"https:\/\/slaskipegaz.bs.katowice.pl\/index.php?rest_route=\/wp\/v2\/posts\/662\/revisions"}],"predecessor-version":[{"id":667,"href":"https:\/\/slaskipegaz.bs.katowice.pl\/index.php?rest_route=\/wp\/v2\/posts\/662\/revisions\/667"}],"wp:featuredmedia":[{"embeddable":true,"href":"https:\/\/slaskipegaz.bs.katowice.pl\/index.php?rest_route=\/wp\/v2\/media\/664"}],"wp:attachment":[{"href":"https:\/\/slaskipegaz.bs.katowice.pl\/index.php?rest_route=%2Fwp%2Fv2%2Fmedia&parent=662"}],"wp:term":[{"taxonomy":"category","embeddable":true,"href":"https:\/\/slaskipegaz.bs.katowice.pl\/index.php?rest_route=%2Fwp%2Fv2%2Fcategories&post=662"},{"taxonomy":"post_tag","embeddable":true,"href":"https:\/\/slaskipegaz.bs.katowice.pl\/index.php?rest_route=%2Fwp%2Fv2%2Ftags&post=662"}],"curies":[{"name":"wp","href":"https:\/\/api.w.org\/{rel}","templated":true}]}}