{"id":676,"date":"2014-10-31T13:08:27","date_gmt":"2014-10-31T12:08:27","guid":{"rendered":"http:\/\/slaskipegaz.bs.katowice.pl\/?p=676"},"modified":"2014-10-31T14:23:52","modified_gmt":"2014-10-31T13:23:52","slug":"relacja-miejsko-powiatowa-biblioteka-publiczna-w-pszczynie","status":"publish","type":"post","link":"https:\/\/slaskipegaz.bs.katowice.pl\/?p=676","title":{"rendered":"[Relacja] MIEJSKO-POWIATOWA BIBLIOTEKA PUBLICZNA W PSZCZYNIE"},"content":{"rendered":"<p><strong>S\u0142awomir Koper w Pszczynie<\/strong><\/p>\n<p><a href=\"https:\/\/slaskipegaz.bs.katowice.pl\/wp-content\/uploads\/2014\/10\/IMG_1878_www.jpg\"><img loading=\"lazy\" decoding=\"async\" class=\"alignnone size-medium wp-image-677\" src=\"https:\/\/slaskipegaz.bs.katowice.pl\/wp-content\/uploads\/2014\/10\/IMG_1878_www-300x224.jpg\" alt=\"IMG_1878_www\" width=\"300\" height=\"224\" srcset=\"https:\/\/slaskipegaz.bs.katowice.pl\/wp-content\/uploads\/2014\/10\/IMG_1878_www-300x224.jpg 300w, https:\/\/slaskipegaz.bs.katowice.pl\/wp-content\/uploads\/2014\/10\/IMG_1878_www.jpg 448w\" sizes=\"auto, (max-width: 300px) 100vw, 300px\" \/><\/a> <a href=\"https:\/\/slaskipegaz.bs.katowice.pl\/wp-content\/uploads\/2014\/10\/IMG_1885_www.jpg\"><img loading=\"lazy\" decoding=\"async\" class=\"alignnone  wp-image-678\" src=\"https:\/\/slaskipegaz.bs.katowice.pl\/wp-content\/uploads\/2014\/10\/IMG_1885_www-236x300.jpg\" alt=\"IMG_1885_www\" width=\"183\" height=\"232\" srcset=\"https:\/\/slaskipegaz.bs.katowice.pl\/wp-content\/uploads\/2014\/10\/IMG_1885_www-236x300.jpg 236w, https:\/\/slaskipegaz.bs.katowice.pl\/wp-content\/uploads\/2014\/10\/IMG_1885_www.jpg 336w\" sizes=\"auto, (max-width: 183px) 100vw, 183px\" \/><\/a><br \/>\nWe wtorkowy jesienny wiecz\u00f3r 21 pa\u017adziernika Miejsko-Powiatowa Biblioteka Publiczna w Pszczynie wraz z Pszczy\u0144skim Centrum Kultury zaprosi\u0142a mieszka\u0144c\u00f3w Pszczyny i okolic do\u00a0 Klubu &#8222;13\u201d, gdzie odby\u0142o si\u0119 spotkanie ze znanym historykiem &#8211; S\u0142awomirem Koprem. Pan S\u0142awomir jest autorem bestseller\u00f3w o sensacyjnym \u017cyciu elit i wielkich postaciach czas\u00f3w minionych od staro\u017cytno\u015bci po czasy PRL. <!--more--><br \/>\nGo\u015b\u0107 opowiada\u0142 o inspiracjach i \u017ar\u00f3d\u0142ach nietuzinkowych informacji do swoich ksi\u0105\u017cek. Przybli\u017ca\u0142 blaski i cienie zawodu pisarza, kulisach spotka\u0144 ze s\u0142awnymi lud\u017ami PRL-u czy lat 20. XX wieku. Jego tw\u00f3rczo\u015b\u0107 charakteryzuje unikanie &#8222;suchych fakt\u00f3w&#8221; historycznych &#8211;\u00a0 nie operuje datami, pisze prostym j\u0119zykiem, a ka\u017cda opisywana przez niego posta\u0107 jest ukazywana jako zwyk\u0142y \u015bmiertelnik, niezale\u017cnie od tego, czy jest politykiem czy gwiazd\u0105 kina, kt\u00f3ra w czasie wolnym, tak jak my, pije kaw\u0119 czy czyta ksi\u0105\u017ck\u0119 w swoim fotelu.<\/p>\n<p>Pan S\u0142awomir jest autorem ponad trzydziestu ksi\u0105\u017cek, ale jak mogli dowiedzie\u0107 si\u0119 zaproszeni go\u015bcie, autor ma ju\u017c pomys\u0142 i materia\u0142y na napisanie co najmniej o\u015bmiu kolejnych.<\/p>\n<p>Uczestnicy spotkania z uwag\u0105 s\u0142uchali historii zwi\u0105zanych z jego tw\u00f3rczo\u015bci\u0105. S\u0142awomir Koper ch\u0119tnie odpowiada\u0142 na pytania publiczno\u015bci, ubogacaj\u0105c swoje wypowiedzi licznymi anegdotami i w\u0105tkami rodzinnymi. Jak mogli\u015bmy si\u0119 dowiedzie\u0107, opr\u00f3cz dokumentowania przesz\u0142o\u015bci nasz go\u015b\u0107 bardzo lubi podr\u00f3\u017cowa\u0107 do Chorwacji, na Ukrain\u0119 czy do kraj\u00f3w by\u0142ego Zwi\u0105zku Radzieckigo, a &#8222;skutkiem ubocznym&#8221; takich wypraw s\u0105 przewodniki historyczne po poszczeg\u00f3lnych miastach.<\/p>\n<p>S\u0142awomir Koper \u2013 polski pisarz, autor ksi\u0105\u017cek historycznych. Wsp\u00f3\u0142pracowa\u0142 z miesi\u0119cznikiem \u201eUwa\u017cam Rze \u2022 Historia\u201d, felietonista tygodnika \u201eDo Rzeczy\u201d, publikuje w miesi\u0119cznikach \u201eHistoria Do Rzeczy\u201d i \u201eM\u00f3wi\u0105 Wieki\u201d oraz na portalu wp.pl. Historia. W listopadzie 2013 zosta\u0142 odznaczony przez prezydenta RP Bronis\u0142awa Komorowskiego srebrnym Krzy\u017cem Zas\u0142ugi za popularyzacj\u0119 historii w spo\u0142ecze\u0144stwie.<br \/>\nAutor m.in. takich publikacji jak:<br \/>\n&#8222;Wielcy zdrajcy. Od Piast\u00f3w do PRL&#8221;, &#8222;\u017bycie prywatne elit Drugiej Rzeczypospolitej&#8221;, &#8222;\u017bycie artystek PRL-u&#8221;, &#8222;Polskie piekie\u0142ko&#8221;, &#8222;Mi\u0142o\u015b\u0107 w powstaniu warszawskim&#8221;, &#8222;Alkohol i muzy&#8221;.<\/p>\n<p>Nades\u0142a\u0142a: Miejsko-Powiatowa Biblioteka Publiczna, Pszczyna<\/p>\n","protected":false},"excerpt":{"rendered":"<p>S\u0142awomir Koper w Pszczynie We wtorkowy jesienny wiecz\u00f3r 21 pa\u017adziernika Miejsko-Powiatowa Biblioteka Publiczna w Pszczynie wraz z Pszczy\u0144skim Centrum Kultury zaprosi\u0142a mieszka\u0144c\u00f3w Pszczyny i okolic do\u00a0 Klubu &#8222;13\u201d, gdzie odby\u0142o si\u0119 spotkanie ze znanym historykiem &#8211; S\u0142awomirem Koprem. Pan S\u0142awomir jest autorem bestseller\u00f3w o sensacyjnym \u017cyciu elit i wielkich postaciach czas\u00f3w minionych od staro\u017cytno\u015bci po &hellip; <a href=\"https:\/\/slaskipegaz.bs.katowice.pl\/?p=676\" class=\"more-link\">Czytaj dalej <span class=\"screen-reader-text\">[Relacja] MIEJSKO-POWIATOWA BIBLIOTEKA PUBLICZNA W PSZCZYNIE<\/span> <span class=\"meta-nav\">&rarr;<\/span><\/a><\/p>\n","protected":false},"author":3,"featured_media":678,"comment_status":"closed","ping_status":"open","sticky":false,"template":"","format":"standard","meta":{"_acf_changed":false,"_exactmetrics_skip_tracking":false,"_exactmetrics_sitenote_active":false,"_exactmetrics_sitenote_note":"","_exactmetrics_sitenote_category":0,"footnotes":""},"categories":[66],"tags":[82,11],"class_list":["post-676","post","type-post","status-publish","format-standard","has-post-thumbnail","hentry","category-nr-2-listopad-2014","tag-miejsko-powiatowa-biblitoeka-publiczbna-w-pszczynie","tag-spotkanie-autorskie"],"acf":[],"jetpack_featured_media_url":"https:\/\/slaskipegaz.bs.katowice.pl\/wp-content\/uploads\/2014\/10\/IMG_1885_www.jpg","_links":{"self":[{"href":"https:\/\/slaskipegaz.bs.katowice.pl\/index.php?rest_route=\/wp\/v2\/posts\/676","targetHints":{"allow":["GET"]}}],"collection":[{"href":"https:\/\/slaskipegaz.bs.katowice.pl\/index.php?rest_route=\/wp\/v2\/posts"}],"about":[{"href":"https:\/\/slaskipegaz.bs.katowice.pl\/index.php?rest_route=\/wp\/v2\/types\/post"}],"author":[{"embeddable":true,"href":"https:\/\/slaskipegaz.bs.katowice.pl\/index.php?rest_route=\/wp\/v2\/users\/3"}],"replies":[{"embeddable":true,"href":"https:\/\/slaskipegaz.bs.katowice.pl\/index.php?rest_route=%2Fwp%2Fv2%2Fcomments&post=676"}],"version-history":[{"count":1,"href":"https:\/\/slaskipegaz.bs.katowice.pl\/index.php?rest_route=\/wp\/v2\/posts\/676\/revisions"}],"predecessor-version":[{"id":679,"href":"https:\/\/slaskipegaz.bs.katowice.pl\/index.php?rest_route=\/wp\/v2\/posts\/676\/revisions\/679"}],"wp:featuredmedia":[{"embeddable":true,"href":"https:\/\/slaskipegaz.bs.katowice.pl\/index.php?rest_route=\/wp\/v2\/media\/678"}],"wp:attachment":[{"href":"https:\/\/slaskipegaz.bs.katowice.pl\/index.php?rest_route=%2Fwp%2Fv2%2Fmedia&parent=676"}],"wp:term":[{"taxonomy":"category","embeddable":true,"href":"https:\/\/slaskipegaz.bs.katowice.pl\/index.php?rest_route=%2Fwp%2Fv2%2Fcategories&post=676"},{"taxonomy":"post_tag","embeddable":true,"href":"https:\/\/slaskipegaz.bs.katowice.pl\/index.php?rest_route=%2Fwp%2Fv2%2Ftags&post=676"}],"curies":[{"name":"wp","href":"https:\/\/api.w.org\/{rel}","templated":true}]}}