{"id":680,"date":"2014-10-31T13:15:29","date_gmt":"2014-10-31T12:15:29","guid":{"rendered":"http:\/\/slaskipegaz.bs.katowice.pl\/?p=680"},"modified":"2014-10-31T14:23:46","modified_gmt":"2014-10-31T13:23:46","slug":"relacja-ksiaznica-beskidzka","status":"publish","type":"post","link":"https:\/\/slaskipegaz.bs.katowice.pl\/?p=680","title":{"rendered":"[Relacja] KSI\u0104\u017bNICA BESKIDZKA"},"content":{"rendered":"<p><strong>Wyszehradzki Festiwal Literatury W\u0119gierskiej w Bielsku-Bia\u0142ej<\/strong><br \/>\n<a href=\"https:\/\/slaskipegaz.bs.katowice.pl\/wp-content\/uploads\/2014\/10\/beskidzka.jpg\"><img loading=\"lazy\" decoding=\"async\" class=\"alignnone size-medium wp-image-681\" src=\"https:\/\/slaskipegaz.bs.katowice.pl\/wp-content\/uploads\/2014\/10\/beskidzka-300x208.jpg\" alt=\"beskidzka\" width=\"300\" height=\"208\" srcset=\"https:\/\/slaskipegaz.bs.katowice.pl\/wp-content\/uploads\/2014\/10\/beskidzka-300x208.jpg 300w, https:\/\/slaskipegaz.bs.katowice.pl\/wp-content\/uploads\/2014\/10\/beskidzka-1024x711.jpg 1024w, https:\/\/slaskipegaz.bs.katowice.pl\/wp-content\/uploads\/2014\/10\/beskidzka.jpg 1210w\" sizes=\"auto, (max-width: 300px) 100vw, 300px\" \/><\/a> <a href=\"https:\/\/slaskipegaz.bs.katowice.pl\/wp-content\/uploads\/2014\/10\/bekid.jpg\"><img loading=\"lazy\" decoding=\"async\" class=\"alignnone size-medium wp-image-682\" src=\"https:\/\/slaskipegaz.bs.katowice.pl\/wp-content\/uploads\/2014\/10\/bekid-300x208.jpg\" alt=\"bekid\" width=\"300\" height=\"208\" srcset=\"https:\/\/slaskipegaz.bs.katowice.pl\/wp-content\/uploads\/2014\/10\/bekid-300x208.jpg 300w, https:\/\/slaskipegaz.bs.katowice.pl\/wp-content\/uploads\/2014\/10\/bekid-1024x711.jpg 1024w, https:\/\/slaskipegaz.bs.katowice.pl\/wp-content\/uploads\/2014\/10\/bekid.jpg 1210w\" sizes=\"auto, (max-width: 300px) 100vw, 300px\" \/><\/a><\/p>\n<p>Wyszehradzki Festiwal Literatury to najwi\u0119ksza impreza literacka w naszym mie\u015bcie. Sk\u0142adaj\u0105 si\u0119 na ni\u0105 liczne spotkania z autorami, wyk\u0142ady, projekcje film\u00f3w, wystawy<br \/>\ni koncerty. Odbywa si\u0119 od wrze\u015bnia do listopada br. W tym czasie zainteresowani spotkaj\u0105 si\u0119 z przedstawicielami literatury s\u0142owackiej, czeskiej i w\u0119gierskiej.<!--more--> Festiwalowi Literatury towarzyszy mi\u0119dzynarodowy konkurs na napisanie ksi\u0105\u017cki z cyklu Tworzymy w\u0142asne wydawnictwo pt. \u201eWyszehradzki \u015bwiat ba\u015bni\u201d. Konkurs adresowany jest do dzieci i m\u0142odzie\u017cy, odbywa si\u0119 w cyklu rocznym. Fina\u0142 konkursu odb\u0119dzie si\u0119 w czerwcu 2015 r.<\/p>\n<p>Pomys\u0142odawc\u0105 festiwalu jest Ksi\u0105\u017cnica Beskidzka przy obop\u00f3lnym zaanga\u017cowaniu partner\u00f3w z Polski, Czech, S\u0142owacji i W\u0119gier. Projekt otrzyma\u0142 dofinansowanie z Mi\u0119dzynarodowego Funduszu Wyszehradzkiego.<\/p>\n<p>W dniach 20-22 pa\u017adziernika mieszka\u0144cy Bielska-Bia\u0142ej mogli uczestniczy\u0107 w Festiwalu Literatury W\u0119gierskiej. Swoj\u0105 obecno\u015bci\u0105 zaszczycili nas: Karol Biernacki, konsul RP<br \/>\nw Segedynie (W\u0119gry) oraz Grzegorz \u0141ubczyk, by\u0142y ambasador RP w Budapeszcie. Naszych partner\u00f3w reprezentowali: Takats Bela, zast\u0119pca dyrektora Miejskiej Biblioteki Publicznej, Dankone-Szabo Edit, Laszlo Cecilia z Punktu Informacji Europejskiej Europe Direct<br \/>\nw Szolnok.Podczas inauguracji festiwalu odby\u0142 si\u0119 koncert ludowej muzyki w\u0119gierskiej w wykonaniu kapeli g\u00f3ralskiej Baciarka.<\/p>\n<p>Tematyka festiwalu obejmowa\u0142a wydarzenia historyczne dotycz\u0105ce polskiego uchod\u017actwa na W\u0119grzech w okresie II wojny \u015bwiatowej i pomocy udzielonej Polakom zar\u00f3wno cywilom jak i \u017co\u0142nierzom przez \u00f3wczesny Rz\u0105d W\u0119gierski.<\/p>\n<p>Grzegorz \u0141ubczyk, autor licznych publikacji ksi\u0105\u017ckowych i prasowych na temat historii W\u0119gier i relacji polsko-w\u0119gierskich wyst\u0105pi\u0142 z wyk\u0142adem pt. \u201eFenomen wojennego uchod\u017actwa polskiego na W\u0119grzech i jego wiod\u0105ce postaci: Henryk S\u0142awik i Jozsef Antal senior\u201d. Podczas spotka\u0144 zaprezentowane zosta\u0142y dwa filmy: \u201e\u017bycie na kraw\u0119dzi. Henryk S\u0142awik &#8211; Jozsef Antal senior\u201d oraz \u201eW\u0119gierskie serce\u201d zrealizowane dla Religia TV w re\u017c. Grzegorza \u0141ubczyka.<\/p>\n<p>Festiwalowi towarzyszy\u0142a wystawa udost\u0119pniona przez W\u0119gierskie Archiwum Narodowe<br \/>\nw Szeged \u201eW\u0119gry Pala Telekiego\u2026 i kontakty z Polsk\u0105\u201d<\/p>\n<p>Nades\u0142a\u0142a: Katarzyna Rucha\u0142a, Ksi\u0105\u017cnica Beskidzka, Bielsko-Bia\u0142a<\/p>\n","protected":false},"excerpt":{"rendered":"<p>Wyszehradzki Festiwal Literatury W\u0119gierskiej w Bielsku-Bia\u0142ej Wyszehradzki Festiwal Literatury to najwi\u0119ksza impreza literacka w naszym mie\u015bcie. Sk\u0142adaj\u0105 si\u0119 na ni\u0105 liczne spotkania z autorami, wyk\u0142ady, projekcje film\u00f3w, wystawy i koncerty. Odbywa si\u0119 od wrze\u015bnia do listopada br. W tym czasie zainteresowani spotkaj\u0105 si\u0119 z przedstawicielami literatury s\u0142owackiej, czeskiej i w\u0119gierskiej.<\/p>\n","protected":false},"author":3,"featured_media":681,"comment_status":"closed","ping_status":"open","sticky":false,"template":"","format":"standard","meta":{"_acf_changed":false,"_exactmetrics_skip_tracking":false,"_exactmetrics_sitenote_active":false,"_exactmetrics_sitenote_note":"","_exactmetrics_sitenote_category":0,"footnotes":""},"categories":[66],"tags":[83,84],"class_list":["post-680","post","type-post","status-publish","format-standard","has-post-thumbnail","hentry","category-nr-2-listopad-2014","tag-ksiaznica-beskidzka","tag-wyszehradzki-festiwal-literatury"],"acf":[],"jetpack_featured_media_url":"https:\/\/slaskipegaz.bs.katowice.pl\/wp-content\/uploads\/2014\/10\/beskidzka.jpg","_links":{"self":[{"href":"https:\/\/slaskipegaz.bs.katowice.pl\/index.php?rest_route=\/wp\/v2\/posts\/680","targetHints":{"allow":["GET"]}}],"collection":[{"href":"https:\/\/slaskipegaz.bs.katowice.pl\/index.php?rest_route=\/wp\/v2\/posts"}],"about":[{"href":"https:\/\/slaskipegaz.bs.katowice.pl\/index.php?rest_route=\/wp\/v2\/types\/post"}],"author":[{"embeddable":true,"href":"https:\/\/slaskipegaz.bs.katowice.pl\/index.php?rest_route=\/wp\/v2\/users\/3"}],"replies":[{"embeddable":true,"href":"https:\/\/slaskipegaz.bs.katowice.pl\/index.php?rest_route=%2Fwp%2Fv2%2Fcomments&post=680"}],"version-history":[{"count":1,"href":"https:\/\/slaskipegaz.bs.katowice.pl\/index.php?rest_route=\/wp\/v2\/posts\/680\/revisions"}],"predecessor-version":[{"id":683,"href":"https:\/\/slaskipegaz.bs.katowice.pl\/index.php?rest_route=\/wp\/v2\/posts\/680\/revisions\/683"}],"wp:featuredmedia":[{"embeddable":true,"href":"https:\/\/slaskipegaz.bs.katowice.pl\/index.php?rest_route=\/wp\/v2\/media\/681"}],"wp:attachment":[{"href":"https:\/\/slaskipegaz.bs.katowice.pl\/index.php?rest_route=%2Fwp%2Fv2%2Fmedia&parent=680"}],"wp:term":[{"taxonomy":"category","embeddable":true,"href":"https:\/\/slaskipegaz.bs.katowice.pl\/index.php?rest_route=%2Fwp%2Fv2%2Fcategories&post=680"},{"taxonomy":"post_tag","embeddable":true,"href":"https:\/\/slaskipegaz.bs.katowice.pl\/index.php?rest_route=%2Fwp%2Fv2%2Ftags&post=680"}],"curies":[{"name":"wp","href":"https:\/\/api.w.org\/{rel}","templated":true}]}}