{"id":7464,"date":"2016-06-06T11:37:08","date_gmt":"2016-06-06T09:37:08","guid":{"rendered":"http:\/\/slaskipegaz.bs.katowice.pl\/?p=7464"},"modified":"2016-06-06T11:37:08","modified_gmt":"2016-06-06T09:37:08","slug":"relacja-miejska-i-powiatowa-biblioteka-publiczna-w-zawierciu-31","status":"publish","type":"post","link":"https:\/\/slaskipegaz.bs.katowice.pl\/?p=7464","title":{"rendered":"[Relacja] MIEJSKA I POWIATOWA BIBLIOTEKA PUBLICZNA W ZAWIERCIU"},"content":{"rendered":"<h6 style=\"text-align: center;\"><strong>Spotkanie z Wojciechem Wid\u0142akiem<\/strong><\/h6>\n<p><a href=\"https:\/\/slaskipegaz.bs.katowice.pl\/wp-content\/uploads\/2016\/06\/IMG_0655.jpg\" rel=\"attachment wp-att-7465\"><img loading=\"lazy\" decoding=\"async\" class=\"size-medium wp-image-7465 alignleft\" src=\"https:\/\/slaskipegaz.bs.katowice.pl\/wp-content\/uploads\/2016\/06\/IMG_0655-300x225.jpg\" alt=\"Wid\u0142ak\" width=\"300\" height=\"225\" srcset=\"https:\/\/slaskipegaz.bs.katowice.pl\/wp-content\/uploads\/2016\/06\/IMG_0655-300x225.jpg 300w, https:\/\/slaskipegaz.bs.katowice.pl\/wp-content\/uploads\/2016\/06\/IMG_0655-768x576.jpg 768w, https:\/\/slaskipegaz.bs.katowice.pl\/wp-content\/uploads\/2016\/06\/IMG_0655-1024x768.jpg 1024w\" sizes=\"auto, (max-width: 300px) 100vw, 300px\" \/><\/a>Dnia 23.05.2016 r. Filia nr 2 dla dzieci i M\u0142odzie\u017cy w ramach Dyskusyjnego Klubu Ksi\u0105\u017cki go\u015bci\u0142a pisarza dla dzieci Wojciecha Wid\u0142aka. Autor znany g\u0142\u00f3wnie z przyg\u00f3d o ,,Panu Kuleczce\u201d z pi\u0119knymi ilustracjami El\u017cbiety Wasiuczy\u0144skiej.<!--more--><\/p>\n<p>Stworzy\u0142 sympatyczne, weso\u0142e zwierz\u0105tka, s\u0142yn\u0105ce z zabawnych imion \u2013 kaczka Katastrofa, pies Pype\u0107, mucha Bzyk-Bzyk. Obecnie autor ma w dorobku ponad 20 ksi\u0105\u017cek.<\/p>\n<p><a href=\"https:\/\/slaskipegaz.bs.katowice.pl\/wp-content\/uploads\/2016\/06\/IMG_0659.jpg\" rel=\"attachment wp-att-7466\"><img loading=\"lazy\" decoding=\"async\" class=\"aligncenter size-medium wp-image-7466\" src=\"https:\/\/slaskipegaz.bs.katowice.pl\/wp-content\/uploads\/2016\/06\/IMG_0659-300x225.jpg\" alt=\"Wid\u0142ak\" width=\"300\" height=\"225\" srcset=\"https:\/\/slaskipegaz.bs.katowice.pl\/wp-content\/uploads\/2016\/06\/IMG_0659-300x225.jpg 300w, https:\/\/slaskipegaz.bs.katowice.pl\/wp-content\/uploads\/2016\/06\/IMG_0659-768x576.jpg 768w, https:\/\/slaskipegaz.bs.katowice.pl\/wp-content\/uploads\/2016\/06\/IMG_0659-1024x768.jpg 1024w\" sizes=\"auto, (max-width: 300px) 100vw, 300px\" \/><\/a><\/p>\n<p>Pisarz przyjecha\u0142 w stroju Pana Kuleczki i przywi\u00f3z\u0142 pacynki \u2013 psa Pypcia oraz kaczk\u0119 Katastrof\u0119. W trakcie spotkania czyta\u0142 fragmenty swoich ksi\u0105\u017cek, opowiada\u0142 sk\u0105d czerpie inspiracje, jak powstaj\u0105 ksi\u0105\u017cki oraz o tym jak bardzo potrzebna jest do tego wyobra\u017ania. Autor nawi\u0105za\u0142 doskona\u0142y kontakt z dzie\u0107mi , kt\u00f3re wykaza\u0142y si\u0119 du\u017c\u0105 pomys\u0142owo\u015bci\u0105 na temat otaczaj\u0105cego nas \u015bwiata.Tradycyjnie po spotkaniu uczniowie zakupili ksi\u0105\u017cki oraz otrzymali pami\u0105tkowy autograf. W spotkaniu uczestniczy\u0142o 43 dzieci z klas drugich ze Szko\u0142y Podstawowej nr 5 i Szko\u0142y Podstawowej nr 6.<\/p>\n<p>Nades\u0142a\u0142a: Miejska i Powiatowa Biblioteka Publiczna w Zawierciu<\/p>\n","protected":false},"excerpt":{"rendered":"<p>Spotkanie z Wojciechem Wid\u0142akiem Dnia 23.05.2016 r. Filia nr 2 dla dzieci i M\u0142odzie\u017cy w ramach Dyskusyjnego Klubu Ksi\u0105\u017cki go\u015bci\u0142a pisarza dla dzieci Wojciecha Wid\u0142aka. Autor znany g\u0142\u00f3wnie z przyg\u00f3d o ,,Panu Kuleczce\u201d z pi\u0119knymi ilustracjami El\u017cbiety Wasiuczy\u0144skiej.<\/p>\n","protected":false},"author":3,"featured_media":7466,"comment_status":"closed","ping_status":"closed","sticky":false,"template":"","format":"standard","meta":{"_acf_changed":false,"_exactmetrics_skip_tracking":false,"_exactmetrics_sitenote_active":false,"_exactmetrics_sitenote_note":"","_exactmetrics_sitenote_category":0,"footnotes":""},"categories":[695],"tags":[110,11,720],"class_list":["post-7464","post","type-post","status-publish","format-standard","has-post-thumbnail","hentry","category-nr-21-czerwiec-2016","tag-miejska-i-powiatowa-biblioteka-publiczna-w-zawierciu","tag-spotkanie-autorskie","tag-wojciech-widlak"],"acf":[],"jetpack_featured_media_url":"https:\/\/slaskipegaz.bs.katowice.pl\/wp-content\/uploads\/2016\/06\/IMG_0659.jpg","_links":{"self":[{"href":"https:\/\/slaskipegaz.bs.katowice.pl\/index.php?rest_route=\/wp\/v2\/posts\/7464","targetHints":{"allow":["GET"]}}],"collection":[{"href":"https:\/\/slaskipegaz.bs.katowice.pl\/index.php?rest_route=\/wp\/v2\/posts"}],"about":[{"href":"https:\/\/slaskipegaz.bs.katowice.pl\/index.php?rest_route=\/wp\/v2\/types\/post"}],"author":[{"embeddable":true,"href":"https:\/\/slaskipegaz.bs.katowice.pl\/index.php?rest_route=\/wp\/v2\/users\/3"}],"replies":[{"embeddable":true,"href":"https:\/\/slaskipegaz.bs.katowice.pl\/index.php?rest_route=%2Fwp%2Fv2%2Fcomments&post=7464"}],"version-history":[{"count":1,"href":"https:\/\/slaskipegaz.bs.katowice.pl\/index.php?rest_route=\/wp\/v2\/posts\/7464\/revisions"}],"predecessor-version":[{"id":7467,"href":"https:\/\/slaskipegaz.bs.katowice.pl\/index.php?rest_route=\/wp\/v2\/posts\/7464\/revisions\/7467"}],"wp:featuredmedia":[{"embeddable":true,"href":"https:\/\/slaskipegaz.bs.katowice.pl\/index.php?rest_route=\/wp\/v2\/media\/7466"}],"wp:attachment":[{"href":"https:\/\/slaskipegaz.bs.katowice.pl\/index.php?rest_route=%2Fwp%2Fv2%2Fmedia&parent=7464"}],"wp:term":[{"taxonomy":"category","embeddable":true,"href":"https:\/\/slaskipegaz.bs.katowice.pl\/index.php?rest_route=%2Fwp%2Fv2%2Fcategories&post=7464"},{"taxonomy":"post_tag","embeddable":true,"href":"https:\/\/slaskipegaz.bs.katowice.pl\/index.php?rest_route=%2Fwp%2Fv2%2Ftags&post=7464"}],"curies":[{"name":"wp","href":"https:\/\/api.w.org\/{rel}","templated":true}]}}