{"id":7644,"date":"2016-06-15T10:18:30","date_gmt":"2016-06-15T08:18:30","guid":{"rendered":"http:\/\/slaskipegaz.bs.katowice.pl\/?p=7644"},"modified":"2016-07-04T12:56:06","modified_gmt":"2016-07-04T10:56:06","slug":"relacja-miejska-i-powiatowa-biblioteka-publiczna-w-raciborzu-149","status":"publish","type":"post","link":"https:\/\/slaskipegaz.bs.katowice.pl\/?p=7644","title":{"rendered":"[Relacja] MIEJSKA I POWIATOWA BIBLIOTEKA PUBLICZNA W RACIBORZU"},"content":{"rendered":"<h6 style=\"text-align: center;\">XV Og\u00f3lnopolski Tydzie\u0144 Czytania Dzieciom w raciborskiej bibliotece<\/h6>\n<p><a href=\"https:\/\/slaskipegaz.bs.katowice.pl\/wp-content\/uploads\/2016\/06\/DSC00338.jpg\" rel=\"attachment wp-att-7645\"><img loading=\"lazy\" decoding=\"async\" class=\"size-medium wp-image-7645 alignleft\" src=\"https:\/\/slaskipegaz.bs.katowice.pl\/wp-content\/uploads\/2016\/06\/DSC00338-300x169.jpg\" alt=\"zaj\u0119cia\" width=\"300\" height=\"169\" srcset=\"https:\/\/slaskipegaz.bs.katowice.pl\/wp-content\/uploads\/2016\/06\/DSC00338-300x169.jpg 300w, https:\/\/slaskipegaz.bs.katowice.pl\/wp-content\/uploads\/2016\/06\/DSC00338-768x432.jpg 768w, https:\/\/slaskipegaz.bs.katowice.pl\/wp-content\/uploads\/2016\/06\/DSC00338-1024x575.jpg 1024w, https:\/\/slaskipegaz.bs.katowice.pl\/wp-content\/uploads\/2016\/06\/DSC00338.jpg 1920w\" sizes=\"auto, (max-width: 300px) 100vw, 300px\" \/><\/a>Oficjalnie w minion\u0105 niedziel\u0119 a w Raciborzu dopiero dzisiaj, zako\u0144czy\u0142 si\u0119 XV Og\u00f3lnopolski Tydzie\u0144 Czytania Dzieciom, w kt\u00f3ry jak co roku w\u0142\u0105czy\u0142a si\u0119 raciborska biblioteka, organizuj\u0105c g\u0142o\u015bne czytanie wybranych ba\u015bni braci Grimm.<!--more--><\/p>\n<p>Udzia\u0142 w poszczeg\u00f3lnych spotkaniach wzi\u0119\u0142o ponad 220 dzieci z raciborskich przedszkoli i szk\u00f3\u0142 podstawowych. <em>Roszpunk\u0119<\/em>, <em>Muzykant\u00f3w z Bremy<\/em> czy <em>Bajk\u0119 o z\u0142otym ptaku<\/em> czytali zaproszeni go\u015bcie m.in. dziennikarka Joanna Wieczorek, dyrektor RCK Joanna Maksym-Benczew, pisarz S\u0142awomir Hanak, dyrektor MiPBP Ma\u0142gorzata Szczygielska a nawet mama i babcia jednej ze s\u0142uchaczek. Nie zabrak\u0142o oczywi\u015bcie zabaw plastycznych i ruchowych zwi\u0105zanych tematycznie z przeczytan\u0105 ba\u015bni\u0105.<\/p>\n<p><a href=\"https:\/\/slaskipegaz.bs.katowice.pl\/wp-content\/uploads\/2016\/06\/DSC00487.jpg\" rel=\"attachment wp-att-7646\"><img loading=\"lazy\" decoding=\"async\" class=\"aligncenter size-medium wp-image-7646\" src=\"https:\/\/slaskipegaz.bs.katowice.pl\/wp-content\/uploads\/2016\/06\/DSC00487-300x169.jpg\" alt=\"spotkanie\" width=\"300\" height=\"169\" srcset=\"https:\/\/slaskipegaz.bs.katowice.pl\/wp-content\/uploads\/2016\/06\/DSC00487-300x169.jpg 300w, https:\/\/slaskipegaz.bs.katowice.pl\/wp-content\/uploads\/2016\/06\/DSC00487-768x432.jpg 768w, https:\/\/slaskipegaz.bs.katowice.pl\/wp-content\/uploads\/2016\/06\/DSC00487-1024x575.jpg 1024w, https:\/\/slaskipegaz.bs.katowice.pl\/wp-content\/uploads\/2016\/06\/DSC00487.jpg 1920w\" sizes=\"auto, (max-width: 300px) 100vw, 300px\" \/><\/a>Dodatkowo, w bibliotece przy ul. \u017borskiej odby\u0142y si\u0119 dwa, inne ni\u017c wszystkie spotkania. 3 czerwca uczniowie klas III SP 18 mieli okazj\u0119 obejrze\u0107 spektakl \u201eOstatnia ksi\u0105\u017cka \u015bwiata\u201d w wykonaniu Teatru Maska z Krakowa a na fina\u0142 raciborskiego Tygodnia Czytania Dzieciom, ch\u00f3r Szko\u0142y Podstawowej nr 18 \u201eGwiazdki Osiemnastki\u201d zaprezentowa\u0142 muzyczn\u0105 wersj\u0119 \u201eKopciuszka\u201d i \u201eCzerwonego Kapturka\u201d swoim m\u0142odszym kolegom.<\/p>\n<p><a href=\"https:\/\/slaskipegaz.bs.katowice.pl\/wp-content\/uploads\/2016\/06\/DSC09912.jpg\" rel=\"attachment wp-att-7647\"><img loading=\"lazy\" decoding=\"async\" class=\"aligncenter size-medium wp-image-7647\" src=\"https:\/\/slaskipegaz.bs.katowice.pl\/wp-content\/uploads\/2016\/06\/DSC09912-300x169.jpg\" alt=\"przedstawienie\" width=\"300\" height=\"169\" srcset=\"https:\/\/slaskipegaz.bs.katowice.pl\/wp-content\/uploads\/2016\/06\/DSC09912-300x169.jpg 300w, https:\/\/slaskipegaz.bs.katowice.pl\/wp-content\/uploads\/2016\/06\/DSC09912-768x432.jpg 768w, https:\/\/slaskipegaz.bs.katowice.pl\/wp-content\/uploads\/2016\/06\/DSC09912-1024x575.jpg 1024w, https:\/\/slaskipegaz.bs.katowice.pl\/wp-content\/uploads\/2016\/06\/DSC09912.jpg 1920w\" sizes=\"auto, (max-width: 300px) 100vw, 300px\" \/><\/a><a href=\"https:\/\/slaskipegaz.bs.katowice.pl\/wp-content\/uploads\/2016\/06\/PICT0291.jpg\" rel=\"attachment wp-att-7648\"><img loading=\"lazy\" decoding=\"async\" class=\"aligncenter size-medium wp-image-7648\" src=\"https:\/\/slaskipegaz.bs.katowice.pl\/wp-content\/uploads\/2016\/06\/PICT0291-300x225.jpg\" alt=\"spotkanie\" width=\"300\" height=\"225\" srcset=\"https:\/\/slaskipegaz.bs.katowice.pl\/wp-content\/uploads\/2016\/06\/PICT0291-300x225.jpg 300w, https:\/\/slaskipegaz.bs.katowice.pl\/wp-content\/uploads\/2016\/06\/PICT0291-768x576.jpg 768w, https:\/\/slaskipegaz.bs.katowice.pl\/wp-content\/uploads\/2016\/06\/PICT0291-1024x768.jpg 1024w, https:\/\/slaskipegaz.bs.katowice.pl\/wp-content\/uploads\/2016\/06\/PICT0291.jpg 1440w\" sizes=\"auto, (max-width: 300px) 100vw, 300px\" \/><\/a>XV Og\u00f3lnopolski Tydzie\u0144 Czytania Dzieciom to najwi\u0119ksze doroczne \u015bwi\u0119to w ramach, trwaj\u0105cej nieprzerwanie od 2001 roku, kampanii spo\u0142ecznej \u201eCa\u0142a Polska czyta dzieciom\u201d, w tym roku obchodzony pod has\u0142em \u201eCZYTANIE USKRZYDLA\u201d.<\/p>\n<p>Nades\u0142a\u0142a: Miejska i Powiatowa Biblioteka Publiczna w Raciborzu<\/p>\n","protected":false},"excerpt":{"rendered":"<p>XV Og\u00f3lnopolski Tydzie\u0144 Czytania Dzieciom w raciborskiej bibliotece Oficjalnie w minion\u0105 niedziel\u0119 a w Raciborzu dopiero dzisiaj, zako\u0144czy\u0142 si\u0119 XV Og\u00f3lnopolski Tydzie\u0144 Czytania Dzieciom, w kt\u00f3ry jak co roku w\u0142\u0105czy\u0142a si\u0119 raciborska biblioteka, organizuj\u0105c g\u0142o\u015bne czytanie wybranych ba\u015bni braci Grimm.<\/p>\n","protected":false},"author":3,"featured_media":7646,"comment_status":"closed","ping_status":"closed","sticky":false,"template":"","format":"standard","meta":{"_acf_changed":false,"_exactmetrics_skip_tracking":false,"_exactmetrics_sitenote_active":false,"_exactmetrics_sitenote_note":"","_exactmetrics_sitenote_category":0,"footnotes":""},"categories":[723],"tags":[48,280],"class_list":["post-7644","post","type-post","status-publish","format-standard","has-post-thumbnail","hentry","category-nr-22-lipiec-2016","tag-miejska-i-powiatowa-biblioteka-publiczna-w-raciborzu","tag-ogolnopolski-tydzien-czytania-dzieciom"],"acf":[],"jetpack_featured_media_url":"https:\/\/slaskipegaz.bs.katowice.pl\/wp-content\/uploads\/2016\/06\/DSC00487.jpg","_links":{"self":[{"href":"https:\/\/slaskipegaz.bs.katowice.pl\/index.php?rest_route=\/wp\/v2\/posts\/7644","targetHints":{"allow":["GET"]}}],"collection":[{"href":"https:\/\/slaskipegaz.bs.katowice.pl\/index.php?rest_route=\/wp\/v2\/posts"}],"about":[{"href":"https:\/\/slaskipegaz.bs.katowice.pl\/index.php?rest_route=\/wp\/v2\/types\/post"}],"author":[{"embeddable":true,"href":"https:\/\/slaskipegaz.bs.katowice.pl\/index.php?rest_route=\/wp\/v2\/users\/3"}],"replies":[{"embeddable":true,"href":"https:\/\/slaskipegaz.bs.katowice.pl\/index.php?rest_route=%2Fwp%2Fv2%2Fcomments&post=7644"}],"version-history":[{"count":1,"href":"https:\/\/slaskipegaz.bs.katowice.pl\/index.php?rest_route=\/wp\/v2\/posts\/7644\/revisions"}],"predecessor-version":[{"id":7649,"href":"https:\/\/slaskipegaz.bs.katowice.pl\/index.php?rest_route=\/wp\/v2\/posts\/7644\/revisions\/7649"}],"wp:featuredmedia":[{"embeddable":true,"href":"https:\/\/slaskipegaz.bs.katowice.pl\/index.php?rest_route=\/wp\/v2\/media\/7646"}],"wp:attachment":[{"href":"https:\/\/slaskipegaz.bs.katowice.pl\/index.php?rest_route=%2Fwp%2Fv2%2Fmedia&parent=7644"}],"wp:term":[{"taxonomy":"category","embeddable":true,"href":"https:\/\/slaskipegaz.bs.katowice.pl\/index.php?rest_route=%2Fwp%2Fv2%2Fcategories&post=7644"},{"taxonomy":"post_tag","embeddable":true,"href":"https:\/\/slaskipegaz.bs.katowice.pl\/index.php?rest_route=%2Fwp%2Fv2%2Ftags&post=7644"}],"curies":[{"name":"wp","href":"https:\/\/api.w.org\/{rel}","templated":true}]}}