{"id":7747,"date":"2016-07-01T10:30:52","date_gmt":"2016-07-01T08:30:52","guid":{"rendered":"http:\/\/slaskipegaz.bs.katowice.pl\/?p=7747"},"modified":"2016-07-04T12:55:05","modified_gmt":"2016-07-04T10:55:05","slug":"relacja-miejska-biblioteka-publiczna-w-piekarach-slaskich-4","status":"publish","type":"post","link":"https:\/\/slaskipegaz.bs.katowice.pl\/?p=7747","title":{"rendered":"[Relacja] MIEJSKA BIBLIOTEKA PUBLICZNA W PIEKARACH \u015aL\u0104SKICH"},"content":{"rendered":"<h6 style=\"text-align: center;\">JAK NIE CZYTAM, JAK CZYTAM w Piekarskiej Bibliotece<\/h6>\n<p><a href=\"https:\/\/slaskipegaz.bs.katowice.pl\/wp-content\/uploads\/2016\/07\/IMG_2644.jpg\" rel=\"attachment wp-att-7748\"><img loading=\"lazy\" decoding=\"async\" class=\"size-medium wp-image-7748 alignleft\" src=\"https:\/\/slaskipegaz.bs.katowice.pl\/wp-content\/uploads\/2016\/07\/IMG_2644-300x200.jpg\" alt=\"m\u0142odzie\u017c\" width=\"300\" height=\"200\" srcset=\"https:\/\/slaskipegaz.bs.katowice.pl\/wp-content\/uploads\/2016\/07\/IMG_2644-300x200.jpg 300w, https:\/\/slaskipegaz.bs.katowice.pl\/wp-content\/uploads\/2016\/07\/IMG_2644-768x512.jpg 768w, https:\/\/slaskipegaz.bs.katowice.pl\/wp-content\/uploads\/2016\/07\/IMG_2644.jpg 1024w\" sizes=\"auto, (max-width: 300px) 100vw, 300px\" \/><\/a>Przyst\u0119puj\u0105c do og\u00f3lnopolskiej akcji \u201eJak nie czytam, jak czytam\u201d nie przypuszczali\u015bmy, \u017ce tylu m\u0142odych ludzi przy\u0142\u0105czy si\u0119 do nas. 10 czerwca br. razem z m\u0142odzie\u017c\u0105 z piekarskich szk\u00f3\u0142 przeszli\u015bmy barwnym pochodem ulicami miasta, by w pobli\u017cu Miejskiego Domu Kultury, podj\u0105\u0107 pr\u00f3b\u0119 ustanowienia rekordu czytania w jednym miejscu. Jak wypadniemy w konfrontacji z innymi?<!--more--> Tego oczywi\u015bcie na chwil\u0119 obecn\u0105 nie wiemy, ale osi\u0105gn\u0119li\u015bmy rzecz bardzo wa\u017cn\u0105 \u2013 CZYTANIEM MO\u017bNA I TRZEBA CHWALI\u0106 SI\u0118. Wyra\u017camy te\u017c nadziej\u0119, \u017ce zwr\u00f3cili\u015bmy uwag\u0119 spo\u0142eczno\u015bci Piekar \u015al\u0105skich, \u017ce kondycja bibliotek przek\u0142ada si\u0119 na wska\u017aniki czytelnictwa. Jak podkre\u015blaj\u0105 eksperci, jedyna nadzieja na wzrost czytelnictwa le\u017cy w dorastaj\u0105cym pokoleniu, a przewodni\u0105 rol\u0119 w jego aktywizacji pe\u0142ni\u0105 biblioteki.<\/p>\n<p><a href=\"https:\/\/slaskipegaz.bs.katowice.pl\/wp-content\/uploads\/2016\/07\/IMG_2464.jpg\" rel=\"attachment wp-att-7749\"><img loading=\"lazy\" decoding=\"async\" class=\"aligncenter size-medium wp-image-7749\" src=\"https:\/\/slaskipegaz.bs.katowice.pl\/wp-content\/uploads\/2016\/07\/IMG_2464-300x200.jpg\" alt=\"plakaty\" width=\"300\" height=\"200\" srcset=\"https:\/\/slaskipegaz.bs.katowice.pl\/wp-content\/uploads\/2016\/07\/IMG_2464-300x200.jpg 300w, https:\/\/slaskipegaz.bs.katowice.pl\/wp-content\/uploads\/2016\/07\/IMG_2464-768x512.jpg 768w, https:\/\/slaskipegaz.bs.katowice.pl\/wp-content\/uploads\/2016\/07\/IMG_2464.jpg 1024w\" sizes=\"auto, (max-width: 300px) 100vw, 300px\" \/><\/a><\/p>\n<p>Przyst\u0119puj\u0105c do akcji szukali\u015bmy sprzymierze\u0144c\u00f3w. Chodzi\u0142o nam o to, by by\u0107 widocznym w przestrzeni naszego miasta. Postanowili\u015bmy zwr\u00f3ci\u0107 si\u0119 o pomoc do kopalni z terenu Piekar \u015al\u0105skich w sprawie bezp\u0142atnego nape\u0142nienia helem stu balon\u00f3w. Nasza pro\u015bba zosta\u0142a przyj\u0119ta ze zrozumieniem i chmura \u017c\u00f3\u0142tych balon\u00f3w g\u00f3rowa\u0142a ponad nami. Przygotowali\u015bmy okoliczno\u015bciowe transparenty, uczestnik\u00f3w wyposa\u017cyli\u015bmy w g\u0142o\u015bne tr\u0105bki. Liczna grupa uczestnik\u00f3w maszerowa\u0142a w strojach przedstawiaj\u0105cych r\u00f3\u017cne postacie literackie. Byli\u015bmy naprawd\u0119 widoczni! W samym przemarszu pomaga\u0142a nam policja, by\u015bmy mogli czu\u0107 si\u0119 bezpiecznie. Po dotarciu do miejsca, gdzie zamierzali\u015bmy czyta\u0107, okaza\u0142o si\u0119, \u017ce Prezydent Piekar \u015al\u0105skich, Pani S\u0142awa Umi\u0144ska-Duraj chce si\u0119 spotka\u0107 z uczestnikami. Wyrazi\u0142a rado\u015b\u0107 z uczestnictwa tak licznej grupy w pr\u00f3bie bicia rekordu czytania w jednym miejscu. Przekaza\u0142a nam pozdrowienia i wszyscy razem rozpocz\u0119li\u015bmy czytanie \u2013 ka\u017cdy swoj\u0105 ksi\u0105\u017ck\u0119. By\u0142o g\u0142o\u015bno i rado\u015bnie, a przechodz\u0105cy przypadkowo ludzie do\u0142\u0105czali do nas!<\/p>\n<p><a href=\"https:\/\/slaskipegaz.bs.katowice.pl\/wp-content\/uploads\/2016\/07\/IMG_2464.jpg\" rel=\"attachment wp-att-7749\"><img loading=\"lazy\" decoding=\"async\" class=\"aligncenter size-medium wp-image-7749\" src=\"https:\/\/slaskipegaz.bs.katowice.pl\/wp-content\/uploads\/2016\/07\/IMG_2464-300x200.jpg\" alt=\"plakaty\" width=\"300\" height=\"200\" srcset=\"https:\/\/slaskipegaz.bs.katowice.pl\/wp-content\/uploads\/2016\/07\/IMG_2464-300x200.jpg 300w, https:\/\/slaskipegaz.bs.katowice.pl\/wp-content\/uploads\/2016\/07\/IMG_2464-768x512.jpg 768w, https:\/\/slaskipegaz.bs.katowice.pl\/wp-content\/uploads\/2016\/07\/IMG_2464.jpg 1024w\" sizes=\"auto, (max-width: 300px) 100vw, 300px\" \/><\/a><a href=\"https:\/\/slaskipegaz.bs.katowice.pl\/wp-content\/uploads\/2016\/07\/IMG_6636.jpg\" rel=\"attachment wp-att-7752\"><img loading=\"lazy\" decoding=\"async\" class=\"aligncenter size-medium wp-image-7752\" src=\"https:\/\/slaskipegaz.bs.katowice.pl\/wp-content\/uploads\/2016\/07\/IMG_6636-300x225.jpg\" alt=\"uczestnicy\" width=\"300\" height=\"225\" srcset=\"https:\/\/slaskipegaz.bs.katowice.pl\/wp-content\/uploads\/2016\/07\/IMG_6636-300x225.jpg 300w, https:\/\/slaskipegaz.bs.katowice.pl\/wp-content\/uploads\/2016\/07\/IMG_6636-768x576.jpg 768w, https:\/\/slaskipegaz.bs.katowice.pl\/wp-content\/uploads\/2016\/07\/IMG_6636.jpg 1024w\" sizes=\"auto, (max-width: 300px) 100vw, 300px\" \/><\/a>Pokazali\u015bmy aktywno\u015b\u0107 czytelnicz\u0105 m\u0142odzie\u017cy w Piekarach \u015al\u0105skich! Jest si\u0119 czym chwali\u0107. By\u0142o nas 488 os\u00f3b! Razem i r\u00f3wnocze\u015bnie czytali\u015bmy r\u00f3\u017cne ksi\u0105\u017cki, podejmuj\u0105c t\u0119 niecodzienn\u0105 pr\u00f3b\u0119. Warto zada\u0107 sobie trud organizacji takiego przedsi\u0119wzi\u0119cia, bo ono u\u015bwiadamia nam, \u017ce to doskona\u0142a forma promocji czytelnictwa i samych bibliotek. Ju\u017c dzi\u015b planujemy podobn\u0105 akcj\u0119 za rok. Mamy nadziej\u0119, \u017ce skutecznie zainicjowali\u015bmy mod\u0119 na czytanie.<\/p>\n<p><a href=\"https:\/\/slaskipegaz.bs.katowice.pl\/wp-content\/uploads\/2016\/07\/IMG_2501.jpg\" rel=\"attachment wp-att-7750\"><img loading=\"lazy\" decoding=\"async\" class=\"aligncenter size-medium wp-image-7750\" src=\"https:\/\/slaskipegaz.bs.katowice.pl\/wp-content\/uploads\/2016\/07\/IMG_2501-300x200.jpg\" alt=\"uczestnicy\" width=\"300\" height=\"200\" srcset=\"https:\/\/slaskipegaz.bs.katowice.pl\/wp-content\/uploads\/2016\/07\/IMG_2501-300x200.jpg 300w, https:\/\/slaskipegaz.bs.katowice.pl\/wp-content\/uploads\/2016\/07\/IMG_2501-768x512.jpg 768w, https:\/\/slaskipegaz.bs.katowice.pl\/wp-content\/uploads\/2016\/07\/IMG_2501.jpg 1024w\" sizes=\"auto, (max-width: 300px) 100vw, 300px\" \/><\/a>Nades\u0142a\u0142a: Miejska Biblioteka Publiczna w Piekarach \u015al\u0105skich<\/p>\n","protected":false},"excerpt":{"rendered":"<p>JAK NIE CZYTAM, JAK CZYTAM w Piekarskiej Bibliotece Przyst\u0119puj\u0105c do og\u00f3lnopolskiej akcji \u201eJak nie czytam, jak czytam\u201d nie przypuszczali\u015bmy, \u017ce tylu m\u0142odych ludzi przy\u0142\u0105czy si\u0119 do nas. 10 czerwca br. razem z m\u0142odzie\u017c\u0105 z piekarskich szk\u00f3\u0142 przeszli\u015bmy barwnym pochodem ulicami miasta, by w pobli\u017cu Miejskiego Domu Kultury, podj\u0105\u0107 pr\u00f3b\u0119 ustanowienia rekordu czytania w jednym miejscu. &hellip; <a href=\"https:\/\/slaskipegaz.bs.katowice.pl\/?p=7747\" class=\"more-link\">Czytaj dalej <span class=\"screen-reader-text\">[Relacja] MIEJSKA BIBLIOTEKA PUBLICZNA W PIEKARACH \u015aL\u0104SKICH<\/span> <span class=\"meta-nav\">&rarr;<\/span><\/a><\/p>\n","protected":false},"author":3,"featured_media":7750,"comment_status":"closed","ping_status":"closed","sticky":false,"template":"","format":"standard","meta":{"_acf_changed":false,"_exactmetrics_skip_tracking":false,"_exactmetrics_sitenote_active":false,"_exactmetrics_sitenote_note":"","_exactmetrics_sitenote_category":0,"footnotes":""},"categories":[723],"tags":[727,309],"class_list":["post-7747","post","type-post","status-publish","format-standard","has-post-thumbnail","hentry","category-nr-22-lipiec-2016","tag-jak-nie-czytam-jak-czytam","tag-miejska-biblioteka-publiczna-w-piekarach-slaskich"],"acf":[],"jetpack_featured_media_url":"https:\/\/slaskipegaz.bs.katowice.pl\/wp-content\/uploads\/2016\/07\/IMG_2501.jpg","_links":{"self":[{"href":"https:\/\/slaskipegaz.bs.katowice.pl\/index.php?rest_route=\/wp\/v2\/posts\/7747","targetHints":{"allow":["GET"]}}],"collection":[{"href":"https:\/\/slaskipegaz.bs.katowice.pl\/index.php?rest_route=\/wp\/v2\/posts"}],"about":[{"href":"https:\/\/slaskipegaz.bs.katowice.pl\/index.php?rest_route=\/wp\/v2\/types\/post"}],"author":[{"embeddable":true,"href":"https:\/\/slaskipegaz.bs.katowice.pl\/index.php?rest_route=\/wp\/v2\/users\/3"}],"replies":[{"embeddable":true,"href":"https:\/\/slaskipegaz.bs.katowice.pl\/index.php?rest_route=%2Fwp%2Fv2%2Fcomments&post=7747"}],"version-history":[{"count":3,"href":"https:\/\/slaskipegaz.bs.katowice.pl\/index.php?rest_route=\/wp\/v2\/posts\/7747\/revisions"}],"predecessor-version":[{"id":7754,"href":"https:\/\/slaskipegaz.bs.katowice.pl\/index.php?rest_route=\/wp\/v2\/posts\/7747\/revisions\/7754"}],"wp:featuredmedia":[{"embeddable":true,"href":"https:\/\/slaskipegaz.bs.katowice.pl\/index.php?rest_route=\/wp\/v2\/media\/7750"}],"wp:attachment":[{"href":"https:\/\/slaskipegaz.bs.katowice.pl\/index.php?rest_route=%2Fwp%2Fv2%2Fmedia&parent=7747"}],"wp:term":[{"taxonomy":"category","embeddable":true,"href":"https:\/\/slaskipegaz.bs.katowice.pl\/index.php?rest_route=%2Fwp%2Fv2%2Fcategories&post=7747"},{"taxonomy":"post_tag","embeddable":true,"href":"https:\/\/slaskipegaz.bs.katowice.pl\/index.php?rest_route=%2Fwp%2Fv2%2Ftags&post=7747"}],"curies":[{"name":"wp","href":"https:\/\/api.w.org\/{rel}","templated":true}]}}