{"id":7817,"date":"2016-07-04T09:20:39","date_gmt":"2016-07-04T07:20:39","guid":{"rendered":"http:\/\/slaskipegaz.bs.katowice.pl\/?p=7817"},"modified":"2016-07-04T09:20:39","modified_gmt":"2016-07-04T07:20:39","slug":"relacja-gminna-biblioteka-publiczna-w-mierzecicach-7","status":"publish","type":"post","link":"https:\/\/slaskipegaz.bs.katowice.pl\/?p=7817","title":{"rendered":"[Relacja] GMINNA BIBLIOTEKA PUBLICZNA W MIERZ\u0118CICACH"},"content":{"rendered":"<h6 style=\"text-align: center;\"><strong>S\u0142o\u0144 Elmer w Bibliotece<\/strong><\/h6>\n<p><a href=\"https:\/\/slaskipegaz.bs.katowice.pl\/wp-content\/uploads\/2016\/07\/DSCF7032.jpg\" rel=\"attachment wp-att-7818\"><img loading=\"lazy\" decoding=\"async\" class=\"size-medium wp-image-7818 alignleft\" src=\"https:\/\/slaskipegaz.bs.katowice.pl\/wp-content\/uploads\/2016\/07\/DSCF7032-300x225.jpg\" alt=\"GRUPA\" width=\"300\" height=\"225\" srcset=\"https:\/\/slaskipegaz.bs.katowice.pl\/wp-content\/uploads\/2016\/07\/DSCF7032-300x225.jpg 300w, https:\/\/slaskipegaz.bs.katowice.pl\/wp-content\/uploads\/2016\/07\/DSCF7032-768x576.jpg 768w, https:\/\/slaskipegaz.bs.katowice.pl\/wp-content\/uploads\/2016\/07\/DSCF7032-1024x768.jpg 1024w\" sizes=\"auto, (max-width: 300px) 100vw, 300px\" \/><\/a>W ramach XV Og\u00f3lnopolskiego Tygodnia Czytania Dzieciom Gminn\u0105 Bibliotek\u0119 Publiczn\u0105 w Mierz\u0119cicach odwiedzi\u0142 kolorowy s\u0142o\u0144 Elmer, bohater ksi\u0105\u017cek angielskiego pisarza Davida McKee. Podczas og\u00f3lnopolskiego Tygodnia Czytania organizowanego co roku przez Fundacj\u0119 ABCXXI \u201eCa\u0142a Polska Czyta Dzieciom\u201d biblioteka przygotowa\u0142a dla dzieci cykl spotka\u0144 z weso\u0142ym s\u0142oniem w kratk\u0119 pt. \u201eSpotkanie z Elmerem<strong>\u201d<\/strong>.<!--more--> Spotkania odby\u0142y si\u0119 w dniach 07-14 czerwca 2016r. Bohater ksi\u0105\u017ceczek dla dzieci, weso\u0142y s\u0142onik Elmer prze\u017cywaj\u0105cy wiele niezwyk\u0142ych przyg\u00f3d odwiedzi\u0142 oddzia\u0142y Przedszkolne w Mierz\u0119cicach i Nowej Wsi oraz uczni\u00f3w szk\u00f3\u0142 w Mierz\u0119cicach, Toporowicach i Mierz\u0119cicach Osiedlu. Elmer wzi\u0105\u0142 r\u00f3wnie\u017c udzia\u0142 w ustanawianiu rekordu czytania w Szkole Podstawowej Nr 1 w Mierz\u0119cicach. Na zako\u0144czenie spotkania ka\u017cdy z uczestnik\u00f3w otrzyma\u0142 drobne upominki przywiezione przez naszego go\u015bcia; zak\u0142adka do ksi\u0105\u017cki, naklejka, kolorowanka. Wszyscy uczestnicy robili sobie tak\u017ce pami\u0105tkowe zdj\u0119cia z Elmerem. Po\u017cegnaniom nie by\u0142o ko\u0144ca, najm\u0142odsi nie chcieli aby s\u0142onik ju\u017c ich opuszcza\u0142. Elmer obieca\u0142 jednak, \u017ce jeszcze kiedy\u015b nas odwiedzi. <a href=\"https:\/\/slaskipegaz.bs.katowice.pl\/wp-content\/uploads\/2016\/07\/IMG_0047.jpg\" rel=\"attachment wp-att-7819\"><img loading=\"lazy\" decoding=\"async\" class=\"aligncenter size-medium wp-image-7819\" src=\"https:\/\/slaskipegaz.bs.katowice.pl\/wp-content\/uploads\/2016\/07\/IMG_0047-300x225.jpg\" alt=\"zaj\u0119cia\" width=\"300\" height=\"225\" srcset=\"https:\/\/slaskipegaz.bs.katowice.pl\/wp-content\/uploads\/2016\/07\/IMG_0047-300x225.jpg 300w, https:\/\/slaskipegaz.bs.katowice.pl\/wp-content\/uploads\/2016\/07\/IMG_0047-768x576.jpg 768w, https:\/\/slaskipegaz.bs.katowice.pl\/wp-content\/uploads\/2016\/07\/IMG_0047-1024x768.jpg 1024w\" sizes=\"auto, (max-width: 300px) 100vw, 300px\" \/><\/a><\/p>\n<p>S\u0142o\u0144 Elmer odwiedzi\u0142 r\u00f3wnie\u017c student\u00f3w Uniwersytetu Trzeciego Wieku, kt\u00f3rzy w Bibliotece brali udzia\u0142 w kursie komputerowym. Wszystkie spotkania up\u0142yn\u0119\u0142y w bardzo milej i radosnej atmosferze. Str\u00f3j s\u0142onia i drobne upominki przekaza\u0142o Wydawnictwo Publicat, wydawca ksi\u0105\u017cek o s\u0142oniu Elmerze.<\/p>\n<p>Podczas \u201eTygodnia Czytania\u201d opr\u00f3cz wizyty ksi\u0105\u017ckowego bohatera, r\u00f3wnie\u017c w Bibliotece w Mierz\u0119cicach uczniowie klas I ze Szko\u0142y Podstawowej w Mierz\u0119cicach zostali Pasowani na Czytelnika Biblioteki. Pod okiem s\u0142onia Elmera, kt\u00f3ry przyby\u0142 na to spotkanie m\u0142odzi kandydaci na czytelnik\u00f3w musieli wykona\u0107 przygotowane dla nich zadania \u2013 rozpozna\u0107 ksi\u0105\u017ck\u0119 z Biblioteki, pokolorowa\u0107 portret Elmera, wyja\u015bni\u0107 poj\u0119cia zwi\u0105zane z Bibliotek\u0105, u\u0142o\u017cy\u0107 ilustracje do ksi\u0105\u017cki zgodnie z jej tre\u015bci\u0105. Z wszystkimi zadaniami poradzili sobie z nimi znakomicie i po z\u0142o\u017ceniu przyrzeczenia \u201e<em>B\u0119dziemy dba\u0107 o ksi\u0105\u017cki, krzywdy zrobi\u0107 im nie damy!\u201d <\/em>m\u0142odzi czytelnicy zostali przez s\u0142onia Elmera Pasowani na Czytelnika Biblioteki w Mierz\u0119cicach. Po wpisaniu si\u0119 do Bibliotecznej Ksi\u0119gi Pami\u0105tkowej Nowej Braci Czytelniczej wszystkie dzieci otrzyma\u0142y ksi\u0105\u017ck\u0119 oraz dyplomy i drobne upominki. Nast\u0119pnie dzieci razem z Elmerem zesz\u0142y do wypo\u017cyczalni, gdzie zosta\u0142y za\u0142o\u017cone karty czytelnika i ka\u017cdy m\u00f3g\u0142 wypo\u017cyczy\u0107 dla siebie ksi\u0105\u017ck\u0119.<\/p>\n<p>&nbsp;<\/p>\n<p>Nades\u0142a\u0142a: M.Bijak, Gminna Biblioteka Publiczna w Mierz\u0119cicach<\/p>\n<p>&nbsp;<\/p>\n","protected":false},"excerpt":{"rendered":"<p>S\u0142o\u0144 Elmer w Bibliotece W ramach XV Og\u00f3lnopolskiego Tygodnia Czytania Dzieciom Gminn\u0105 Bibliotek\u0119 Publiczn\u0105 w Mierz\u0119cicach odwiedzi\u0142 kolorowy s\u0142o\u0144 Elmer, bohater ksi\u0105\u017cek angielskiego pisarza Davida McKee. Podczas og\u00f3lnopolskiego Tygodnia Czytania organizowanego co roku przez Fundacj\u0119 ABCXXI \u201eCa\u0142a Polska Czyta Dzieciom\u201d biblioteka przygotowa\u0142a dla dzieci cykl spotka\u0144 z weso\u0142ym s\u0142oniem w kratk\u0119 pt. \u201eSpotkanie z Elmerem\u201d.<\/p>\n","protected":false},"author":3,"featured_media":7819,"comment_status":"closed","ping_status":"closed","sticky":false,"template":"","format":"standard","meta":{"_acf_changed":false,"_exactmetrics_skip_tracking":false,"_exactmetrics_sitenote_active":false,"_exactmetrics_sitenote_note":"","_exactmetrics_sitenote_category":0,"footnotes":""},"categories":[723],"tags":[142,280],"class_list":["post-7817","post","type-post","status-publish","format-standard","has-post-thumbnail","hentry","category-nr-22-lipiec-2016","tag-gminna-biblioteka-publiczna-w-mierzecicach","tag-ogolnopolski-tydzien-czytania-dzieciom"],"acf":[],"jetpack_featured_media_url":"https:\/\/slaskipegaz.bs.katowice.pl\/wp-content\/uploads\/2016\/07\/IMG_0047.jpg","_links":{"self":[{"href":"https:\/\/slaskipegaz.bs.katowice.pl\/index.php?rest_route=\/wp\/v2\/posts\/7817","targetHints":{"allow":["GET"]}}],"collection":[{"href":"https:\/\/slaskipegaz.bs.katowice.pl\/index.php?rest_route=\/wp\/v2\/posts"}],"about":[{"href":"https:\/\/slaskipegaz.bs.katowice.pl\/index.php?rest_route=\/wp\/v2\/types\/post"}],"author":[{"embeddable":true,"href":"https:\/\/slaskipegaz.bs.katowice.pl\/index.php?rest_route=\/wp\/v2\/users\/3"}],"replies":[{"embeddable":true,"href":"https:\/\/slaskipegaz.bs.katowice.pl\/index.php?rest_route=%2Fwp%2Fv2%2Fcomments&post=7817"}],"version-history":[{"count":1,"href":"https:\/\/slaskipegaz.bs.katowice.pl\/index.php?rest_route=\/wp\/v2\/posts\/7817\/revisions"}],"predecessor-version":[{"id":7820,"href":"https:\/\/slaskipegaz.bs.katowice.pl\/index.php?rest_route=\/wp\/v2\/posts\/7817\/revisions\/7820"}],"wp:featuredmedia":[{"embeddable":true,"href":"https:\/\/slaskipegaz.bs.katowice.pl\/index.php?rest_route=\/wp\/v2\/media\/7819"}],"wp:attachment":[{"href":"https:\/\/slaskipegaz.bs.katowice.pl\/index.php?rest_route=%2Fwp%2Fv2%2Fmedia&parent=7817"}],"wp:term":[{"taxonomy":"category","embeddable":true,"href":"https:\/\/slaskipegaz.bs.katowice.pl\/index.php?rest_route=%2Fwp%2Fv2%2Fcategories&post=7817"},{"taxonomy":"post_tag","embeddable":true,"href":"https:\/\/slaskipegaz.bs.katowice.pl\/index.php?rest_route=%2Fwp%2Fv2%2Ftags&post=7817"}],"curies":[{"name":"wp","href":"https:\/\/api.w.org\/{rel}","templated":true}]}}