{"id":8127,"date":"2016-08-09T14:32:37","date_gmt":"2016-08-09T12:32:37","guid":{"rendered":"http:\/\/slaskipegaz.bs.katowice.pl\/?p=8127"},"modified":"2016-08-09T14:32:37","modified_gmt":"2016-08-09T12:32:37","slug":"projekt-edukacyjny-wykielkuj-na-rynku-pracy","status":"publish","type":"post","link":"https:\/\/slaskipegaz.bs.katowice.pl\/?p=8127","title":{"rendered":"Projekt edukacyjny \u201eWykie\u0142kuj na rynku pracy&#8221;"},"content":{"rendered":"<h6 style=\"text-align: center;\"><strong>\u201eWykie\u0142kuj na rynku pracy\u201d &#8211; w twojej bibliotece. Zapraszamy do projektu wspieraj\u0105cego osoby m\u0142ode na rynku pracy<\/strong><\/h6>\n<p><a href=\"https:\/\/slaskipegaz.bs.katowice.pl\/wp-content\/uploads\/2016\/08\/plakat.jpg\" rel=\"attachment wp-att-8129\"><img loading=\"lazy\" decoding=\"async\" class=\"size-medium wp-image-8129 alignleft\" src=\"https:\/\/slaskipegaz.bs.katowice.pl\/wp-content\/uploads\/2016\/08\/plakat-209x300.jpg\" alt=\"obraz\" width=\"209\" height=\"300\" srcset=\"https:\/\/slaskipegaz.bs.katowice.pl\/wp-content\/uploads\/2016\/08\/plakat-209x300.jpg 209w, https:\/\/slaskipegaz.bs.katowice.pl\/wp-content\/uploads\/2016\/08\/plakat-768x1102.jpg 768w, https:\/\/slaskipegaz.bs.katowice.pl\/wp-content\/uploads\/2016\/08\/plakat-714x1024.jpg 714w, https:\/\/slaskipegaz.bs.katowice.pl\/wp-content\/uploads\/2016\/08\/plakat.jpg 1200w\" sizes=\"auto, (max-width: 209px) 100vw, 209px\" \/><\/a>Do\u0142\u0105cz do programu edukacyjnego \u201eWykie\u0142kuj na rynku pracy\u201d. Jego celem jest podniesienie kompetencji m\u0142odych os\u00f3b wchodz\u0105cych na rynek pracy poprzez cykl warsztat\u00f3w lub spotka\u0144 edukacyjnych prowadzonych przez bibliotekarzy w lokalnych bibliotekach publicznych.<!--more--><\/p>\n<p>W programie mog\u0105 wzi\u0105\u0107 udzia\u0142 biblioteki publiczne, kt\u00f3re wyra\u017c\u0105 zgod\u0119 na przeprowadzenie oraz niewielkie wsparcie przy organizacji badania w\u015br\u00f3d uczestnik\u00f3w projektu. Badanie realizowane jest w ramach pracy doktorskiej mgr Magdaleny Paul w Instytucie Informacji Naukowej i Studi\u00f3w Bibliologicznych Uniwersytetu Warszawskiego pod kierunkiem dr hab. Ma\u0142gorzaty Kisilowskiej.<\/p>\n<p><strong>Beneficjenci projektu<\/strong><\/p>\n<p>Projekt \u201eWykie\u0142kuj na rynku pracy\u201d ma na celu podniesienie kompetencji m\u0142odych os\u00f3b, kt\u00f3re dopiero planuj\u0105 wej\u015bcie na rynek pracy lub stawiaj\u0105 na nim pierwsze kroki. Skierowany jest do dw\u00f3ch grup odbiorc\u00f3w:<\/p>\n<ul>\n<li>uczniowie II i III klas lice\u00f3w og\u00f3lnokszta\u0142c\u0105cych,<\/li>\n<li>studenci ostatnich lat studi\u00f3w i absolwenci szk\u00f3\u0142 wy\u017cszych (maksymalnie 1 rok od uko\u0144czenia nauki), kt\u00f3rzy nie mog\u0105 znale\u017a\u0107 pracy.<\/li>\n<\/ul>\n<p>Dlaczego wa\u017cne jest, aby w\u0142a\u015bnie m\u0142odzi ludzie wzi\u0119li w nim udzia\u0142? Badania bezrobocia prowadzone przez G\u0142\u00f3wny Urz\u0105d Statystyczny pokazuj\u0105, \u017ce osoby m\u0142ode s\u0105 szczeg\u00f3lnie zagro\u017cone bezrobociem w Polsce. W marcu 2014 roku osoby do 24. roku \u017cycia stanowi\u0142y ponad jedn\u0105 czwart\u0105 liczby nowo zarejestrowanych (27,9%) os\u00f3b bez pracy. Absolwenci szk\u00f3\u0142 stanowili 10,8% nowo zarejestrowanych bezrobotnych (w\u015br\u00f3d nich jedna czwarta to absolwenci szk\u00f3\u0142 wy\u017cszych do 27 roku \u017cycia).<\/p>\n<p><strong>Nazwa projektu<\/strong><\/p>\n<p>Nasiona i wyrastaj\u0105ce z nich kie\u0142ki s\u0105 metafor\u0105 sytuacji m\u0142odych os\u00f3b na rynku pracy, kt\u00f3re musz\u0105 najpierw \u201eprzebi\u0107 si\u0119 na powierzchni\u0119\u201d, a nast\u0119pnie odnale\u017a\u0107 w nowym \u015brodowisku. Stopniowe kie\u0142kowanie i wzrastanie ro\u015blin to r\u00f3wnie\u017c odniesienie do wp\u0142ywu projektu, kt\u00f3ry pojawi\u0107 si\u0119 mo\u017ce dopiero po pewnym czasie od jego zako\u0144czenia.<\/p>\n<p><strong>Formy wsparcia<\/strong><\/p>\n<p>Wsparcie bibliotekarzy, kt\u00f3rzy zdecyduj\u0105 si\u0119 na podj\u0119cie dzia\u0142a\u0144 w ramach projektu, obejmowa\u0107 b\u0119dzie:<\/p>\n<ul>\n<li>dost\u0119p do poradnika metodycznego wraz z przyk\u0142adowymi scenariuszami zaj\u0119\u0107,<\/li>\n<li>dost\u0119p do przetestowanych w ramach pilota\u017cu materia\u0142\u00f3w na zaj\u0119cia (prezentacje multimedialne, karty \u0107wicze\u0144, cz\u0119\u015bciowo w formie gier, materia\u0142y dla uczestnik\u00f3w do pracy indywidualnej),<\/li>\n<li>dost\u0119p do przyk\u0142adowych materia\u0142\u00f3w promocyjnych,<\/li>\n<li>wsparcie w formie webinarium wst\u0119pnego przed rozpocz\u0119ciem projektu (planowany termin to pocz\u0105tek wrze\u015bnia 2016 r.) oraz w razie potrzeby kolejnych spotka\u0144 online; w przypadku wi\u0119kszego zainteresowania mo\u017cliwe by\u0142oby tak\u017ce zorganizowanie spotka\u0144 \u201ena \u017cywo\u201d,<\/li>\n<li>wsparcie indywidualne w czasie prowadzenia projektu (drog\u0105 mailow\u0105, telefonicznie, via Skype).<\/li>\n<\/ul>\n<p><strong>Proponowana tematyka spotka\u0144<\/strong><\/p>\n<ol>\n<li>Budowanie w\u0142asnej \u015bcie\u017cki kariery, w tym:\n<ul>\n<li>wst\u0119pna rozmowa na temat dotychczasowych do\u015bwiadcze\u0144 z prac\u0105 i plan\u00f3w<br \/>\nna przysz\u0142o\u015b\u0107<\/li>\n<li>dwie strategie zachowania na rynku pracy i w pracy \u2013 rywalizacja czy wsp\u00f3\u0142praca<\/li>\n<li>praca nad okre\u015bleniem w\u0142asnych warto\u015bci, motywacji i cel\u00f3w zawodowych<\/li>\n<\/ul>\n<\/li>\n<li>Wyszukiwanie informacji o pracy, w tym pracy za granic\u0105<\/li>\n<li>Przygotowanie CV (klasyczne, kompetencyjne, europejskie, niestandardowe)<\/li>\n<li>Przygotowanie listu motywacyjnego<\/li>\n<li>Portale spo\u0142eczno\u015bciowe a poszukiwanie pracy<\/li>\n<li>Rozmowa o prac\u0119<\/li>\n<li>Instytucje rynku pracy (urz\u0119dy pracy, biura karier)<\/li>\n<li>Prawo pracy \u2013 podstawy, a tak\u017ce zagadnienia zwi\u0105zane z mobbingiem<\/li>\n<li>Sta\u017ce i praktyki<\/li>\n<li>Samodoskonalenie, m.in. \u017ar\u00f3d\u0142a informacji o mo\u017cliwo\u015bciach pozaformalnego podnoszenia swoich kompetencji<\/li>\n<li>Zarz\u0105dzanie sob\u0105 w czasie<\/li>\n<\/ol>\n<p><strong>Zg\u0142oszenia<\/strong><\/p>\n<p><strong>\u00a0<\/strong>Aby zg\u0142osi\u0107 si\u0119 do programu, nale\u017cy do dnia 15 wrze\u015bnia 2016 r. wype\u0142ni\u0107 ankiet\u0119 dost\u0119pn\u0105 pod adresem: https:\/\/goo.gl\/forms\/Z9q6k4OVknYu9LLL2.<\/p>\n<p><strong>\u00a0Kontakt<\/strong><\/p>\n<p>Je\u015bli maj\u0105 Pa\u0144stwo pytania lub chc\u0105 dowiedzie\u0107 si\u0119 wi\u0119cej o projekcie \u201eWykie\u0142kuj na rynku pracy\u201d lub moim projekcie badawczym, uprzejmie prosz\u0119 o kontakt:<\/p>\n<ul>\n<li>adres e-mail: magdaa.paul@gmail.com<\/li>\n<li>tel: +48 669 071 484<\/li>\n<li>adres do korespondencji: Magdalena Paul, Instytut Informacji Naukowej i Studi\u00f3w Bibliologicznych UW Nowy \u015awiat 69, 00-927 Warszawa<\/li>\n<\/ul>\n<p><a href=\"https:\/\/slaskipegaz.bs.katowice.pl\/wp-content\/uploads\/2016\/08\/Wykie\u0142kuj-na-rynku-pracy-zaproszenie.pdf\" rel=\"\">Wykie\u0142kuj na rynku pracy &#8211; zaproszenie<\/a><\/p>\n<p>Nades\u0142a\u0142a: Magdalena Paul, IINiSB UW<\/p>\n","protected":false},"excerpt":{"rendered":"<p>\u201eWykie\u0142kuj na rynku pracy\u201d &#8211; w twojej bibliotece. Zapraszamy do projektu wspieraj\u0105cego osoby m\u0142ode na rynku pracy Do\u0142\u0105cz do programu edukacyjnego \u201eWykie\u0142kuj na rynku pracy\u201d. Jego celem jest podniesienie kompetencji m\u0142odych os\u00f3b wchodz\u0105cych na rynek pracy poprzez cykl warsztat\u00f3w lub spotka\u0144 edukacyjnych prowadzonych przez bibliotekarzy w lokalnych bibliotekach publicznych.<\/p>\n","protected":false},"author":3,"featured_media":8129,"comment_status":"closed","ping_status":"closed","sticky":false,"template":"","format":"standard","meta":{"_acf_changed":false,"_exactmetrics_skip_tracking":false,"_exactmetrics_sitenote_active":false,"_exactmetrics_sitenote_note":"","_exactmetrics_sitenote_category":0,"footnotes":""},"categories":[6,790],"tags":[801,800],"class_list":["post-8127","post","type-post","status-publish","format-standard","has-post-thumbnail","hentry","category-aktualnosci","category-nr-24-wrzesien-2016","tag-projekt-edukacyjny","tag-wykielkuj-na-rynku-pracy"],"acf":[],"jetpack_featured_media_url":"https:\/\/slaskipegaz.bs.katowice.pl\/wp-content\/uploads\/2016\/08\/plakat.jpg","_links":{"self":[{"href":"https:\/\/slaskipegaz.bs.katowice.pl\/index.php?rest_route=\/wp\/v2\/posts\/8127","targetHints":{"allow":["GET"]}}],"collection":[{"href":"https:\/\/slaskipegaz.bs.katowice.pl\/index.php?rest_route=\/wp\/v2\/posts"}],"about":[{"href":"https:\/\/slaskipegaz.bs.katowice.pl\/index.php?rest_route=\/wp\/v2\/types\/post"}],"author":[{"embeddable":true,"href":"https:\/\/slaskipegaz.bs.katowice.pl\/index.php?rest_route=\/wp\/v2\/users\/3"}],"replies":[{"embeddable":true,"href":"https:\/\/slaskipegaz.bs.katowice.pl\/index.php?rest_route=%2Fwp%2Fv2%2Fcomments&post=8127"}],"version-history":[{"count":1,"href":"https:\/\/slaskipegaz.bs.katowice.pl\/index.php?rest_route=\/wp\/v2\/posts\/8127\/revisions"}],"predecessor-version":[{"id":8130,"href":"https:\/\/slaskipegaz.bs.katowice.pl\/index.php?rest_route=\/wp\/v2\/posts\/8127\/revisions\/8130"}],"wp:featuredmedia":[{"embeddable":true,"href":"https:\/\/slaskipegaz.bs.katowice.pl\/index.php?rest_route=\/wp\/v2\/media\/8129"}],"wp:attachment":[{"href":"https:\/\/slaskipegaz.bs.katowice.pl\/index.php?rest_route=%2Fwp%2Fv2%2Fmedia&parent=8127"}],"wp:term":[{"taxonomy":"category","embeddable":true,"href":"https:\/\/slaskipegaz.bs.katowice.pl\/index.php?rest_route=%2Fwp%2Fv2%2Fcategories&post=8127"},{"taxonomy":"post_tag","embeddable":true,"href":"https:\/\/slaskipegaz.bs.katowice.pl\/index.php?rest_route=%2Fwp%2Fv2%2Ftags&post=8127"}],"curies":[{"name":"wp","href":"https:\/\/api.w.org\/{rel}","templated":true}]}}