{"id":8222,"date":"2016-09-01T12:44:53","date_gmt":"2016-09-01T10:44:53","guid":{"rendered":"http:\/\/slaskipegaz.bs.katowice.pl\/?p=8222"},"modified":"2016-09-01T12:45:15","modified_gmt":"2016-09-01T10:45:15","slug":"zapowiedz-biblioteka-publiczna-gminy-klobuck-5","status":"publish","type":"post","link":"https:\/\/slaskipegaz.bs.katowice.pl\/?p=8222","title":{"rendered":"[Zapowied\u017a] BIBLIOTEKA PUBLICZNA GMINY K\u0141OBUCK"},"content":{"rendered":"<h6 style=\"text-align: center;\">Narodowe Czytanie 2016<\/h6>\n<p><a href=\"https:\/\/slaskipegaz.bs.katowice.pl\/wp-content\/uploads\/2016\/09\/plakat-sienkiewicz.jpg\" rel=\"attachment wp-att-8223\"><img loading=\"lazy\" decoding=\"async\" class=\"size-medium wp-image-8223 alignleft\" src=\"https:\/\/slaskipegaz.bs.katowice.pl\/wp-content\/uploads\/2016\/09\/plakat-sienkiewicz-212x300.jpg\" alt=\"czytanie\" width=\"212\" height=\"300\" srcset=\"https:\/\/slaskipegaz.bs.katowice.pl\/wp-content\/uploads\/2016\/09\/plakat-sienkiewicz-212x300.jpg 212w, https:\/\/slaskipegaz.bs.katowice.pl\/wp-content\/uploads\/2016\/09\/plakat-sienkiewicz.jpg 566w\" sizes=\"auto, (max-width: 212px) 100vw, 212px\" \/><\/a>W sobot\u0119 3 wrze\u015bnia b.r. o godzinie 10:00 rozpocznie si\u0119 na k\u0142obuckim Rynku Jana Paw\u0142a II Narodowe Czytanie \u201eQuo vadis\u201d. Imprez\u0119 po raz drugi organizuj\u0105: Filia nr 1 Biblioteki Publicznej Gminy K\u0142obuck oraz Publiczna Biblioteka Pedagogiczna RODN \u201eWOM\u201d w Cz\u0119stochowie Filia w K\u0142obucku. Partnerem tego wydarzenia jest Zesp\u00f3\u0142 Szk\u00f3\u0142 nr 3 w K\u0142obucku.<!--more--><\/p>\n<p>Wybrane fragmenty powie\u015bci Sienkiewicza przeczytaj\u0105: Magdalena Kasprzak, sekretarz Gminy K\u0142obuck,\u00a0 Maria Krupa, emerytowana nauczycielka i malarka, Zofia Trzepi\u00f3ra-Noga, poetka i malarka, Kamil Raczy\u0144ski, rzecznik Prasowy Komendy Powiatowej Policji w K\u0142obucku, Stanis\u0142aw Pucha\u0142a, s\u0119dzia w stanie spoczynku. Dodatkowo w tym roku czytanie wzbogacone zostanie scenk\u0105 w wykonaniu m\u0142odzie\u017cy z grupy Mix-Art.<\/p>\n<p>Na zako\u0144czenie Ewa Jakubowska i Beata Hyra, nauczycielki ze Szko\u0142y Podstawowej nr 2 w K\u0142obucku poprowadz\u0105 Quiz wiedzy o \u017cyciu i tw\u00f3rczo\u015bci H. Sienkiewicza. Ch\u0119tni do wzi\u0119cia udzia\u0142u w quizie proszeni s\u0105 o zapisywanie si\u0119 u organizator\u00f3w w terminie od 16 do 31 sierpnia. Wydarzeniu towarzyszy\u0107\u00a0 b\u0119dzie wystawa \u201ePortret Sienkiewicza s\u0142owem malowany\u201d i stoisko z ksi\u0105\u017ckami, na kt\u00f3rym b\u0119dzie mo\u017cna zakupi\u0107 egzemplarz \u201eQuo vadis\u201d.<\/p>\n<p>Impreza ma charakter og\u00f3lnopolski pod patronatem Pary Prezydenckiej. W K\u0142obucku Narodowe Czytanie patronatem honorowym obj\u0105\u0142 burmistrz K\u0142obucka, Jerzy Zakrzewski.<\/p>\n<p>Narodowe Czytanie poprzedzi Tydzie\u0144 z Sienkiewiczem. W dniach 29 sierpnia \u2013 2 wrze\u015bnia, b\u0119dzie mo\u017cna:<\/p>\n<ul>\n<li>wzi\u0105\u0107 udzia\u0142 w Dyskusyjnym Klubie Ksi\u0105\u017cki \u2013 dyskusja o tw\u00f3rczo\u015bci noblisty (Filia nr 1, ul. Orzeszkowej 44 pi\u0105tek 02.09, godz. 16:30),<\/li>\n<li>obejrze\u0107 na kanale Youtube oraz profilach spo\u0142eczno\u015bciowych bibliotek i szko\u0142y na FB filmow\u0105 sond\u0119 uliczn\u0105 \u201eCo wiem o Sienkiewiczu?\u201d, przygotowan\u0105 przez uczni\u00f3w Zespo\u0142u Szk\u00f3\u0142 nr 3 w K\u0142obucku,<\/li>\n<li>rozwi\u0105za\u0107 literackie gry i zagadki zwi\u0105zane z \u017cyciem i tw\u00f3rczo\u015bci\u0105 Henryka Sienkiewicza dost\u0119pne w aplikacji Learning Apps na stronach bibliotek na FB,<\/li>\n<li>obejrze\u0107 wystaw\u0119 \u201ePortret Sienkiewicza s\u0142owem malowany\u201d w Filii nr 1.<\/li>\n<\/ul>\n","protected":false},"excerpt":{"rendered":"<p>Narodowe Czytanie 2016 W sobot\u0119 3 wrze\u015bnia b.r. o godzinie 10:00 rozpocznie si\u0119 na k\u0142obuckim Rynku Jana Paw\u0142a II Narodowe Czytanie \u201eQuo vadis\u201d. Imprez\u0119 po raz drugi organizuj\u0105: Filia nr 1 Biblioteki Publicznej Gminy K\u0142obuck oraz Publiczna Biblioteka Pedagogiczna RODN \u201eWOM\u201d w Cz\u0119stochowie Filia w K\u0142obucku. Partnerem tego wydarzenia jest Zesp\u00f3\u0142 Szk\u00f3\u0142 nr 3 w &hellip; <a href=\"https:\/\/slaskipegaz.bs.katowice.pl\/?p=8222\" class=\"more-link\">Czytaj dalej <span class=\"screen-reader-text\">[Zapowied\u017a] BIBLIOTEKA PUBLICZNA GMINY K\u0141OBUCK<\/span> <span class=\"meta-nav\">&rarr;<\/span><\/a><\/p>\n","protected":false},"author":3,"featured_media":0,"comment_status":"closed","ping_status":"closed","sticky":false,"template":"","format":"standard","meta":{"_acf_changed":false,"_exactmetrics_skip_tracking":false,"_exactmetrics_sitenote_active":false,"_exactmetrics_sitenote_note":"","_exactmetrics_sitenote_category":0,"footnotes":""},"categories":[6],"tags":[773,797],"class_list":["post-8222","post","type-post","status-publish","format-standard","hentry","category-aktualnosci","tag-henryk-sienkiewicz","tag-narodowe-czytanie-2016"],"acf":[],"jetpack_featured_media_url":"","_links":{"self":[{"href":"https:\/\/slaskipegaz.bs.katowice.pl\/index.php?rest_route=\/wp\/v2\/posts\/8222","targetHints":{"allow":["GET"]}}],"collection":[{"href":"https:\/\/slaskipegaz.bs.katowice.pl\/index.php?rest_route=\/wp\/v2\/posts"}],"about":[{"href":"https:\/\/slaskipegaz.bs.katowice.pl\/index.php?rest_route=\/wp\/v2\/types\/post"}],"author":[{"embeddable":true,"href":"https:\/\/slaskipegaz.bs.katowice.pl\/index.php?rest_route=\/wp\/v2\/users\/3"}],"replies":[{"embeddable":true,"href":"https:\/\/slaskipegaz.bs.katowice.pl\/index.php?rest_route=%2Fwp%2Fv2%2Fcomments&post=8222"}],"version-history":[{"count":1,"href":"https:\/\/slaskipegaz.bs.katowice.pl\/index.php?rest_route=\/wp\/v2\/posts\/8222\/revisions"}],"predecessor-version":[{"id":8224,"href":"https:\/\/slaskipegaz.bs.katowice.pl\/index.php?rest_route=\/wp\/v2\/posts\/8222\/revisions\/8224"}],"wp:attachment":[{"href":"https:\/\/slaskipegaz.bs.katowice.pl\/index.php?rest_route=%2Fwp%2Fv2%2Fmedia&parent=8222"}],"wp:term":[{"taxonomy":"category","embeddable":true,"href":"https:\/\/slaskipegaz.bs.katowice.pl\/index.php?rest_route=%2Fwp%2Fv2%2Fcategories&post=8222"},{"taxonomy":"post_tag","embeddable":true,"href":"https:\/\/slaskipegaz.bs.katowice.pl\/index.php?rest_route=%2Fwp%2Fv2%2Ftags&post=8222"}],"curies":[{"name":"wp","href":"https:\/\/api.w.org\/{rel}","templated":true}]}}