{"id":8270,"date":"2016-09-02T10:14:15","date_gmt":"2016-09-02T08:14:15","guid":{"rendered":"http:\/\/slaskipegaz.bs.katowice.pl\/?p=8270"},"modified":"2016-09-02T10:14:15","modified_gmt":"2016-09-02T08:14:15","slug":"relacja-miejsko-gminna-biblioteka-publiczna-w-siewierzu-filia-w-wojkowicach-koscielnych-6","status":"publish","type":"post","link":"https:\/\/slaskipegaz.bs.katowice.pl\/?p=8270","title":{"rendered":"[Relacja] MIEJSKO-GMINNA BIBLIOTEKA PUBLICZNA W SIEWIERZU. FILIA W WOJKOWICACH KO\u015aCIELNYCH"},"content":{"rendered":"<h6 style=\"text-align: right;\">\u201eWakacyjne hece w bibliotece\u201d w Wojkowicach Ko\u015bcielnych ju\u017c za nami!!!!<\/h6>\n<p><a href=\"https:\/\/slaskipegaz.bs.katowice.pl\/wp-content\/uploads\/2016\/09\/DSCN1688.jpg\" rel=\"attachment wp-att-8271\"><img loading=\"lazy\" decoding=\"async\" class=\"size-medium wp-image-8271 alignleft\" src=\"https:\/\/slaskipegaz.bs.katowice.pl\/wp-content\/uploads\/2016\/09\/DSCN1688-300x225.jpg\" alt=\"zaj\u0119cia\" width=\"300\" height=\"225\" srcset=\"https:\/\/slaskipegaz.bs.katowice.pl\/wp-content\/uploads\/2016\/09\/DSCN1688-300x225.jpg 300w, https:\/\/slaskipegaz.bs.katowice.pl\/wp-content\/uploads\/2016\/09\/DSCN1688-768x576.jpg 768w, https:\/\/slaskipegaz.bs.katowice.pl\/wp-content\/uploads\/2016\/09\/DSCN1688-1024x768.jpg 1024w\" sizes=\"auto, (max-width: 300px) 100vw, 300px\" \/><\/a>Jak co roku w lipcu i w sierpniu w filii bibliotecznej w Wojkowicach Ko\u015bcielnych zorganizowane zosta\u0142y dla dzieci wakacyjne zaj\u0119cia plastyczno-literackie. Wzorem lat ubieg\u0142ych zaj\u0119cia te realizowane by\u0142y w ramach og\u00f3lnopolskiej kampanii \u201eZachowaj trze\u017awy umys\u0142\u201d pod has\u0142em \u201ePod dobr\u0105 opiek\u0105\u201d.<!--more--><\/p>\n<p>Og\u00f3\u0142em odby\u0142o si\u0119 15 spotka\u0144, w kt\u00f3rych uczestniczy\u0142o 35 dzieci w wieku od trzech do dwunastu lat, a \u0142\u0105czna frekwencja wynios\u0142a 167 odwiedzin. Tematyka i poziom merytoryczny spotka\u0144 by\u0142a dostosowana do wieku uczestnik\u00f3w.<\/p>\n<p>Szczeg\u00f3lny nacisk po\u0142o\u017cony zosta\u0142 na szeroko rozumiane zachowanie bezpiecze\u0144stwa oraz ochrona zdrowia i \u017cycia. Najwa\u017cniejszym celem spotka\u0144 by\u0142o u\u015bwiadomienie dzieciom, \u017ce wolny czas mo\u017cna sp\u0119dzi\u0107 bezpiecznie, zdrowo i pod dobr\u0105 opiek\u0105. Ka\u017cde zaj\u0119cia rozpoczyna\u0142y si\u0119 od pogadanek p<strong>r<\/strong>omuj\u0105cych i kszta\u0142tuj\u0105cych zdrowy styl \u017cycia: \u201e<em>Jak dba\u0107 o swoje zdrowie\u201d, \u201eZdrowie na talerzu\u201d, \u201eRuch to zdrowie\u201d, \u201eBezpiecznie nad wod\u0105\u201d, \u201ePierwsza pomoc\u201d, \u201eBezpiecznie w lesie\u201d. <\/em>Podczas zaj\u0119\u0107 dzieci poznawa\u0142y i utrwala\u0142y sobie numery alarmowe, poznawa\u0142y zasady zachowania si\u0119 podczas kontaktu z osobami nieznajomymi, uczy\u0142y si\u0119, jak si\u0119 w\u0142a\u015bciwe od\u017cywia\u0107, co im szkodzi, a co nie. Pogadankom towarzyszy\u0142y zawsze zaj\u0119cia plastyczne, podczas kt\u00f3rych powsta\u0142y: piramidy \u017cywno\u015bci, plakaty promuj\u0105ce zdrowy styl \u017cycia.<\/p>\n<p>Bezpiecznemu i \u201epod dobr\u0105 opiek\u0105\u201d sp\u0119dzaniu czasu w okresie wakacji po\u015bwi\u0119cone by\u0142o spotkanie z policjantem m\u0142odszym aspirantem Panem Marcinem Welonem. Opowiada\u0142 o bezpiecze\u0144stwie na drodze, podczas jazdy na rowerze, o bezpiecznym zachowaniu si\u0119 zar\u00f3wno w domu jak i podczas wakacyjnych podr\u00f3\u017cy, o bezpiecznej k\u0105pieli tylko w dozwolonych miejscach i pod opiek\u0105 doros\u0142ych. Uczula\u0142, jak si\u0119 zachowa\u0107 w kontaktach z nieznajomymi. Szczeg\u00f3ln\u0105 uwag\u0119 po\u015bwi\u0119ci\u0142 r\u00f3wnie\u017c problemowi bezpiecze\u0144stwa w sieci. Zwraca\u0142 uwag\u0119 dzieci na zagro\u017cenia, jakie czyhaj\u0105 na nie w Internecie.<\/p>\n<p><a href=\"https:\/\/slaskipegaz.bs.katowice.pl\/wp-content\/uploads\/2016\/09\/DSCN1604.jpg\" rel=\"attachment wp-att-8272\"><img loading=\"lazy\" decoding=\"async\" class=\"aligncenter size-medium wp-image-8272\" src=\"https:\/\/slaskipegaz.bs.katowice.pl\/wp-content\/uploads\/2016\/09\/DSCN1604-300x225.jpg\" alt=\"zaj\u0119cia\" width=\"300\" height=\"225\" srcset=\"https:\/\/slaskipegaz.bs.katowice.pl\/wp-content\/uploads\/2016\/09\/DSCN1604-300x225.jpg 300w, https:\/\/slaskipegaz.bs.katowice.pl\/wp-content\/uploads\/2016\/09\/DSCN1604-768x576.jpg 768w, https:\/\/slaskipegaz.bs.katowice.pl\/wp-content\/uploads\/2016\/09\/DSCN1604-1024x768.jpg 1024w\" sizes=\"auto, (max-width: 300px) 100vw, 300px\" \/><\/a><\/p>\n<p>Z kolei przedstawicielka Nadle\u015bnictwa Siewierz Pani Agnieszka Zawada-Pi\u0105tkowska m\u00f3wi\u0142a, w jaki spos\u00f3b nale\u017cy zachowywa\u0107 si\u0119 w lesie. Opowiada\u0142a o zagro\u017ceniach czyhaj\u0105cych w lesie, co nale\u017cy zrobi\u0107 w przypadku spotkania w lesie np. dzika, uk\u0105szenia przez w\u0119\u017ca czy \u201ez\u0142apania\u201d kleszcza. M\u00f3wi\u0142a tak\u017ce, jak nale\u017cy post\u0119powa\u0107 z rannymi, dzikimi zwierz\u0119tami. Szczeg\u00f3ln\u0105 uwag\u0119 zwr\u00f3ci\u0142a na to, \u017ce dzieci po lesie powinny porusza\u0107 si\u0119 tylko pod opiek\u0105 os\u00f3b doros\u0142ych.<\/p>\n<p>Urozmaiceniem wakacyjnych zaj\u0119\u0107 by\u0142y warsztaty plastyczne, kt\u00f3re poprowadzili Pani Urszula Fujarska i Pan Jan Noszczyk z \u201eOsikowej Doliny\u201d. Pod ich kierunkiem dzieci stworzy\u0142y przepi\u0119kne wielobarwne motyle. Nawi\u0105zuj\u0105c do Roku Henryka Sienkiewicza, kilka spotka\u0144 po\u015bwi\u0119conych by\u0142o powie\u015bci \u201eW pustyni i w puszczy\u201d a dok\u0142adniej tematyce afryka\u0144skiej. Dzieci pozna\u0142y histori\u0119 Stasia i Nel oraz ich tras\u0119 podr\u00f3\u017cy przez Afryk\u0119. Podczas tych zaj\u0119\u0107 powsta\u0142y \u201eafryka\u0144skie wioski\u201d, afryka\u0144skie maski i totemy, instrumenty muzyczne \u201emarakasy\u201d i wiele innych prac, kt\u00f3re mo\u017cna obejrze\u0107 na wystawce w filii bibliotecznej. Na zako\u0144czenie wakacyjnych spotka\u0144 wszyscy otrzymali dyplom uczestnika kampanii \u201eZachowaj trze\u017awy umys\u0142\u201d oraz ksi\u0105\u017ckowe nagrody ufundowane przez Burmistrza Miasta i Gminy Siewierz Pana Zdzis\u0142awa Banasia.<\/p>\n<p>Nades\u0142a\u0142a: Marzena Wac\u0142awek,\u00a0Filia Biblioteczna Wojkowice Ko\u015bcielne<\/p>\n","protected":false},"excerpt":{"rendered":"<p>\u201eWakacyjne hece w bibliotece\u201d w Wojkowicach Ko\u015bcielnych ju\u017c za nami!!!! Jak co roku w lipcu i w sierpniu w filii bibliotecznej w Wojkowicach Ko\u015bcielnych zorganizowane zosta\u0142y dla dzieci wakacyjne zaj\u0119cia plastyczno-literackie. Wzorem lat ubieg\u0142ych zaj\u0119cia te realizowane by\u0142y w ramach og\u00f3lnopolskiej kampanii \u201eZachowaj trze\u017awy umys\u0142\u201d pod has\u0142em \u201ePod dobr\u0105 opiek\u0105\u201d.<\/p>\n","protected":false},"author":3,"featured_media":8272,"comment_status":"closed","ping_status":"closed","sticky":false,"template":"","format":"standard","meta":{"_acf_changed":false,"_exactmetrics_skip_tracking":false,"_exactmetrics_sitenote_active":false,"_exactmetrics_sitenote_note":"","_exactmetrics_sitenote_category":0,"footnotes":""},"categories":[790],"tags":[68,67,304],"class_list":["post-8270","post","type-post","status-publish","format-standard","has-post-thumbnail","hentry","category-nr-24-wrzesien-2016","tag-filia-biblioteczna-w-wojkowicach-koscielnych","tag-miejsko-gminna-biblioteka-publiczna-w-siewierzu","tag-wakacje-w-bibliotece"],"acf":[],"jetpack_featured_media_url":"https:\/\/slaskipegaz.bs.katowice.pl\/wp-content\/uploads\/2016\/09\/DSCN1604.jpg","_links":{"self":[{"href":"https:\/\/slaskipegaz.bs.katowice.pl\/index.php?rest_route=\/wp\/v2\/posts\/8270","targetHints":{"allow":["GET"]}}],"collection":[{"href":"https:\/\/slaskipegaz.bs.katowice.pl\/index.php?rest_route=\/wp\/v2\/posts"}],"about":[{"href":"https:\/\/slaskipegaz.bs.katowice.pl\/index.php?rest_route=\/wp\/v2\/types\/post"}],"author":[{"embeddable":true,"href":"https:\/\/slaskipegaz.bs.katowice.pl\/index.php?rest_route=\/wp\/v2\/users\/3"}],"replies":[{"embeddable":true,"href":"https:\/\/slaskipegaz.bs.katowice.pl\/index.php?rest_route=%2Fwp%2Fv2%2Fcomments&post=8270"}],"version-history":[{"count":1,"href":"https:\/\/slaskipegaz.bs.katowice.pl\/index.php?rest_route=\/wp\/v2\/posts\/8270\/revisions"}],"predecessor-version":[{"id":8273,"href":"https:\/\/slaskipegaz.bs.katowice.pl\/index.php?rest_route=\/wp\/v2\/posts\/8270\/revisions\/8273"}],"wp:featuredmedia":[{"embeddable":true,"href":"https:\/\/slaskipegaz.bs.katowice.pl\/index.php?rest_route=\/wp\/v2\/media\/8272"}],"wp:attachment":[{"href":"https:\/\/slaskipegaz.bs.katowice.pl\/index.php?rest_route=%2Fwp%2Fv2%2Fmedia&parent=8270"}],"wp:term":[{"taxonomy":"category","embeddable":true,"href":"https:\/\/slaskipegaz.bs.katowice.pl\/index.php?rest_route=%2Fwp%2Fv2%2Fcategories&post=8270"},{"taxonomy":"post_tag","embeddable":true,"href":"https:\/\/slaskipegaz.bs.katowice.pl\/index.php?rest_route=%2Fwp%2Fv2%2Ftags&post=8270"}],"curies":[{"name":"wp","href":"https:\/\/api.w.org\/{rel}","templated":true}]}}