{"id":8289,"date":"2016-09-02T11:03:33","date_gmt":"2016-09-02T09:03:33","guid":{"rendered":"http:\/\/slaskipegaz.bs.katowice.pl\/?p=8289"},"modified":"2016-09-02T11:17:20","modified_gmt":"2016-09-02T09:17:20","slug":"relacja-miejska-i-powiatowa-biblioteka-publiczna-w-raciborzu-175","status":"publish","type":"post","link":"https:\/\/slaskipegaz.bs.katowice.pl\/?p=8289","title":{"rendered":"[Relacja] MIEJSKA I POWIATOWA BIBLIOTEKA PUBLICZNA W RACIBORZU"},"content":{"rendered":"<h6 style=\"text-align: center;\">Wielki fina\u0142 \u201eWakacyjnych podr\u00f3\u017cy po literaturze\u201d z raciborsk\u0105 bibliotek\u0105<\/h6>\n<p><a href=\"https:\/\/slaskipegaz.bs.katowice.pl\/wp-content\/uploads\/2016\/09\/DSC02762_Kopiowanie.jpg\" rel=\"attachment wp-att-8292\"><img loading=\"lazy\" decoding=\"async\" class=\"size-medium wp-image-8292 alignleft\" src=\"https:\/\/slaskipegaz.bs.katowice.pl\/wp-content\/uploads\/2016\/09\/DSC02762_Kopiowanie-300x169.jpg\" alt=\"wakacje\" width=\"300\" height=\"169\" srcset=\"https:\/\/slaskipegaz.bs.katowice.pl\/wp-content\/uploads\/2016\/09\/DSC02762_Kopiowanie-300x169.jpg 300w, https:\/\/slaskipegaz.bs.katowice.pl\/wp-content\/uploads\/2016\/09\/DSC02762_Kopiowanie-768x432.jpg 768w, https:\/\/slaskipegaz.bs.katowice.pl\/wp-content\/uploads\/2016\/09\/DSC02762_Kopiowanie-1024x575.jpg 1024w, https:\/\/slaskipegaz.bs.katowice.pl\/wp-content\/uploads\/2016\/09\/DSC02762_Kopiowanie.jpg 1920w\" sizes=\"auto, (max-width: 300px) 100vw, 300px\" \/><\/a>19 spotka\u0144, 3 wycieczki, ponad 1500 uczestnik\u00f3w w wieku od 5 do 17 lat, 316 strzelonych goli, spotkania z pisarzami, warsztaty, ale przede wszystkim mn\u00f3stwo rado\u015bci, weso\u0142ej zabawy i inspiruj\u0105cych podr\u00f3\u017cy po literaturze. Zako\u0144czy\u0142o si\u0119 \u201eLato z bibliotek\u0105\u201d!<!--more--><\/p>\n<p>Tradycyjnie na zako\u0144czenie Lata, dzieci przygotowa\u0142y dla swoich rodzic\u00f3w przedstawienie. Tym razem, w zwi\u0105zku z tematem zaj\u0119\u0107, przypomniano wszystkich bohater\u00f3w poznanych w trakcie dw\u00f3ch miesi\u0119cy, m.in. Pana Kleksa, Pippi czy Alicj\u0119 z Krainy Czar\u00f3w.<\/p>\n<p>W trakcie ostatniego spotkania, dzieci oraz ich rodzice mogli podziwia\u0107 tak\u017ce efekty warsztat\u00f3w tanecznych \u201eUwolnij siebie!\u201d, prowadzonych przez instruktork\u0119 ta\u0144ca nowoczesnego. Na koniec wszyscy otrzymali pami\u0105tkowe dyplomy oraz s\u0142odki pocz\u0119stunek.<\/p>\n<p><a href=\"https:\/\/slaskipegaz.bs.katowice.pl\/wp-content\/uploads\/2016\/09\/DSC02748_Kopiowanie.jpg\" rel=\"attachment wp-att-8293\"><img loading=\"lazy\" decoding=\"async\" class=\"aligncenter size-medium wp-image-8293\" src=\"https:\/\/slaskipegaz.bs.katowice.pl\/wp-content\/uploads\/2016\/09\/DSC02748_Kopiowanie-300x169.jpg\" alt=\"impreza\" width=\"300\" height=\"169\" srcset=\"https:\/\/slaskipegaz.bs.katowice.pl\/wp-content\/uploads\/2016\/09\/DSC02748_Kopiowanie-300x169.jpg 300w, https:\/\/slaskipegaz.bs.katowice.pl\/wp-content\/uploads\/2016\/09\/DSC02748_Kopiowanie-768x432.jpg 768w, https:\/\/slaskipegaz.bs.katowice.pl\/wp-content\/uploads\/2016\/09\/DSC02748_Kopiowanie-1024x575.jpg 1024w, https:\/\/slaskipegaz.bs.katowice.pl\/wp-content\/uploads\/2016\/09\/DSC02748_Kopiowanie.jpg 1920w\" sizes=\"auto, (max-width: 300px) 100vw, 300px\" \/><\/a><\/p>\n<p>Przypomnijmy, w ramach tegorocznego \u201eLata z bibliotek\u0105\u201d, dzieci poznawa\u0142y znanych i lubianych bohater\u00f3w literackich, bra\u0142y udzia\u0142 w zaj\u0119ciach plastycznych, zabawach ruchowych, spotkaniach z pisarzami dla dzieci: Marcinem Pa\u0142aszem, Kazimierzem Szymeczko, Dariuszem Rekoszem i Barbar\u0105 Gawryluk, wycieczkach do Szko\u0142y Magii i Czarodziejstwa na Zamku w Mosznej, do Studia Film\u00f3w Rysunkowych w Bielsku-Bia\u0142ej czy Le\u015bnego Parku Niespodzianek w Ustroniu. Nie zabrak\u0142o tak\u017ce ciekawych warsztat\u00f3w: detektywistycznych, lalkarskich i wspomnianych tanecznych a na fina\u0142 odby\u0142 si\u0119 Bal przebiera\u0144c\u00f3w.<\/p>\n<p>Zdj\u0119cia ze wszystkich wakacyjnych spotka\u0144 s\u0105 dost\u0119pne na stronie internetowej biblioteki: <a href=\"http:\/\/www.biblrac.pl\">www.biblrac.pl<\/a> oraz na Facebooku: <a href=\"http:\/\/www.facebook.com\/biblrac\">www.facebook.com\/biblrac<\/a><\/p>\n<p>Akcj\u0119 \u201eLato z bibliotek\u0105: Wakacyjne podr\u00f3\u017ce po literaturze\u201d dofinansowano ze \u015brodk\u00f3w Ministra Kultury i Dziedzictwa Narodowego.<\/p>\n<p>Nades\u0142a\u0142a: Miejska i Powiatowa Biblioteka Publiczna w Raciborzu<\/p>\n","protected":false},"excerpt":{"rendered":"<p>Wielki fina\u0142 \u201eWakacyjnych podr\u00f3\u017cy po literaturze\u201d z raciborsk\u0105 bibliotek\u0105 19 spotka\u0144, 3 wycieczki, ponad 1500 uczestnik\u00f3w w wieku od 5 do 17 lat, 316 strzelonych goli, spotkania z pisarzami, warsztaty, ale przede wszystkim mn\u00f3stwo rado\u015bci, weso\u0142ej zabawy i inspiruj\u0105cych podr\u00f3\u017cy po literaturze. Zako\u0144czy\u0142o si\u0119 \u201eLato z bibliotek\u0105\u201d!<\/p>\n","protected":false},"author":3,"featured_media":8292,"comment_status":"closed","ping_status":"closed","sticky":false,"template":"","format":"standard","meta":{"_acf_changed":false,"_exactmetrics_skip_tracking":false,"_exactmetrics_sitenote_active":false,"_exactmetrics_sitenote_note":"","_exactmetrics_sitenote_category":0,"footnotes":""},"categories":[790],"tags":[48,304,770],"class_list":["post-8289","post","type-post","status-publish","format-standard","has-post-thumbnail","hentry","category-nr-24-wrzesien-2016","tag-miejska-i-powiatowa-biblioteka-publiczna-w-raciborzu","tag-wakacje-w-bibliotece","tag-wakacyjne-podroze-po-literaturze"],"acf":[],"jetpack_featured_media_url":"https:\/\/slaskipegaz.bs.katowice.pl\/wp-content\/uploads\/2016\/09\/DSC02762_Kopiowanie.jpg","_links":{"self":[{"href":"https:\/\/slaskipegaz.bs.katowice.pl\/index.php?rest_route=\/wp\/v2\/posts\/8289","targetHints":{"allow":["GET"]}}],"collection":[{"href":"https:\/\/slaskipegaz.bs.katowice.pl\/index.php?rest_route=\/wp\/v2\/posts"}],"about":[{"href":"https:\/\/slaskipegaz.bs.katowice.pl\/index.php?rest_route=\/wp\/v2\/types\/post"}],"author":[{"embeddable":true,"href":"https:\/\/slaskipegaz.bs.katowice.pl\/index.php?rest_route=\/wp\/v2\/users\/3"}],"replies":[{"embeddable":true,"href":"https:\/\/slaskipegaz.bs.katowice.pl\/index.php?rest_route=%2Fwp%2Fv2%2Fcomments&post=8289"}],"version-history":[{"count":3,"href":"https:\/\/slaskipegaz.bs.katowice.pl\/index.php?rest_route=\/wp\/v2\/posts\/8289\/revisions"}],"predecessor-version":[{"id":8296,"href":"https:\/\/slaskipegaz.bs.katowice.pl\/index.php?rest_route=\/wp\/v2\/posts\/8289\/revisions\/8296"}],"wp:featuredmedia":[{"embeddable":true,"href":"https:\/\/slaskipegaz.bs.katowice.pl\/index.php?rest_route=\/wp\/v2\/media\/8292"}],"wp:attachment":[{"href":"https:\/\/slaskipegaz.bs.katowice.pl\/index.php?rest_route=%2Fwp%2Fv2%2Fmedia&parent=8289"}],"wp:term":[{"taxonomy":"category","embeddable":true,"href":"https:\/\/slaskipegaz.bs.katowice.pl\/index.php?rest_route=%2Fwp%2Fv2%2Fcategories&post=8289"},{"taxonomy":"post_tag","embeddable":true,"href":"https:\/\/slaskipegaz.bs.katowice.pl\/index.php?rest_route=%2Fwp%2Fv2%2Ftags&post=8289"}],"curies":[{"name":"wp","href":"https:\/\/api.w.org\/{rel}","templated":true}]}}